{"id":578415,"date":"2025-12-04T21:39:21","date_gmt":"2025-12-04T21:39:21","guid":{"rendered":"https:\/\/www.europesays.com\/fr\/578415\/"},"modified":"2025-12-04T21:39:21","modified_gmt":"2025-12-04T21:39:21","slug":"le-noel-de-mary-poppins-par-le-menil-saint-michel","status":"publish","type":"post","link":"https:\/\/www.europesays.com\/fr\/578415\/","title":{"rendered":"Le No\u00ebl de Mary Poppins , par le M\u00e9nil Saint-Michel"},"content":{"rendered":"<p>La troupe du M\u00e9nil Saint-Michel participe \u00e0 la magie de No\u00ebl avec sa nouvelle cr\u00e9ation autour du c\u00e9l\u00e8bre personnage de Disney\u00a0: Mary Poppins. Le soir de No\u00ebl, les Banks doivent trouver en urgence une nouvelle nurse pour garder les enfants. C\u2019est Mary Poppins qui se pr\u00e9sente\u2026<\/p>\n<p class=\"note\">Samedi 6\u00a0d\u00e9cembre \u00e0 15\u00a0h, dimanche 7\u00a0d\u00e9cembre \u00e0 15\u00a0h, dimanche 14\u00a0d\u00e9cembre \u00e0 15\u00a0h, vendredi 19\u00a0d\u00e9cembre \u00e0 20\u00a0h, samedi 20\u00a0d\u00e9cembre \u00e0 20\u00a0h \u00e0 la Halle de Flavigny-sur-Moselle. R\u00e9servations sur www.latroupedumenil.f<\/p>\n","protected":false},"excerpt":{"rendered":"La troupe du M\u00e9nil Saint-Michel participe \u00e0 la magie de No\u00ebl avec sa nouvelle cr\u00e9ation autour du c\u00e9l\u00e8bre&hellip;\n","protected":false},"author":2,"featured_media":578416,"comment_status":"","ping_status":"","sticky":false,"template":"","format":"standard","meta":{"footnotes":""},"categories":[9635],"tags":[1111,11,9848,1687,1704,1777,674,24494,1011,27,775,1702,12,25,3140],"class_list":{"0":"post-578415","1":"post","2":"type-post","3":"status-publish","4":"format-standard","5":"has-post-thumbnail","7":"category-nancy","8":"tag-actu","9":"tag-actualites","10":"tag-cc-moselle-et-madon-54b","11":"tag-culture-loisirs","12":"tag-edition-nancy-et-agglomeration","13":"tag-eu","14":"tag-europe","15":"tag-flavigny-sur-moselle","16":"tag-fr","17":"tag-france","18":"tag-grand-est","19":"tag-nancy","20":"tag-news","21":"tag-republique-francaise","22":"tag-spectacle"},"share_on_mastodon":{"url":"https:\/\/pubeurope.com\/@fr\/115663468285083347","error":""},"_links":{"self":[{"href":"https:\/\/www.europesays.com\/fr\/wp-json\/wp\/v2\/posts\/578415","targetHints":{"allow":["GET"]}}],"collection":[{"href":"https:\/\/www.europesays.com\/fr\/wp-json\/wp\/v2\/posts"}],"about":[{"href":"https:\/\/www.europesays.com\/fr\/wp-json\/wp\/v2\/types\/post"}],"author":[{"embeddable":true,"href":"https:\/\/www.europesays.com\/fr\/wp-json\/wp\/v2\/users\/2"}],"replies":[{"embeddable":true,"href":"https:\/\/www.europesays.com\/fr\/wp-json\/wp\/v2\/comments?post=578415"}],"version-history":[{"count":0,"href":"https:\/\/www.europesays.com\/fr\/wp-json\/wp\/v2\/posts\/578415\/revisions"}],"wp:featuredmedia":[{"embeddable":true,"href":"https:\/\/www.europesays.com\/fr\/wp-json\/wp\/v2\/media\/578416"}],"wp:attachment":[{"href":"https:\/\/www.europesays.com\/fr\/wp-json\/wp\/v2\/media?parent=578415"}],"wp:term":[{"taxonomy":"category","embeddable":true,"href":"https:\/\/www.europesays.com\/fr\/wp-json\/wp\/v2\/categories?post=578415"},{"taxonomy":"post_tag","embeddable":true,"href":"https:\/\/www.europesays.com\/fr\/wp-json\/wp\/v2\/tags?post=578415"}],"curies":[{"name":"wp","href":"https:\/\/api.w.org\/{rel}","templated":true}]}}