{"id":578423,"date":"2025-12-04T21:43:26","date_gmt":"2025-12-04T21:43:26","guid":{"rendered":"https:\/\/www.europesays.com\/fr\/578423\/"},"modified":"2025-12-04T21:43:26","modified_gmt":"2025-12-04T21:43:26","slug":"montpellier-metropole-ouvre-sa-15e-mediatheque-la-premiere-en-france-integree-a-un-conservatoire","status":"publish","type":"post","link":"https:\/\/www.europesays.com\/fr\/578423\/","title":{"rendered":"Montpellier M\u00e9tropole ouvre sa 15e m\u00e9diath\u00e8que, la premi\u00e8re en France int\u00e9gr\u00e9e \u00e0 un conservatoire"},"content":{"rendered":"<p>\n                                                                La Cit\u00e9 des Arts de Montpellier accueille la quinzi\u00e8me m\u00e9diath\u00e8que de la M\u00e9tropole, premi\u00e8re en France int\u00e9gr\u00e9e \u00e0 un conservatoire. Ouverte au public d\u00e8s ce vendredi 5\u00a0d\u00e9cembre, elle propose un fond de 2\u00a0000 ouvrages d\u00e9di\u00e9 aux arts et \u00e0 la musique, mais aussi des platines d\u2019\u00e9coute.\n                            <\/p>\n<p>L\u2019id\u00e9e avait \u00e9t\u00e9 lanc\u00e9e d\u00e8s 2021, lors de l\u2019inauguration du nouvel \u00e9crin du conservatoire \u00e0 rayonnement r\u00e9gional de Montpellier. D\u00e9sormais bien ancr\u00e9e dans le quartier Boutonnet, sur le site de l\u2019ancienne maternit\u00e9 Grasset,<a href=\"https:\/\/www.midilibre.fr\/2021\/08\/30\/le-nouveau-conservatoire-ouvre-ses-portes-et-devoile-ses-projets-9758128.php#:~:text=Le%20directeur%20Patrick%20Pouget%20met,qui%20reste%20encore%20top%20secret.\" target=\"_blank\" rel=\"noopener\"> la Cit\u00e9 des Arts<\/a> vient d\u2019accueillir la quinzi\u00e8me m\u00e9diath\u00e8que du r\u00e9seau m\u00e9tropolitain.<\/p>\n<p>Pour les \u00e9l\u00e8ves et les habitants du quartier<\/p>\n<p>Si cette derni\u00e8re ne porte pas encore de nom, elle poss\u00e8de d\u00e9j\u00e0 une identit\u00e9 propre, logiquement tourn\u00e9e vers les arts et la musique. Et un fond documentaire de 2\u00a0000 ouvrages, que les pensionnaires de la Cit\u00e9 des Arts \u00e9taient jusqu\u2019alors les seuls \u00e0 pouvoir consulter.<\/p>\n<p>\u00ab\u00a0Nous avions identifi\u00e9 qu\u2019il manquait une m\u00e9diath\u00e8que dans ce quartier, indique\u00a0David-Jonathan Benrubi, le directeur du r\u00e9seau des m\u00e9diath\u00e8ques et de la culture scientifique. Cette nouvelle venue est innovante par son c\u00f4t\u00e9 mutualis\u00e9 entre les \u00e9tudiants et les habitants du quartier. Elle r\u00e9pond aussi \u00e0 une question que nous nous posons depuis la perte de vitesse des CDth\u00e8ques\u00a0: comment accompagner la promotion de la musique dans les biblioth\u00e8ques publiques\u00a0?\u00a0\u00bb<\/p>\n<p>        <img decoding=\"async\" class=\"std-img__img responsive-img\" src=\"https:\/\/www.europesays.com\/fr\/wp-content\/uploads\/2025\/12\/1764884606_916_image.jpg\" alt=\"La premi\u00e8re m\u00e9diath\u00e8que en France a \u00eatre int\u00e9gr\u00e9e dans un conservatoire.\"\/><\/p>\n<p>                La premi\u00e8re m\u00e9diath\u00e8que en France a \u00eatre int\u00e9gr\u00e9e dans un conservatoire.<br \/>\n                                    Midi Libre &#8211; JEAN-MICHEL MART<\/p>\n<p>Premi\u00e8re en France a \u00eatre int\u00e9gr\u00e9e dans un conservatoire, cette quinzi\u00e8me m\u00e9diath\u00e8que a pris place dans les 130 m\u00b2 jusque-l\u00e0 d\u00e9di\u00e9s au centre ressource de la Cit\u00e9 des Arts. Autre sp\u00e9cificit\u00e9, elle fera vivre des collections th\u00e9matiques \u2013 la premi\u00e8re est consacr\u00e9e aux com\u00e9dies musicales \u2013 en s\u2019appuyant sur le fond documentaire de toutes les m\u00e9diath\u00e8ques de la M\u00e9tropole. Elle int\u00e8gre \u00e9galement un poste de visionnage et des platines d\u2019\u00e9coutes de CD et de Vinyles.<\/p>\n<p>La m\u00e9diath\u00e8que de la Cit\u00e9 des Arts, au 13 avenue du Pr Grasset, est ouverte au grand public de 16\u00a0h \u00e0 19\u00a0h les mardis, jeudis et vendredis\u00a0; de 10\u00a0h \u00e0 12\u00a0h\u00a030 puis de 13\u00a0h\u00a030 \u00e0 19\u00a0h le mercredi\u00a0; et de 10\u00a0h \u00e0 12\u00a0h puis de 14\u00a0h \u00e0 18\u00a0h le samedi.<\/p>\n","protected":false},"excerpt":{"rendered":"La Cit\u00e9 des Arts de Montpellier accueille la quinzi\u00e8me m\u00e9diath\u00e8que de la M\u00e9tropole, premi\u00e8re en France int\u00e9gr\u00e9e \u00e0&hellip;\n","protected":false},"author":2,"featured_media":578424,"comment_status":"","ping_status":"","sticky":false,"template":"","format":"standard","meta":{"footnotes":""},"categories":[9599],"tags":[1111,11,872,1777,674,1011,27,7089,2208,12,2680,25],"class_list":{"0":"post-578423","1":"post","2":"type-post","3":"status-publish","4":"format-standard","5":"has-post-thumbnail","7":"category-montpellier","8":"tag-actu","9":"tag-actualites","10":"tag-culture-et-loisirs","11":"tag-eu","12":"tag-europe","13":"tag-fr","14":"tag-france","15":"tag-herault","16":"tag-montpellier","17":"tag-news","18":"tag-occitanie","19":"tag-republique-francaise"},"share_on_mastodon":{"url":"https:\/\/pubeurope.com\/@fr\/115663485372212947","error":""},"_links":{"self":[{"href":"https:\/\/www.europesays.com\/fr\/wp-json\/wp\/v2\/posts\/578423","targetHints":{"allow":["GET"]}}],"collection":[{"href":"https:\/\/www.europesays.com\/fr\/wp-json\/wp\/v2\/posts"}],"about":[{"href":"https:\/\/www.europesays.com\/fr\/wp-json\/wp\/v2\/types\/post"}],"author":[{"embeddable":true,"href":"https:\/\/www.europesays.com\/fr\/wp-json\/wp\/v2\/users\/2"}],"replies":[{"embeddable":true,"href":"https:\/\/www.europesays.com\/fr\/wp-json\/wp\/v2\/comments?post=578423"}],"version-history":[{"count":0,"href":"https:\/\/www.europesays.com\/fr\/wp-json\/wp\/v2\/posts\/578423\/revisions"}],"wp:featuredmedia":[{"embeddable":true,"href":"https:\/\/www.europesays.com\/fr\/wp-json\/wp\/v2\/media\/578424"}],"wp:attachment":[{"href":"https:\/\/www.europesays.com\/fr\/wp-json\/wp\/v2\/media?parent=578423"}],"wp:term":[{"taxonomy":"category","embeddable":true,"href":"https:\/\/www.europesays.com\/fr\/wp-json\/wp\/v2\/categories?post=578423"},{"taxonomy":"post_tag","embeddable":true,"href":"https:\/\/www.europesays.com\/fr\/wp-json\/wp\/v2\/tags?post=578423"}],"curies":[{"name":"wp","href":"https:\/\/api.w.org\/{rel}","templated":true}]}}