{"id":578425,"date":"2025-12-04T21:44:23","date_gmt":"2025-12-04T21:44:23","guid":{"rendered":"https:\/\/www.europesays.com\/fr\/578425\/"},"modified":"2025-12-04T21:44:23","modified_gmt":"2025-12-04T21:44:23","slug":"que-faire-dans-lherault-ce-week-end-voici-5-idees-de-sorties-pour-ces-6-et-7-decembre","status":"publish","type":"post","link":"https:\/\/www.europesays.com\/fr\/578425\/","title":{"rendered":"Que faire dans l&rsquo;H\u00e9rault ce week-end ? Voici 5 id\u00e9es de sorties pour ces 6 et 7 d\u00e9cembre"},"content":{"rendered":"<p>                    Par<br \/>\n        <strong><br \/>\n            <a href=\"https:\/\/actu.fr\/auteur\/lea-pippinato\" title=\"Consulter tous les articles de L\u00e9a Pippinato\" target=\"_blank\" rel=\"noopener\">L\u00e9a Pippinato<\/a><br \/>\n                    <\/strong><\/p>\n<p>        Publi\u00e9 le<\/p>\n<p>            4 d\u00e9c. 2025 \u00e0 19h19        <\/p>\n<p><strong>Le week-end des 6 et 7 d\u00e9cembre<\/strong> approche et le d\u00e9partement se pr\u00e9pare \u00e0 un grand \u00e9cart r\u00e9jouissant. Restanquee ouvre un march\u00e9 de No\u00ebl qui ressemble \u00e0 un laboratoire cr\u00e9atif sous guirlandes. P\u00e9zenas replonge dans 127 ans d\u2019histoire Renault et fait vibrer la m\u00e9moire m\u00e9canique du pays. Le Domaine de la Coste Moynier transforme l\u2019Avent en galerie vivante au milieu des vignes. La SPA de Montpellier offre aux animaux un No\u00ebl charg\u00e9 d\u2019espoir, de rires d\u2019enfants, de cr\u00eapes et de nouvelles familles peut-\u00eatre. Cinq sorties, cinq univers qui se succ\u00e8dent comme les pages d\u2019un carnet o\u00f9 chacun peut noter son propre moment de f\u00eate.<\/p>\n<p>Restanque accueille son premier march\u00e9 de No\u00ebl artistique<\/p>\n<p class=\" wall-content\"><strong>Quoi ?<\/strong> March\u00e9 de No\u00ebl artistique<\/p>\n<p class=\" wall-content\"><strong>Quand ?<\/strong> Samedi 6 d\u00e9cembre de 14h \u00e0 20h et dimanche 7 d\u00e9cembre de 11h \u00e0 17h<\/p>\n<p class=\" wall-content\"><strong>O\u00f9 ?<\/strong> Restanque (m\u00eame nom que la station de tram sur la ligne 4)<\/p>\n<p class=\" wall-content\"><strong>Pourquoi y aller ?<\/strong> L\u2019\u00e9v\u00e9nement, organis\u00e9 en partenariat avec la Fondation Alt\u00e9med, propose un week-end riche en d\u00e9couvertes et en rencontres. <a href=\"https:\/\/actu.fr\/occitanie\/montpellier_34172\/montpellier-restanque-nouveau-tiers-lieu-culturel-pour-redonner-a-l-art-ses-lettres-de-noblesse_62189508.html\" target=\"_blank\" rel=\"noopener\">Le lieu, ouvert depuis juin<\/a>, invite le public \u00e0 une immersion artistique et conviviale pour la premi\u00e8re \u00e9dition de son march\u00e9 de No\u00ebl. Durant les deux jours, artistes et cr\u00e9ateurs s\u2019installent dans les espaces ext\u00e9rieurs du site et ouvrent exceptionnellement les portes de leurs ateliers. Les visiteurs d\u00e9couvrent peintures, illustrations, photographies, sculptures, broderies, collages, pi\u00e8ces artisanales, bouquets et divers objets faits main. Le march\u00e9 offre l\u2019occasion de rencontrer les artistes de la r\u00e9sidence Alt\u00e9med, d\u2019\u00e9changer avec eux et de soutenir la cr\u00e9ation locale.<\/p>\n<p class=\" wall-content\">L\u2019\u00e9v\u00e9nement propose aussi de nombreuses animations : ateliers d\u2019initiation artistique, performances live et collectives, stands ext\u00e9rieurs, ateliers ouverts \u00e0 l\u2019int\u00e9rieur, d\u00e9coration de No\u00ebl originale, sucreries, et un repas de No\u00ebl sous forme de grande tabl\u00e9e familiale.<\/p>\n<p>Vid\u00e9os : en ce moment sur Actu<\/p>\n<p class=\" wall-content\"><a href=\"https:\/\/www.instagram.com\/p\/DRnJOMxCGea\/embed\" title=\"Ouvrir le lien sur Instagram\" target=\"_blank\" rel=\"noopener\">Visualiser le contenu sur Instagram<\/a><\/p>\n<p>P\u00e9zenas f\u00eate 127 ans d\u2019histoire Renault<\/p>\n<p class=\" wall-content\"><strong> Quoi ?<\/strong> Journ\u00e9e Renault \u2013 exposition, balade et conf\u00e9rence<\/p>\n<p class=\" wall-content\"><strong>Quand ?<\/strong> Dimanche 7 d\u00e9cembre<\/p>\n<p>Votre r\u00e9gion, votre actu !<\/p>\n<p>Recevez chaque jour les infos qui comptent pour vous.<\/p>\n<p>\t<a href=\"https:\/\/actu.fr\/newsletter\" class=\"ac-btn ac-btn--corner ac-btn--medium ac-btn--blue800\" target=\"_blank\" rel=\"noopener\">S&rsquo;incrire<\/a><\/p>\n<p class=\" wall-content\"><strong>O\u00f9 ?<\/strong> Cours Jean Jaur\u00e8s et th\u00e9\u00e2tre de P\u00e9zenas<\/p>\n<p class=\" wall-content\"><strong>Pourquoi y aller ?<\/strong> Le CAR, club des amateurs d\u2019anciennes Renault du golfe du Lion, organise une journ\u00e9e d\u00e9di\u00e9e \u00e0 l\u2019histoire et au patrimoine Renault. Le club, fond\u00e9 il y a 43 ans, r\u00e9unit une quarantaine de membres dans le d\u00e9partement. Ils restaurent et entretiennent des v\u00e9hicules anciens, des mod\u00e8les populaires aux sportives Alpine, et transmettent la m\u00e9moire d\u2019une marque cr\u00e9\u00e9e en 1898.<\/p>\n<p class=\" wall-content\">D\u00e8s 9h, anciennes Renault et Alpine sont expos\u00e9es sur le Cours Jean Jaur\u00e8s. Citadines, utilitaires, sportives et prototypes se succ\u00e8dent jusqu\u2019\u00e0 14h. Une balade en ville d\u00e9marre ensuite. Le cort\u00e8ge traverse notamment l\u2019avenue de Verdun, dont l\u2019am\u00e9nagement touche \u00e0 sa fin, rappelant l\u2019importance historique de cet axe autrefois travers\u00e9 par la nationale 9.<br \/>\u00c0 16h, le th\u00e9\u00e2tre accueille une conf\u00e9rence gratuite intitul\u00e9e \u00ab\u00a0L\u2019histoire de la mobilit\u00e9 tout azimut par Renault, depuis 1898 \u00e0 aujourd\u2019hui\u00a0\u00bb, anim\u00e9e par Fran\u00e7ois Chauveau et Jean-Marie R\u00e9veill\u00e9. Ils d\u00e9taillent les activit\u00e9s multiples de Renault, son r\u00f4le \u00e9conomique et social et la mani\u00e8re dont ses mod\u00e8les ont marqu\u00e9 la vie quotidienne.<\/p>\n<p>    <img   decoding=\"async\" loading=\"lazy\" src=\"https:\/\/www.europesays.com\/fr\/wp-content\/uploads\/2025\/12\/alpine-a110-1300-01-960x640.jpg\" alt=\"Anciennes Renault et Alpine sont expos\u00e9es d\u00e8s 9h sur le Cours Jean Jaur\u00e8s.\" width=\"960\" height=\"640\"\/><br \/>\n    Anciennes Renault et Alpine sont expos\u00e9es d\u00e8s 9h sur le Cours Jean Jaur\u00e8s. (\u00a9DR)Les piscines de Montpellier font leur T\u00e9l\u00e9thon<\/p>\n<p class=\" wall-content\"><strong>Quoi ?<\/strong> Journ\u00e9e T\u00e9l\u00e9thon dans les piscines de la m\u00e9tropole<\/p>\n<p class=\" wall-content\"><strong>Quand ?<\/strong> Samedi 6 d\u00e9cembre\u00a0<\/p>\n<p class=\" wall-content\"><strong>O\u00f9 ?<\/strong> Les 15 piscines de la m\u00e9tropole ; programmes sp\u00e9ciaux dans 4 d\u2019entre elles<\/p>\n<p class=\" wall-content\"><strong>Pourquoi y aller ?<\/strong> Le r\u00e9seau des piscines de la m\u00e9tropole renouvelle son engagement aupr\u00e8s du T\u00e9l\u00e9thon. Les quinze piscines du territoire, de Cournonterral \u00e0 Saint-Br\u00e8s, se mobilisent. L\u2019int\u00e9gralit\u00e9 des entr\u00e9es et des recettes de la journ\u00e9e est revers\u00e9e \u00e0 l\u2019AFM-T\u00e9l\u00e9thon. Chaque visite soutient directement la recherche et les familles concern\u00e9es.<\/p>\n<p class=\" wall-content\"><strong>Quatre piscines<\/strong> proposent un programme exceptionnel :<\/p>\n<ul class=\" wall-content\">\n<li>Montpellier \u2013 Piscine Olympique Angelotti : 10h\u201317h<\/li>\n<li>Lattes \u2013 Piscine Les N\u00e9r\u00e9ides : 9h\u201312h30<\/li>\n<li>Jacou \u2013 Piscine Alex Jany : 9h\u201312h30<\/li>\n<li>Saint-Jean-de-V\u00e9das \u2013 Piscine Amphitrite : 14h\u201317h30<\/li>\n<\/ul>\n<p class=\" wall-content\">Ces sites mettent en place un large choix d\u2019activit\u00e9s : cours d\u2019aquabike, aquagym, aquapalmes, bapt\u00eames de plong\u00e9e, animations th\u00e9matiques, structures gonflables et d\u00e9fis sportifs. \u00a0Un temps fort cl\u00f4t la journ\u00e9e \u00e0 la piscine Olympique Angelotti : un cours d\u2019aquagym g\u00e9ant \u00e0 16h, 100 % kitch et anim\u00e9 en live par DJ Olivier Darock, alias Rodrigo Fernandez.<\/p>\n<p><strong>&gt;<\/strong> L\u2019acc\u00e8s est gratuit et ouvert \u00e0 tous, sous r\u00e9serve d\u2019acquitter le droit d\u2019entr\u00e9e \u00e0 la piscine<\/p>\n<p>    <img   decoding=\"async\" loading=\"lazy\" src=\"https:\/\/www.europesays.com\/fr\/wp-content\/uploads\/2025\/12\/metropolitain-9-960x640.jpg\" alt=\"La piscine olympique Angelotti accueille des activit\u00e9s aquatiques tout au long de la journ\u00e9e.\" width=\"960\" height=\"640\"\/><br \/>\n    La piscine olympique Angelotti accueille des activit\u00e9s aquatiques tout au long de la journ\u00e9e. (\u00a9M\u00e9tropolitain \/ CN)Le salon de l\u2019Avent d\u2019artisanat d\u2019art au domaine Coste Moynier<\/p>\n<p class=\" wall-content\"><strong>Quoi ?<\/strong> Salon de l\u2019Avent d\u2019artisanat d\u2019art<\/p>\n<p class=\" wall-content\"><strong>Quand ?<\/strong> Samedi 6 d\u00e9cembre de 10h \u00e0 19h<\/p>\n<p class=\" wall-content\"><strong>O\u00f9 ?<\/strong> Domaine Coste Moynier, Saint-Christol<\/p>\n<p class=\" wall-content\"><strong>Pourquoi y aller ?<\/strong> Le Domaine Coste Moynier accueille <a href=\"https:\/\/actu.fr\/occitanie\/entre-vignes_34246\/pres-de-montpellier-salon-de-l-avent-a-saint-christol-l-artisanat-d-art-illumine-vos-fetes_61882178.html\" target=\"_blank\" rel=\"noopener\">la deuxi\u00e8me \u00e9dition du salon de l\u2019Avent<\/a> organis\u00e9 par Maryno\u00eblle Costa de Terre d\u2019id\u00e9e. Plus d\u2019une vingtaine d\u2019artisans et cr\u00e9ateurs pr\u00e9sentent leurs savoir-faire. S\u00e9bastien Maillet, artisan d\u2019art et p\u00e2tissier formateur, r\u00e9alise des \u0153uvres en sucre souffl\u00e9 et \u00e9tir\u00e9. Le calligraphe Michel Redal rencontre le public. Aurore Kichenin, dauphine de Miss France et 4e du concours Miss Monde, expose ses peintures. Les visiteurs peuvent acheter des pi\u00e8ces uniques : bijoux, bois, textile, c\u00e9ramique, macram\u00e9, coutellerie, lampes et fondants. Le domaine propose une d\u00e9gustation de vin. Un brasero et un food truck assurent la restauration. La vue sur les coteaux de Saint-Christol cl\u00f4t la journ\u00e9e dans un cadre agr\u00e9able.<\/p>\n<p>    <img   decoding=\"async\" loading=\"lazy\" src=\"https:\/\/www.europesays.com\/fr\/wp-content\/uploads\/2025\/12\/img-3717-3-960x640.jpeg\" alt=\"Plus de vingt artisans d\u2019art exposent leurs cr\u00e9ations au domaine Coste Moynier.\" width=\"960\" height=\"640\"\/><br \/>\n    Plus de vingt artisans d\u2019art exposent leurs cr\u00e9ations au domaine Coste Moynier. (\u00a9H\u00e9rault Tourisme)Le No\u00ebl des animaux \u00e0 la SPA de Montpellier<\/p>\n<p class=\" wall-content\"><strong>Quoi ?<\/strong> Journ\u00e9es portes ouvertes<\/p>\n<p class=\" wall-content\"><strong>Quand ?<\/strong> Samedi 6 et dimanche 7 d\u00e9cembre de 10h \u00e0 17h<\/p>\n<p class=\" wall-content\"><strong>O\u00f9 ?<\/strong> Refuge SPA Montpellier, Villeneuve-l\u00e8s-Maguelone<\/p>\n<p class=\" wall-content\"><strong>Pourquoi y aller ?<\/strong> La SPA ouvre ses portes pour d\u00e9sengorger un refuge satur\u00e9 et donner \u00e0 de nombreux animaux l\u2019opportunit\u00e9 de trouver une famille. Le public rencontre les animaux \u00e0 l\u2019adoption. Une formation des nouveaux b\u00e9n\u00e9voles a lieu \u00e0 13h20. Des stands proposent buvette, g\u00e2teaux, cr\u00eapes et souvenirs de la SPA. Des jouets de No\u00ebl sont offerts aux pensionnaires. Un stand canicross anim\u00e9 par X-trem34 permet de d\u00e9couvrir cette discipline. L\u2019association des chats de Frontignan est pr\u00e9sente.<\/p>\n<p class=\" wall-content\">Le dimanche, l\u2019\u00e9quipe Grascok34 r\u00e9alise deux d\u00e9monstrations de chiens de recherche \u00e0 11h et 14h. Une chasse au tr\u00e9sor canine occupe les apr\u00e8s-midi. Un quiz d\u2019exploration pour enfants offre une cr\u00eape en r\u00e9compense. Des balades \u00e9ducatives sont organis\u00e9es chaque matin. Une grande tombola propose des lots vari\u00e9s, dont un vol d\u00e9couverte de 30 minutes au-dessus de la Camargue. L\u2019ensemble des fonds r\u00e9colt\u00e9s soutient les animaux durant l\u2019hiver.<\/p>\n<p><strong>&gt;<\/strong> Les billets de la tombola sont disponibles <a href=\"https:\/\/www.helloasso.com\/associations\/spa-mmm\/evenements\/tombola-spa3m-du-6-7-decembre-2025-xxxx\" target=\"_blank\" rel=\"noopener\">en ligne<\/a><\/p>\n<p class=\" wall-content\"><a href=\"https:\/\/www.instagram.com\/laspamontpellierofficiel\/p\/DRwcc0wDXtK\/embed\" title=\"Ouvrir le lien sur Instagram\" target=\"_blank\" rel=\"noopener\">Visualiser le contenu sur Instagram<\/a><\/p>\n<p class=\" wall-content\">Personnalisez votre actualit\u00e9 en ajoutant vos villes et m\u00e9dias en favori avec <a href=\"https:\/\/moncompte.actu.fr\" title=\"D\u00e9couvez Mon Actu\" rel=\"nofollow noopener\" data-trk=\"{&quot;cta&quot;:{&quot;action&quot;:&quot;https:\\\/\\\/moncompte.actu.fr&quot;,&quot;category&quot;:&quot;mon compte&quot;,&quot;from&quot;:&quot;article footer&quot;,&quot;name&quot;:&quot;Mon actu&quot;,&quot;type&quot;:&quot;cta&quot;}}\" target=\"_blank\">Mon Actu<\/a>.<\/p>\n<p>                    <script async src=\"\/\/www.instagram.com\/embed.js\"><\/script><\/p>\n","protected":false},"excerpt":{"rendered":"Par L\u00e9a Pippinato Publi\u00e9 le 4 d\u00e9c. 2025 \u00e0 19h19 Le week-end des 6 et 7 d\u00e9cembre approche&hellip;\n","protected":false},"author":2,"featured_media":578426,"comment_status":"","ping_status":"","sticky":false,"template":"","format":"standard","meta":{"footnotes":""},"categories":[9599],"tags":[1111,11,1867,1777,674,1011,27,1652,2208,12,15830,2680,25,12846],"class_list":{"0":"post-578425","1":"post","2":"type-post","3":"status-publish","4":"format-standard","5":"has-post-thumbnail","7":"category-montpellier","8":"tag-actu","9":"tag-actualites","10":"tag-animaux","11":"tag-eu","12":"tag-europe","13":"tag-fr","14":"tag-france","15":"tag-loisirs-culture","16":"tag-montpellier","17":"tag-news","18":"tag-noel","19":"tag-occitanie","20":"tag-republique-francaise","21":"tag-telethon"},"share_on_mastodon":{"url":"https:\/\/pubeurope.com\/@fr\/115663489274199672","error":""},"_links":{"self":[{"href":"https:\/\/www.europesays.com\/fr\/wp-json\/wp\/v2\/posts\/578425","targetHints":{"allow":["GET"]}}],"collection":[{"href":"https:\/\/www.europesays.com\/fr\/wp-json\/wp\/v2\/posts"}],"about":[{"href":"https:\/\/www.europesays.com\/fr\/wp-json\/wp\/v2\/types\/post"}],"author":[{"embeddable":true,"href":"https:\/\/www.europesays.com\/fr\/wp-json\/wp\/v2\/users\/2"}],"replies":[{"embeddable":true,"href":"https:\/\/www.europesays.com\/fr\/wp-json\/wp\/v2\/comments?post=578425"}],"version-history":[{"count":0,"href":"https:\/\/www.europesays.com\/fr\/wp-json\/wp\/v2\/posts\/578425\/revisions"}],"wp:featuredmedia":[{"embeddable":true,"href":"https:\/\/www.europesays.com\/fr\/wp-json\/wp\/v2\/media\/578426"}],"wp:attachment":[{"href":"https:\/\/www.europesays.com\/fr\/wp-json\/wp\/v2\/media?parent=578425"}],"wp:term":[{"taxonomy":"category","embeddable":true,"href":"https:\/\/www.europesays.com\/fr\/wp-json\/wp\/v2\/categories?post=578425"},{"taxonomy":"post_tag","embeddable":true,"href":"https:\/\/www.europesays.com\/fr\/wp-json\/wp\/v2\/tags?post=578425"}],"curies":[{"name":"wp","href":"https:\/\/api.w.org\/{rel}","templated":true}]}}