{"id":578437,"date":"2025-12-04T21:52:12","date_gmt":"2025-12-04T21:52:12","guid":{"rendered":"https:\/\/www.europesays.com\/fr\/578437\/"},"modified":"2025-12-04T21:52:12","modified_gmt":"2025-12-04T21:52:12","slug":"alsace-easyjet-annonce-deux-nouvelles-lignes-saisonnieres-depuis-bale-mulhouse-et-strasbourg-entzheim-en-2026","status":"publish","type":"post","link":"https:\/\/www.europesays.com\/fr\/578437\/","title":{"rendered":"Alsace. EasyJet annonce deux nouvelles lignes saisonni\u00e8res depuis\u00a0B\u00e2le-Mulhouse et Strasbourg-Entzheim en 2026"},"content":{"rendered":"<p>Lors de la prochaine saison estivale, <a href=\"https:\/\/www.dna.fr\/transport\/2025\/12\/05\/economie\/2025\/06\/17\/il-y-a-vingt-ans-easyjet-atterrissait-a-l-euroairport\" target=\"_blank\" rel=\"noopener\">la compagnie \u00e0 bas co\u00fbt easyJet<\/a> renforcera son offre de vols au d\u00e9part des deux a\u00e9roports alsaciens.<\/p>\n<p>Une liaison entre Strasbourg-Entzheim et Nantes sera d\u2019abord op\u00e9r\u00e9e du 17 avril au 18 mai 2026 (deux vols par semaine).<\/p>\n<p>Puis une liaison saisonni\u00e8re entre B\u00e2le-Mulhouse et Lille sera lanc\u00e9e le 22 juin 2026 (deux vols par semaine). Cette derni\u00e8re prendra fin le 28 ao\u00fbt.<\/p>\n","protected":false},"excerpt":{"rendered":"Lors de la prochaine saison estivale, la compagnie \u00e0 bas co\u00fbt easyJet renforcera son offre de vols au&hellip;\n","protected":false},"author":2,"featured_media":578438,"comment_status":"","ping_status":"","sticky":false,"template":"","format":"standard","meta":{"footnotes":""},"categories":[2820],"tags":[1111,11,2389,2649,2880,1777,674,107,1011,27,775,12,25,640,2879,2803],"class_list":{"0":"post-578437","1":"post","2":"type-post","3":"status-publish","4":"format-standard","5":"has-post-thumbnail","7":"category-strasbourg","8":"tag-actu","9":"tag-actualites","10":"tag-alsace","11":"tag-bas-rhin","12":"tag-edition-strasbourg","13":"tag-eu","14":"tag-europe","15":"tag-fil-info","16":"tag-fr","17":"tag-france","18":"tag-grand-est","19":"tag-news","20":"tag-republique-francaise","21":"tag-strasbourg","22":"tag-strasbourg-ville","23":"tag-transport"},"share_on_mastodon":{"url":"https:\/\/pubeurope.com\/@fr\/115663519337552006","error":""},"_links":{"self":[{"href":"https:\/\/www.europesays.com\/fr\/wp-json\/wp\/v2\/posts\/578437","targetHints":{"allow":["GET"]}}],"collection":[{"href":"https:\/\/www.europesays.com\/fr\/wp-json\/wp\/v2\/posts"}],"about":[{"href":"https:\/\/www.europesays.com\/fr\/wp-json\/wp\/v2\/types\/post"}],"author":[{"embeddable":true,"href":"https:\/\/www.europesays.com\/fr\/wp-json\/wp\/v2\/users\/2"}],"replies":[{"embeddable":true,"href":"https:\/\/www.europesays.com\/fr\/wp-json\/wp\/v2\/comments?post=578437"}],"version-history":[{"count":0,"href":"https:\/\/www.europesays.com\/fr\/wp-json\/wp\/v2\/posts\/578437\/revisions"}],"wp:featuredmedia":[{"embeddable":true,"href":"https:\/\/www.europesays.com\/fr\/wp-json\/wp\/v2\/media\/578438"}],"wp:attachment":[{"href":"https:\/\/www.europesays.com\/fr\/wp-json\/wp\/v2\/media?parent=578437"}],"wp:term":[{"taxonomy":"category","embeddable":true,"href":"https:\/\/www.europesays.com\/fr\/wp-json\/wp\/v2\/categories?post=578437"},{"taxonomy":"post_tag","embeddable":true,"href":"https:\/\/www.europesays.com\/fr\/wp-json\/wp\/v2\/tags?post=578437"}],"curies":[{"name":"wp","href":"https:\/\/api.w.org\/{rel}","templated":true}]}}