{"id":578443,"date":"2025-12-04T21:55:12","date_gmt":"2025-12-04T21:55:12","guid":{"rendered":"https:\/\/www.europesays.com\/fr\/578443\/"},"modified":"2025-12-04T21:55:12","modified_gmt":"2025-12-04T21:55:12","slug":"municipales-a-nantes-la-france-insoumise-va-changer-les-choses-de-la-cave-au-grenier","status":"publish","type":"post","link":"https:\/\/www.europesays.com\/fr\/578443\/","title":{"rendered":"Municipales \u00e0 Nantes. La France insoumise va changer les choses \u00ab\u00a0de la cave au grenier\u00a0\u00bb"},"content":{"rendered":"<p>En r\u00e9f\u00e9rence au concept de nouvelle France port\u00e9 par la France insoumise (LFI),<a href=\"https:\/\/nantes.maville.com\/actu\/actudet_-municipales-a-nantes.-et-une-tuile-de-plus-du-cote-des-insoumis-nantais-_8-7073837_actu.Htm\" target=\"_self\" rel=\"noopener\"> la liste port\u00e9e par William Aucant et Erica Cadersah<\/a> lance Nouvelle Nantes et met l\u2019accent, pour cette premi\u00e8re s\u00e9quence de la campagne des municipales, sur les discriminations et la vie ch\u00e8re. \u00a0Notre liste est celle des gens qu\u2019on oublie, insistent-ils. Ceux qui ressentent un sentiment d\u2019abandon, vivent dans la pr\u00e9carit\u00e9.\u00a0 \u00a0Ceux qui, ajoutent-ils, \u00e9conomisent sur la nourriture, les sorties, pour pouvoir payer le loyer.\u00a0<\/p>\n<p>Parmi les mesures, pour le pouvoir d\u2019achat face \u00e0 \u00a0tout ce qui augmente\u00a0\u00a0: la gratuit\u00e9 des transports pour les moins de 26\u00a0ans et les plus modestes, la gratuit\u00e9 de la cantine, le d\u00e9veloppement de la s\u00e9curit\u00e9 sociale de l\u2019alimentation, un encadrement \u00a0strict\u00a0 des loyers, des coop\u00e9ratives de logements pour se loger \u00e0 des prix abordables, des centres de sant\u00e9 dans tous les quartiers\u2026<\/p>\n<p>\u00ab\u00a0Gauche de rupture\u00a0\u00bb<\/p>\n<p>Autre combat en ce d\u00e9but de campagne\u00a0: la lutte contre les discriminations. \u00a0Aujourd\u2019hui en France, noirs et arabes ont vingt fois plus de risques d\u2019\u00eatre contr\u00f4l\u00e9s. \u00c0 Nantes, c\u2019est pire\u00a0, assure Nidal Ibrahim, militant de LFI. Il pointe le test de <a href=\"https:\/\/nantes.maville.com\/actu\/actudet_-le-fichage-des-etrangers-en-situation-reguliere-etait-bien-illegal-a-nantes-_8-6885875_actu.Htm\" target=\"_self\" rel=\"noopener\">fichage des \u00e9trangers en situation r\u00e9guli\u00e8re<\/a>, les contr\u00f4les au faci\u00e8s. Ce que propose Nouvelle Nantes\u00a0? L\u2019exp\u00e9rimentation du r\u00e9c\u00e9piss\u00e9 de contr\u00f4le d\u2019identit\u00e9, l\u2019anonymat des demandes de logements sociaux. Mais aussi plusieurs mesures pour lutter contre le sexisme et \u00e9tendre les droits des personnes LGBTQI +, comme un lieu d\u2019accueil sur le mod\u00e8le de Citad\u2019elles.<\/p>\n<p>\u00a0On va changer les choses, de la cave au grenier, affirme William Aucant. La France insoumise est l\u2019incarnation de la gauche de rupture. Tout n\u2019est pas \u00e0 jeter chez l\u2019actuelle majorit\u00e9. Mais ce n\u2019est pas assez. On est la bifurcation r\u00e9elle.\u00a0<\/p>\n<p>Est-ce faire fi de <a href=\"https:\/\/nantes.maville.com\/actu\/actudet_-municipales-a-nantes.-pas-en-lice-l-ex-candidate-margot-medkour-propose-de-creer-10-000-chambres-a-bas-prix-_52716-7093504_actu.Htm\" target=\"_self\" rel=\"noopener\">Margot Medkour<\/a>, candidate de feu Nantes en commun en 2020, qui vient de lancer le mouvement Nantes populaire et dont les id\u00e9es sont peu ou prou les m\u00eames\u00a0? \u00a0Pour l\u2019instant, elle n\u2019a pas fait acte de candidature, balaie-t-il. Quel int\u00e9r\u00eat d\u2019une candidature de plus\u00a0? On a vocation \u00e0 r\u00e9unir ceux qui souhaitent un changement de cap. La boutique est ouverte.\u00a0 Quant \u00e0 une \u00e9ventuelle alliance avec <a href=\"https:\/\/nantes.maville.com\/actu\/actudet_-municipales-a-nantes.-johanna-rolland-et-les-onze-nuances-de-gauche-pour-une-liste-d-union-attendue-et-necessaire-_8-7062449_actu.Htm\" target=\"_self\" rel=\"noopener\">la liste de Johanna Rolland<\/a> au second tour\u00a0? \u00a0On a toujours eu la main tendue, souligne Erika Cadersah. Mais on ne se reniera pas sur notre programme.\u00a0<\/p>\n<p>\u00a0<\/p>\n","protected":false},"excerpt":{"rendered":"En r\u00e9f\u00e9rence au concept de nouvelle France port\u00e9 par la France insoumise (LFI), la liste port\u00e9e par William&hellip;\n","protected":false},"author":2,"featured_media":578444,"comment_status":"","ping_status":"","sticky":false,"template":"","format":"standard","meta":{"footnotes":""},"categories":[2818],"tags":[1111,11,8892,13410,19938,1777,674,1011,27,69261,6588,3554,766,12,2636,25],"class_list":{"0":"post-578443","1":"post","2":"type-post","3":"status-publish","4":"format-standard","5":"has-post-thumbnail","7":"category-nantes","8":"tag-actu","9":"tag-actualites","10":"tag-cave","11":"tag-changer","12":"tag-choses","13":"tag-eu","14":"tag-europe","15":"tag-fr","16":"tag-france","17":"tag-grenier","18":"tag-insoumise","19":"tag-municipales","20":"tag-nantes","21":"tag-news","22":"tag-pays-de-la-loire","23":"tag-republique-francaise"},"share_on_mastodon":{"url":"https:\/\/pubeurope.com\/@fr\/115663531225708353","error":""},"_links":{"self":[{"href":"https:\/\/www.europesays.com\/fr\/wp-json\/wp\/v2\/posts\/578443","targetHints":{"allow":["GET"]}}],"collection":[{"href":"https:\/\/www.europesays.com\/fr\/wp-json\/wp\/v2\/posts"}],"about":[{"href":"https:\/\/www.europesays.com\/fr\/wp-json\/wp\/v2\/types\/post"}],"author":[{"embeddable":true,"href":"https:\/\/www.europesays.com\/fr\/wp-json\/wp\/v2\/users\/2"}],"replies":[{"embeddable":true,"href":"https:\/\/www.europesays.com\/fr\/wp-json\/wp\/v2\/comments?post=578443"}],"version-history":[{"count":0,"href":"https:\/\/www.europesays.com\/fr\/wp-json\/wp\/v2\/posts\/578443\/revisions"}],"wp:featuredmedia":[{"embeddable":true,"href":"https:\/\/www.europesays.com\/fr\/wp-json\/wp\/v2\/media\/578444"}],"wp:attachment":[{"href":"https:\/\/www.europesays.com\/fr\/wp-json\/wp\/v2\/media?parent=578443"}],"wp:term":[{"taxonomy":"category","embeddable":true,"href":"https:\/\/www.europesays.com\/fr\/wp-json\/wp\/v2\/categories?post=578443"},{"taxonomy":"post_tag","embeddable":true,"href":"https:\/\/www.europesays.com\/fr\/wp-json\/wp\/v2\/tags?post=578443"}],"curies":[{"name":"wp","href":"https:\/\/api.w.org\/{rel}","templated":true}]}}