{"id":578453,"date":"2025-12-04T22:00:15","date_gmt":"2025-12-04T22:00:15","guid":{"rendered":"https:\/\/www.europesays.com\/fr\/578453\/"},"modified":"2025-12-04T22:00:15","modified_gmt":"2025-12-04T22:00:15","slug":"video-spectaculaire-incendie-au-bar-basque-a-toulouse-origine-propagation-ce-que-lon-sait-du-sinistre-place-saint-pierre","status":"publish","type":"post","link":"https:\/\/www.europesays.com\/fr\/578453\/","title":{"rendered":"VID\u00c9O. Spectaculaire incendie au Bar Basque \u00e0 Toulouse\u00a0: origine, propagation\u2026 ce que l\u2019on sait du sinistre place Saint-Pierre"},"content":{"rendered":"<p>\n                                                                    l&rsquo;essentiel<br \/>\n                                                                Un incendie spectaculaire a ravag\u00e9 la cuisine du \u00ab\u00a0Bar Basque\u00a0\u00bb \u00e0 Toulouse, mobilisant plus de vingt-cinq pompiers. Malgr\u00e9 l\u2019ampleur des flammes, aucun bless\u00e9 n\u2019est \u00e0 d\u00e9plorer. L\u2019origine du feu reste \u00e0 confirmer.\n                            <\/p>\n<p>Ambiance particuli\u00e8re ce jeudi soir place Saint-Pierre, haut lieu de soir\u00e9es \u00e9tudiantes toulousaines. Un feu a pris \u00e0 c\u00f4t\u00e9 de la terrasse ext\u00e9rieure du \u00ab\u00a0Bar basque\u00a0\u00bb, qui jouxte \u00ab\u00a0Le Saint-des-Seins\u00a0\u00bb, autre bar festif de cette place en bord de Garonne. Pas de bless\u00e9 mais des d\u00e9g\u00e2ts.<\/p>\n<p class=\"std-elt__inline\">\n        <strong>\u00c0 lire aussi :<\/strong><br \/>\n        <a href=\"https:\/\/www.ladepeche.fr\/2025\/12\/04\/le-toit-du-celebre-bar-basque-completement-embrase-place-saint-pierre-incendie-spectaculaire-en-plein-coeur-de-toulouse-13091422.php\" target=\"_blank\" rel=\"noopener\">VID\u00c9O. Le toit du c\u00e9l\u00e8bre Bar Basque compl\u00e8tement embras\u00e9 place Saint-Pierre, incendie spectaculaire en plein c\u0153ur de Toulouse<\/a>\n    <\/p>\n<p>Le feu dans la cuisine<\/p>\n<p>L\u2019alerte a \u00e9t\u00e9 donn\u00e9e en d\u00e9but de soir\u00e9e, peu apr\u00e8s 19\u00a0heures. Un feu venait de prendre de l\u2019ampleur dans la cuisine du \u00ab\u00a0Bar basque\u00a0\u00bb, tout au bout de la terrasse ext\u00e9rieure. \u00ab\u00a0Selon les premiers \u00e9l\u00e9ments, un feu de friteuse a d\u00e9clench\u00e9 le sinistre m\u00eame si l\u2019enqu\u00eate devra le confirmer\u00a0\u00bb, pr\u00e9cise, sur place, le lieutenant Pierre Cuvereaux des sapeurs-pompiers. D\u00e8s l\u2019arriv\u00e9e de la premi\u00e8re \u00e9quipe d\u2019intervention, une lance \u00e0 eau a \u00e9t\u00e9 mise en action pour attaquer les flammes qui gagnaient d\u00e9j\u00e0 la toiture. Le feu a \u00ab\u00a0mang\u00e9\u00a0\u00bb la cuisine, et les deux \u00e9tages au-dessus.<\/p>\n<p>Propagation tr\u00e8s rapide<\/p>\n<p>\u00ab\u00a0Les pompiers sont arriv\u00e9s tr\u00e8s vite mais les flammes ne les ont pas attendus\u00a0\u00bb, confie un t\u00e9moin, impressionn\u00e9 par l\u2019incendie et les flammes encore visibles depuis la place une heure apr\u00e8s l\u2019alerte. \u00ab\u00a0Nous avons attaqu\u00e9 le feu depuis deux \u00e9chelles et \u00e9galement \u00e0 l\u2019int\u00e9rieur\u00a0\u00bb, pr\u00e9cise l\u2019officier des pompiers. Le service d\u00e9partemental d\u2019incendie et de secours a envoy\u00e9 sept engins et plus de vingt-cinq sapeurs pour stopper la progression du sinistre.<\/p>\n<p>Pas de bless\u00e9<\/p>\n<p>\u00ab\u00a0L\u2019\u00e9quipe de la cuisine a essay\u00e9 de bloquer le d\u00e9part du feu mais ils n\u2019y sont pas parvenus\u00a0\u00bb, confient les secours. En revanche, pas de bless\u00e9 chez ces employ\u00e9s. Le bar, situ\u00e9 \u00e0 une vingtaine de m\u00e8tres, n\u2019a pas \u00e9t\u00e9 impact\u00e9 par le d\u00e9part des flammes. Les clients ont vite \u00e9t\u00e9 \u00e9vacu\u00e9s, sans difficult\u00e9s. \u00ab\u00a0Ce soir, on a vraiment mis le feu au bar\u00a0\u00bb, essaye un \u00e9tudiant devant sa copine, pas convaincue. Le \u00ab\u00a0Saint-des-Seins\u00a0\u00bb, autre haut lieu de la place situ\u00e9 juste \u00e0 c\u00f4t\u00e9 de la partie en feu, a \u00e9t\u00e9 \u00e9galement rapidement \u00e9vacu\u00e9. \u00ab\u00a0Pas de bless\u00e9, ni de soucis mais demain et ce week-end, pas certain que l\u2019on puisse fonctionner\u00a0\u00bb, confie un employ\u00e9. C\u00f4t\u00e9 \u00ab\u00a0Bar basque\u00a0\u00bb, il \u00e9tait trop t\u00f4t pour envisager la suite. Des expertises devront confirmer l\u2019origine du feu.<\/p>\n<p>Une longue nuit de veille et de travail<\/p>\n<p>Les pompiers se sont rendus ma\u00eetres du feu hier soir vers 20\u00a0h\u00a045. Les flammes avaient perc\u00e9 la toiture et des poutres mang\u00e9es par le feu \u00e9taient visibles depuis la place. \u00ab\u00a0La nuit va \u00eatre longue\u00a0\u00bb, confie un des pompiers engag\u00e9s. Des \u00e9quipes des centres de secours de Lougnon et Delrieu ont \u00e9t\u00e9 engag\u00e9es. \u00ab\u00a0Il va falloir d\u00e9blayer et surveiller les risques de reprise\u00a0\u00bb, confie le colonel Olivier Dufaur, venu superviser les op\u00e9rations. \u00ab\u00a0Nous sommes dans la ville ancienne avec toujours la possibilit\u00e9 d\u2019une poutre qui traverse un immeuble. Autant de choses qui vont \u00eatre \u00e0 surveiller sans doute une bonne partie de la nuit.\u00a0\u00bb<\/p>\n<p>Embouteillage et bonnes bi\u00e8res<\/p>\n<p>Cet incendie spectaculaire a oblig\u00e9 les forces de l\u2019ordre, police municipale et nationale, \u00e0 bloquer la partie droite de la place Saint-Pierre et interdit l\u2019acc\u00e8s vers le quai Lombard. La circulation a \u00e9t\u00e9 ralentie mais pas coup\u00e9e. Le fast-food de la place et le kiosque ont pu fonctionner. De l\u2019autre c\u00f4t\u00e9, notamment \u00ab\u00a0Chez Tonton\u00a0\u00bb, les bi\u00e8res continuaient \u00e0 se d\u00e9guster, bien fra\u00eeches.<\/p>\n","protected":false},"excerpt":{"rendered":"l&rsquo;essentiel Un incendie spectaculaire a ravag\u00e9 la cuisine du \u00ab\u00a0Bar Basque\u00a0\u00bb \u00e0 Toulouse, mobilisant plus de vingt-cinq pompiers.&hellip;\n","protected":false},"author":2,"featured_media":578454,"comment_status":"","ping_status":"","sticky":false,"template":"","format":"standard","meta":{"footnotes":""},"categories":[2816],"tags":[1111,11,1777,674,118,1011,27,2722,5383,12,2680,25,2312],"class_list":{"0":"post-578453","1":"post","2":"type-post","3":"status-publish","4":"format-standard","5":"has-post-thumbnail","7":"category-toulouse","8":"tag-actu","9":"tag-actualites","10":"tag-eu","11":"tag-europe","12":"tag-faits-divers","13":"tag-fr","14":"tag-france","15":"tag-haute-garonne","16":"tag-incendies","17":"tag-news","18":"tag-occitanie","19":"tag-republique-francaise","20":"tag-toulouse"},"share_on_mastodon":{"url":"https:\/\/pubeurope.com\/@fr\/115663551006881670","error":""},"_links":{"self":[{"href":"https:\/\/www.europesays.com\/fr\/wp-json\/wp\/v2\/posts\/578453","targetHints":{"allow":["GET"]}}],"collection":[{"href":"https:\/\/www.europesays.com\/fr\/wp-json\/wp\/v2\/posts"}],"about":[{"href":"https:\/\/www.europesays.com\/fr\/wp-json\/wp\/v2\/types\/post"}],"author":[{"embeddable":true,"href":"https:\/\/www.europesays.com\/fr\/wp-json\/wp\/v2\/users\/2"}],"replies":[{"embeddable":true,"href":"https:\/\/www.europesays.com\/fr\/wp-json\/wp\/v2\/comments?post=578453"}],"version-history":[{"count":0,"href":"https:\/\/www.europesays.com\/fr\/wp-json\/wp\/v2\/posts\/578453\/revisions"}],"wp:featuredmedia":[{"embeddable":true,"href":"https:\/\/www.europesays.com\/fr\/wp-json\/wp\/v2\/media\/578454"}],"wp:attachment":[{"href":"https:\/\/www.europesays.com\/fr\/wp-json\/wp\/v2\/media?parent=578453"}],"wp:term":[{"taxonomy":"category","embeddable":true,"href":"https:\/\/www.europesays.com\/fr\/wp-json\/wp\/v2\/categories?post=578453"},{"taxonomy":"post_tag","embeddable":true,"href":"https:\/\/www.europesays.com\/fr\/wp-json\/wp\/v2\/tags?post=578453"}],"curies":[{"name":"wp","href":"https:\/\/api.w.org\/{rel}","templated":true}]}}