{"id":578455,"date":"2025-12-04T22:01:18","date_gmt":"2025-12-04T22:01:18","guid":{"rendered":"https:\/\/www.europesays.com\/fr\/578455\/"},"modified":"2025-12-04T22:01:18","modified_gmt":"2025-12-04T22:01:18","slug":"garage-place-en-redressement-judiciaire-quest-ce-que-ca-signifie-pour-le-spot-evenementiel-de-lille-04-12-2025","status":"publish","type":"post","link":"https:\/\/www.europesays.com\/fr\/578455\/","title":{"rendered":"Garage plac\u00e9 en redressement judiciaire : qu&rsquo;est-ce que \u00e7a signifie pour le spot \u00e9v\u00e9nementiel de Lille ? &#8211; 04\/12\/2025"},"content":{"rendered":"<p>\n        Garage, lieu hybride d\u2019\u00e9v\u00e9nements et de coworking \u00e0 Lille, est plac\u00e9 en redressement judiciaire. Malgr\u00e9 une programmation dense, le spot lillois cherche des solutions pour se maintenir face \u00e0 un loyer jug\u00e9 trop \u00e9lev\u00e9.<\/p>\n<p>Salon du tatouage, march\u00e9 de cr\u00e9ateurs et cr\u00e9atrices, <a target=\"_blank\" href=\"https:\/\/www.vozer.fr\/2025\/07\/24\/marche-de-createurs-bingo-et-dj-set-vous-attendent-samedi-a-garage-a-lille\/\" rel=\"noopener\">DJ sets, soir\u00e9es<\/a>, vente de v\u00e9los d&rsquo;occasion ou <a target=\"_blank\" href=\"https:\/\/www.vozer.fr\/2025\/11\/26\/debut-decembre-une-vente-de-vaisselle-de-chefs-a-prix-mini-debarque-a-lille\/\" rel=\"noopener\">de vaisselles de grands restaurants<\/a>&#8230; il n&rsquo;y a pas un week-end o\u00f9 un \u00e9v\u00e9nement n&rsquo;est pas organis\u00e9 \u00e0 Garage, le spot hybride situ\u00e9 boulevard Carnot \u00e0 Lille, qui fait aussi espace de coworking avec des bureaux pour les pros.\u00a0<\/p>\n<p>Malgr\u00e9 un agenda charg\u00e9, des rendez-vous qui font venir du public, Garage a \u00e9t\u00e9 plac\u00e9 en redressement judiciaire par le tribunal de commerce de Lille M\u00e9tropole, depuis le 24 novembre 2025. Plus simplement, l&rsquo;entreprise a des difficult\u00e9s financi\u00e8res et la mise en place de ce redressement va permettre de trouver des solutions pour sauver le lieu et \u00e9viter, \u00e0 terme, une fermeture.<\/p>\n<p>Le loyer point\u00e9 du doigt<\/p>\n<p>\u00ab\u00a0L&rsquo;activit\u00e9 de Garage grandit, on est en croissance mais l&rsquo;activit\u00e9 des bureaux a du mal \u00e0 se d\u00e9velopper donc \u00e7a fragilise le mod\u00e8le\u00a0\u00bb, explique C\u00e9cile Levyfe, fondatrice et directrice g\u00e9n\u00e9rale du spot, qui pointe surtout \u00ab\u00a0un loyer excessif\u00a0\u00bb comme <a target=\"_blank\" href=\"https:\/\/www.vozer.fr\/2025\/08\/21\/face-aux-loyers-ecrasants-une-commercante-de-lille-a-lance-une-petition\/\" rel=\"noopener\">beaucoup de commerces lillois<\/a>. \u00ab\u00a0C&rsquo;est l\u00e0 que \u00e7a blesse. C&rsquo;est difficile d&rsquo;\u00eatre commer\u00e7ants dans des grands espaces en centre-ville\u00a0\u00bb, constate la directrice. Sur le boulevard Carnot, plusieurs locaux voisins sont vides depuis leur fermeture \u00e0 l&rsquo;instar de <a target=\"_blank\" href=\"https:\/\/www.vozer.fr\/2018\/05\/14\/clockwork-lespace-de-co-working-ou-il-y-a-aussi-moyen-de-chiller\/\" rel=\"noopener\">Clockwork<\/a>, un coworking clos depuis septembre 2024 et Getir, <a target=\"_blank\" href=\"https:\/\/www.vozer.fr\/2021\/10\/08\/getir-cajoo-gorillas-ces-plateformes-en-ligne-qui-livrent-les-courses-en-moins-de-quinze-minutes\/\" rel=\"noopener\">sp\u00e9cialiste de la livraison express<\/a>, qui a quitt\u00e9 les lieux en 2023.\u00a0<\/p>\n<p>Avec un probl\u00e8me de rentabilit\u00e9 et trop de charges li\u00e9es au loyer, le redressement judiciaire arrive pour trouver des solutions. \u00ab\u00a0Des choses vont \u00eatre mises en place avec le tribunal de commerce. L\u00e0 on en est qu&rsquo;au tout d\u00e9but de la proc\u00e9dure.\u00a0\u00bb L&rsquo;objectif ? \u00ab\u00a0Continuer \u00e0 faire vivre ce lieu en gardant le m\u00eame ADN\u00a0\u00bb, assure C\u00e9cile.<\/p>\n<p>Un agenda qui ne cesse de se remplir<\/p>\n<p>Et ne vous inqui\u00e9tez pas. L&rsquo;activit\u00e9 ne risque pas de s&rsquo;arr\u00eater de sit\u00f4t. \u00ab\u00a0L&rsquo;\u00e9quipe reste mobilis\u00e9e. Les \u00e9v\u00e9nements continuent de tourner et le planning se remplit.\u00a0\u00bb D&rsquo;ailleurs, du 12 au 14 d\u00e9cembre, Garage accueille <a target=\"_blank\" href=\"https:\/\/www.vozer.fr\/2025\/12\/03\/seconde-main-reductions-cadeaux-de-noel-un-week-end-bons-plans-est-organise-a-garage\/\" rel=\"noopener\">un week-end de bons plans<\/a> \u00e0 l&rsquo;approche de No\u00ebl.<\/p>\n<p>Si vous ne voulez pas voir dispara\u00eetre ce lieu qui fait vivre Lille, vous savez ce qu&rsquo;il vous reste \u00e0 faire. \u00ab\u00a0On est preneur du soutien des acteurs locaux et du public. On a toujours voulu faire un lieu tr\u00e8s ouvert avec une programmation vari\u00e9e. Nous n&rsquo;avons pas envie que Garage devienne une dent creuse\u00a0\u00bb, souligne C\u00e9cile. Mais pour \u00e7a, \u00ab\u00a0il va falloir se battre\u00a0\u00bb.\u00a0<\/p>\n","protected":false},"excerpt":{"rendered":"Garage, lieu hybride d\u2019\u00e9v\u00e9nements et de coworking \u00e0 Lille, est plac\u00e9 en redressement judiciaire. Malgr\u00e9 une programmation dense,&hellip;\n","protected":false},"author":2,"featured_media":578456,"comment_status":"","ping_status":"","sticky":false,"template":"","format":"standard","meta":{"footnotes":""},"categories":[2815],"tags":[1111,11,1777,674,1011,27,811,1307,12,25],"class_list":{"0":"post-578455","1":"post","2":"type-post","3":"status-publish","4":"format-standard","5":"has-post-thumbnail","7":"category-lille","8":"tag-actu","9":"tag-actualites","10":"tag-eu","11":"tag-europe","12":"tag-fr","13":"tag-france","14":"tag-hauts-de-france","15":"tag-lille","16":"tag-news","17":"tag-republique-francaise"},"share_on_mastodon":{"url":"https:\/\/pubeurope.com\/@fr\/115663554834711901","error":""},"_links":{"self":[{"href":"https:\/\/www.europesays.com\/fr\/wp-json\/wp\/v2\/posts\/578455","targetHints":{"allow":["GET"]}}],"collection":[{"href":"https:\/\/www.europesays.com\/fr\/wp-json\/wp\/v2\/posts"}],"about":[{"href":"https:\/\/www.europesays.com\/fr\/wp-json\/wp\/v2\/types\/post"}],"author":[{"embeddable":true,"href":"https:\/\/www.europesays.com\/fr\/wp-json\/wp\/v2\/users\/2"}],"replies":[{"embeddable":true,"href":"https:\/\/www.europesays.com\/fr\/wp-json\/wp\/v2\/comments?post=578455"}],"version-history":[{"count":0,"href":"https:\/\/www.europesays.com\/fr\/wp-json\/wp\/v2\/posts\/578455\/revisions"}],"wp:featuredmedia":[{"embeddable":true,"href":"https:\/\/www.europesays.com\/fr\/wp-json\/wp\/v2\/media\/578456"}],"wp:attachment":[{"href":"https:\/\/www.europesays.com\/fr\/wp-json\/wp\/v2\/media?parent=578455"}],"wp:term":[{"taxonomy":"category","embeddable":true,"href":"https:\/\/www.europesays.com\/fr\/wp-json\/wp\/v2\/categories?post=578455"},{"taxonomy":"post_tag","embeddable":true,"href":"https:\/\/www.europesays.com\/fr\/wp-json\/wp\/v2\/tags?post=578455"}],"curies":[{"name":"wp","href":"https:\/\/api.w.org\/{rel}","templated":true}]}}