{"id":578457,"date":"2025-12-04T22:02:16","date_gmt":"2025-12-04T22:02:16","guid":{"rendered":"https:\/\/www.europesays.com\/fr\/578457\/"},"modified":"2025-12-04T22:02:16","modified_gmt":"2025-12-04T22:02:16","slug":"lille-mbemba-sans-rancune-avant-lom-football","status":"publish","type":"post","link":"https:\/\/www.europesays.com\/fr\/578457\/","title":{"rendered":"Lille : Mbemba sans rancune avant l&rsquo;OM &#8211; Football"},"content":{"rendered":"<p>afficher la suite &#8230;<\/p>\n<p class=\"par1\">\u00c0 la veille de ses retrouvailles avec l\u2019Olympique de Marseille, Chancel Mbemba (31 ans, 11 matchs toutes comp\u00e9titions cette saison) ne nourrit aucun esprit de revanche. Parti libre l\u2019\u00e9t\u00e9 dernier apr\u00e8s une longue mise \u00e0 l\u2019\u00e9cart, le d\u00e9fenseur central de Lille aborde ce rendez-vous particulier avec d\u00e9tachement, d\u2019apr\u00e8s les retours de son entra\u00eeneur Bruno Genesio.<\/p>\n<p>\u00ab\u00a0Sur ce qu\u2019il m\u2019en a dit, m\u00eame si Chancel n\u2019est pas le plus grand bavard, il n\u2019a pas de rancune envers l\u2019OM ni envers les personnes qui y sont. Il a \u00e9t\u00e9 touch\u00e9 par ce qu\u2019il a v\u00e9cu, mais je le sens tr\u00e8s d\u00e9tach\u00e9 aujourd\u2019hui, sans sentiments n\u00e9gatifs\u00a0\u00bb, a confi\u00e9 le technicien nordiste en conf\u00e9rence de presse.<b>Lu 1.167 fois<\/b> &#8211;  Youcef Touaitia &#8211; 04\/12\/25 \u00e0 22h24 <a target=\"_blank\" rel=\"nofollow noopener\" class=\"impr\" href=\"https:\/\/news.maxifoot.fr\/445810\/imprime.php\" title=\"Imprimer cette breve\">\u00a0<\/a><br class=\"aut1\"\/><\/p>\n","protected":false},"excerpt":{"rendered":"afficher la suite &#8230; \u00c0 la veille de ses retrouvailles avec l\u2019Olympique de Marseille, Chancel Mbemba (31 ans,&hellip;\n","protected":false},"author":2,"featured_media":578458,"comment_status":"","ping_status":"","sticky":false,"template":"","format":"standard","meta":{"footnotes":""},"categories":[2815],"tags":[1111,11,1777,674,1011,27,811,1307,12,25],"class_list":{"0":"post-578457","1":"post","2":"type-post","3":"status-publish","4":"format-standard","5":"has-post-thumbnail","7":"category-lille","8":"tag-actu","9":"tag-actualites","10":"tag-eu","11":"tag-europe","12":"tag-fr","13":"tag-france","14":"tag-hauts-de-france","15":"tag-lille","16":"tag-news","17":"tag-republique-francaise"},"share_on_mastodon":{"url":"https:\/\/pubeurope.com\/@fr\/115663558899825004","error":""},"_links":{"self":[{"href":"https:\/\/www.europesays.com\/fr\/wp-json\/wp\/v2\/posts\/578457","targetHints":{"allow":["GET"]}}],"collection":[{"href":"https:\/\/www.europesays.com\/fr\/wp-json\/wp\/v2\/posts"}],"about":[{"href":"https:\/\/www.europesays.com\/fr\/wp-json\/wp\/v2\/types\/post"}],"author":[{"embeddable":true,"href":"https:\/\/www.europesays.com\/fr\/wp-json\/wp\/v2\/users\/2"}],"replies":[{"embeddable":true,"href":"https:\/\/www.europesays.com\/fr\/wp-json\/wp\/v2\/comments?post=578457"}],"version-history":[{"count":0,"href":"https:\/\/www.europesays.com\/fr\/wp-json\/wp\/v2\/posts\/578457\/revisions"}],"wp:featuredmedia":[{"embeddable":true,"href":"https:\/\/www.europesays.com\/fr\/wp-json\/wp\/v2\/media\/578458"}],"wp:attachment":[{"href":"https:\/\/www.europesays.com\/fr\/wp-json\/wp\/v2\/media?parent=578457"}],"wp:term":[{"taxonomy":"category","embeddable":true,"href":"https:\/\/www.europesays.com\/fr\/wp-json\/wp\/v2\/categories?post=578457"},{"taxonomy":"post_tag","embeddable":true,"href":"https:\/\/www.europesays.com\/fr\/wp-json\/wp\/v2\/tags?post=578457"}],"curies":[{"name":"wp","href":"https:\/\/api.w.org\/{rel}","templated":true}]}}