{"id":578459,"date":"2025-12-04T22:03:11","date_gmt":"2025-12-04T22:03:11","guid":{"rendered":"https:\/\/www.europesays.com\/fr\/578459\/"},"modified":"2025-12-04T22:03:11","modified_gmt":"2025-12-04T22:03:11","slug":"a-saint-mauront-sebastien-delogu-appelle-le-peuple-a-aller-voter","status":"publish","type":"post","link":"https:\/\/www.europesays.com\/fr\/578459\/","title":{"rendered":"\u00e0 Saint-Mauront, S\u00e9bastien Delogu appelle le \u00ab\u00a0peuple\u00a0\u00bb \u00e0 aller voter"},"content":{"rendered":"<p>\u00ab\u00a0On a besoin de vous, il faut aller voter\u00a0\u00bb, lance <a href=\"https:\/\/www.laprovence.com\/article\/elections\/81546547132979\/municipales-2026-a-marseille-sebastien-delogu-lfi-officiellement-candidat-a-la-mairie-de-marseille\" target=\"_blank\" rel=\"noopener\">S\u00e9bastien Delogu<\/a>. Une petite dizaine de militants \u00e0 ses c\u00f4t\u00e9s, le d\u00e9put\u00e9 LFI, costume noir, \u00e9charpe grise, arpente les rues du quartier de Saint-Mauront (3e), l\u2019un des plus pauvres de <a href=\"https:\/\/www.laprovence.com\/bouches-du-rhone\/marseille-13055\" target=\"_blank\" rel=\"noopener\">Marseille<\/a>. Hasard du calendrier, une op\u00e9ration de police \u00ab\u00a0Place nette\u00a0\u00bb se d\u00e9roule \u00e0 quelques m\u00e8tres et le quartier est quadrill\u00e9 de policiers nationaux et municipaux.<\/p>\n<p>Pas de quoi toutefois perturber les habitants &#8211; \u00ab\u00a0des morts en bas de chez moi \u00e0 cause du trafic, j\u2019en ai d\u00e9j\u00e0 vu plusieurs, raconte, d\u00e9sabus\u00e9, un habitant\u00a0-, ni les militants insoumis occup\u00e9s \u00e0 tracter. Jeudi soir, \u00e0 deux jours de son premier <a href=\"https:\/\/www.laprovence.com\/article\/elections\/7191276704433914\/municipales-2026-a-marseille-premier-meeting-annonce-pour-sebastien-delogu-et-lfi\" target=\"_blank\" rel=\"noopener\">meeting \u00e0 la Belle-de-Mai<\/a> en pr\u00e9sence du d\u00e9put\u00e9 Manuel Bompard et de la militante contre les violences polici\u00e8res <a href=\"https:\/\/www.laprovence.com\/actu\/en-direct\/6409246\/relaxe-dassa-traore-poursuivie-en-diffamation-par-les-gendarmes-quelle-accuse-davoir-tue-son-frere.html\" target=\"_blank\" rel=\"noopener\">Assa Traor\u00e9<\/a>, le candidat (LFI) aux municipales est all\u00e9 \u00e0 la rencontre de ceux qu\u2019il se pla\u00eet \u00e0 appeler \u00ab\u00a0le peuple\u00a0\u00bb.<\/p>\n<p>\u00ab\u00a0On veut le blocage des prix de l\u2019\u00e9nergie\u00a0\u00bb<\/p>\n<p>Tout sourire, S\u00e9bastien Delogu serre des mains, lance des grands \u00ab\u00a0bonjour\u00a0\u00bb et prend le temps d\u2019\u00e9couter les r\u00e9criminations des uns et des autres, tout en n\u2019oubliant jamais de distiller programme et \u00e9l\u00e9ments de langage. \u00ab\u00a0J\u2019ai 65\u00a0ans, t\u00e9moigne un p\u00e8re de famille \u00e0 la sortie de <a href=\"https:\/\/www.laprovence.com\/article\/region\/77817643224408\/on-sinquiete-pour-la-securite-de-nos-enfants-le-mur-de-lecole-revolution-seffondre-a-nouveau-a-marseille\" target=\"_blank\" rel=\"noopener\">l\u2019\u00e9cole R\u00e9<\/a>&#8230;<\/p>\n","protected":false},"excerpt":{"rendered":"\u00ab\u00a0On a besoin de vous, il faut aller voter\u00a0\u00bb, lance S\u00e9bastien Delogu. Une petite dizaine de militants \u00e0&hellip;\n","protected":false},"author":2,"featured_media":578460,"comment_status":"","ping_status":"","sticky":false,"template":"","format":"standard","meta":{"footnotes":""},"categories":[2814],"tags":[17,5734,1111,11,18235,17418,1777,674,1011,27,884,3554,12,882,16,25,38632,17417],"class_list":{"0":"post-578459","1":"post","2":"type-post","3":"status-publish","4":"format-standard","5":"has-post-thumbnail","7":"category-marseille","8":"tag-17","9":"tag-5734","10":"tag-actu","11":"tag-actualites","12":"tag-appelle","13":"tag-delogu","14":"tag-eu","15":"tag-europe","16":"tag-fr","17":"tag-france","18":"tag-marseille","19":"tag-municipales","20":"tag-news","21":"tag-provence-alpes-cote-dazur","22":"tag-region","23":"tag-republique-francaise","24":"tag-saint-mauront","25":"tag-sebastien"},"share_on_mastodon":{"url":"https:\/\/pubeurope.com\/@fr\/115663562775043812","error":""},"_links":{"self":[{"href":"https:\/\/www.europesays.com\/fr\/wp-json\/wp\/v2\/posts\/578459","targetHints":{"allow":["GET"]}}],"collection":[{"href":"https:\/\/www.europesays.com\/fr\/wp-json\/wp\/v2\/posts"}],"about":[{"href":"https:\/\/www.europesays.com\/fr\/wp-json\/wp\/v2\/types\/post"}],"author":[{"embeddable":true,"href":"https:\/\/www.europesays.com\/fr\/wp-json\/wp\/v2\/users\/2"}],"replies":[{"embeddable":true,"href":"https:\/\/www.europesays.com\/fr\/wp-json\/wp\/v2\/comments?post=578459"}],"version-history":[{"count":0,"href":"https:\/\/www.europesays.com\/fr\/wp-json\/wp\/v2\/posts\/578459\/revisions"}],"wp:featuredmedia":[{"embeddable":true,"href":"https:\/\/www.europesays.com\/fr\/wp-json\/wp\/v2\/media\/578460"}],"wp:attachment":[{"href":"https:\/\/www.europesays.com\/fr\/wp-json\/wp\/v2\/media?parent=578459"}],"wp:term":[{"taxonomy":"category","embeddable":true,"href":"https:\/\/www.europesays.com\/fr\/wp-json\/wp\/v2\/categories?post=578459"},{"taxonomy":"post_tag","embeddable":true,"href":"https:\/\/www.europesays.com\/fr\/wp-json\/wp\/v2\/tags?post=578459"}],"curies":[{"name":"wp","href":"https:\/\/api.w.org\/{rel}","templated":true}]}}