{"id":57846,"date":"2025-04-27T22:37:08","date_gmt":"2025-04-27T22:37:08","guid":{"rendered":"https:\/\/www.europesays.com\/fr\/57846\/"},"modified":"2025-04-27T22:37:08","modified_gmt":"2025-04-27T22:37:08","slug":"bruno-retailleau-saisit-la-justice-contre-un-collaborateur-dune-deputee-lfi-pour-appel-a-linsurrection","status":"publish","type":"post","link":"https:\/\/www.europesays.com\/fr\/57846\/","title":{"rendered":"Bruno Retailleau saisit la justice contre un collaborateur d&rsquo;une d\u00e9put\u00e9e LFI pour appel \u00e0 l&rsquo;insurrection"},"content":{"rendered":"<p>Lors d\u2019un rassemblement place de la R\u00e9publique \u00e0 Paris dimanche, Ritchy Thibault, collaborateur de la d\u00e9put\u00e9e LFI Ersilia Soudais, a appel\u00e9 \u00e0 \u00abconstituer partout dans le pays des brigades d\u2019autod\u00e9fense populaire\u00bb pour se d\u00e9fendre contre \u00abl\u2019islamophobie\u00bb.<\/p>\n<p class=\"fig-paragraph\">Bruno Retailleau a saisi dimanche soir la justice contre Ritchy Thibault, collaborateur de la d\u00e9put\u00e9e LFI Ersilia Soudais, pour des appels \u00ab\u00e0 l&rsquo;insurrection\u00bb lors\u00a0<a href=\"http:\/\/www.lefigaro.fr\/flash-actu\/tout-est-a-cause-de-lui-bruno-retailleau-pointe-du-doigt-a-la-manifestation-contre-l-islamophobie-a-paris-20250427\" data-fig-type=\"NewsFlash\" data-gtm-custom-categorie=\"navigation\" data-gtm-custom-action=\"crossclick\" data-gtm-custom-label=\"Contextuel\" data-gtm-event=\"customEventSPE\" data-fig-domain=\"LEFIGARO\" target=\"_blank\" rel=\"noopener\">d&rsquo;un rassemblement \u00e0 Paris<\/a>\u00a0contre l&rsquo;islamophobie, a-t-on appris aupr\u00e8s du minist\u00e8re de l&rsquo;Int\u00e9rieur.<\/p>\n<p class=\"fig-paragraph\">Lors d&rsquo;un rassemblement place de la R\u00e9publique \u00e0 Paris organis\u00e9 dimanche apr\u00e8s\u00a0<a href=\"http:\/\/www.lefigaro.fr\/actualite-france\/dans-le-gard-bruno-retailleau-promet-que-le-meurtrier-sera-retrouve-et-puni-20250427\" data-fig-type=\"Article\" data-gtm-custom-categorie=\"navigation\" data-gtm-custom-action=\"crossclick\" data-gtm-custom-label=\"Contextuel\" data-gtm-event=\"customEventSPE\" data-fig-domain=\"LEFIGARO\" target=\"_blank\" rel=\"noopener\">le meurtre d&rsquo;un fid\u00e8le dans une mosqu\u00e9e<\/a>\u00a0du Gard, Ritchy Thibault a appel\u00e9 \u00e0 \u00abconstituer partout dans le pays des brigades d&rsquo;autod\u00e9fense populaire\u00bb pour se d\u00e9fendre contre \u00abl&rsquo;islamophobie\u00bb.<\/p>\n<p class=\"fig-paragraph\">\u00abOn ne peut pas compter sur les institutions. La police, la justice v\u00e9hiculent l&rsquo;islamophobie et le racisme. On ne peut compter que sur nous-m\u00eames\u00bb, a-t-il lanc\u00e9. Il a accus\u00e9 \u00abCnews, Monsieur Bollor\u00e9, (le m\u00e9dia) Fronti\u00e8res et tous les sortants d&rsquo;extr\u00eame droite\u00bb d&rsquo;avoir \u00abdu sang sur les mains\u00bb. \u00abL&rsquo;extr\u00eame-droite tue. On l&rsquo;a vu \u00e0 Nantes avec un adorateur d&rsquo;Adolf Hitler, on l&rsquo;a vu avec cet islamophobe qui a tu\u00e9 un homme dans son lieu de culte\u00bb, a-t-il dit encore.<\/p>\n<p>Ritchy Thibault d\u00e9j\u00e0 convoqu\u00e9 pour une autre affaire<\/p>\n<p class=\"fig-paragraph\">Mi-avril, le pr\u00e9fet de police de Paris Laurent Nu\u00f1ez avait saisi la justice contre M. Thibault apr\u00e8s que celui-ci a appel\u00e9 \u00e0 \u00abd\u00e9border le dispositif\u00bb des forces de l&rsquo;ordre lors du rassemblement du 1er-mai dans la capitale.<\/p>\n<p class=\"fig-paragraph\">L&rsquo;assistant parlementaire de Mme Soudais a fait savoir cette semaine qu&rsquo;il \u00e9tait convoqu\u00e9 par la police mercredi pour ces faits et a appel\u00e9 \u00e0 un rassemblement de soutien devant les locaux de la police judiciaire rue du Bastion \u00e0 Paris.<\/p>\n","protected":false},"excerpt":{"rendered":"Lors d\u2019un rassemblement place de la R\u00e9publique \u00e0 Paris dimanche, Ritchy Thibault, collaborateur de la d\u00e9put\u00e9e LFI Ersilia&hellip;\n","protected":false},"author":2,"featured_media":57847,"comment_status":"","ping_status":"","sticky":false,"template":"","format":"standard","meta":{"footnotes":""},"categories":[2],"tags":[1111,47,11,1109,1112,118,1108,107,1106,1107,1011,27,1110,1114,14,12,1113,316],"class_list":{"0":"post-57846","1":"post","2":"type-post","3":"status-publish","4":"format-standard","5":"has-post-thumbnail","7":"category-actualites","8":"tag-actu","9":"tag-actualite","10":"tag-actualites","11":"tag-breves","12":"tag-depeches","13":"tag-faits-divers","14":"tag-fil","15":"tag-fil-info","16":"tag-flash","17":"tag-flash-actu","18":"tag-fr","19":"tag-france","20":"tag-informations","21":"tag-infos","22":"tag-international","23":"tag-news","24":"tag-nouvelles","25":"tag-politique"},"share_on_mastodon":{"url":"https:\/\/pubeurope.com\/@fr\/114412325614556274","error":""},"_links":{"self":[{"href":"https:\/\/www.europesays.com\/fr\/wp-json\/wp\/v2\/posts\/57846","targetHints":{"allow":["GET"]}}],"collection":[{"href":"https:\/\/www.europesays.com\/fr\/wp-json\/wp\/v2\/posts"}],"about":[{"href":"https:\/\/www.europesays.com\/fr\/wp-json\/wp\/v2\/types\/post"}],"author":[{"embeddable":true,"href":"https:\/\/www.europesays.com\/fr\/wp-json\/wp\/v2\/users\/2"}],"replies":[{"embeddable":true,"href":"https:\/\/www.europesays.com\/fr\/wp-json\/wp\/v2\/comments?post=57846"}],"version-history":[{"count":0,"href":"https:\/\/www.europesays.com\/fr\/wp-json\/wp\/v2\/posts\/57846\/revisions"}],"wp:featuredmedia":[{"embeddable":true,"href":"https:\/\/www.europesays.com\/fr\/wp-json\/wp\/v2\/media\/57847"}],"wp:attachment":[{"href":"https:\/\/www.europesays.com\/fr\/wp-json\/wp\/v2\/media?parent=57846"}],"wp:term":[{"taxonomy":"category","embeddable":true,"href":"https:\/\/www.europesays.com\/fr\/wp-json\/wp\/v2\/categories?post=57846"},{"taxonomy":"post_tag","embeddable":true,"href":"https:\/\/www.europesays.com\/fr\/wp-json\/wp\/v2\/tags?post=57846"}],"curies":[{"name":"wp","href":"https:\/\/api.w.org\/{rel}","templated":true}]}}