{"id":578461,"date":"2025-12-04T22:04:18","date_gmt":"2025-12-04T22:04:18","guid":{"rendered":"https:\/\/www.europesays.com\/fr\/578461\/"},"modified":"2025-12-04T22:04:18","modified_gmt":"2025-12-04T22:04:18","slug":"marseille-et-sa-region-terre-dinnovation-et-de-talents","status":"publish","type":"post","link":"https:\/\/www.europesays.com\/fr\/578461\/","title":{"rendered":"Marseille et sa r\u00e9gion, terre d\u2019innovation et de talents"},"content":{"rendered":"<p>Depuis trente ans, La Provence met en lumi\u00e8re celles et ceux qui fa\u00e7onnent la richesse de notre territoire : <a href=\"https:\/\/www.laprovence.com\/article\/economie\/1852284970423115\/les-30-ans-des-trophees-de-leconomie-innovation-une-nouvelle-generation-dentrepreneurs-en-provence\" target=\"_blank\" rel=\"noopener\">des entrepreneurs qui innovent<\/a>, embauchent, produisent, exportent ou d\u00e9veloppent les technologies capables de sauver les vies de demain. Pour c\u00e9l\u00e9brer cet anniversaire, votre journal a choisi de se tourner r\u00e9solument vers l\u2019avenir.<\/p>\n<p>Ce jeudi 4 d\u00e9cembre, \u00e0 <a href=\"https:\/\/www.laprovence.com\/article\/region\/2684706958257415\/redonner-vie-a-un-batiment-historique-la-provence-revient-au-coeur-de-marseille\" target=\"_blank\" rel=\"noopener\">Grand Central<\/a>, il a ainsi \u00e9t\u00e9 valoris\u00e9 une nouvelle g\u00e9n\u00e9ration d\u2019acteurs et de jeunes engag\u00e9s, qui contribuent au dynamisme \u00e9conomique local. Les tables rondes organis\u00e9es dans la matin\u00e9e ont permis d\u2019explorer tout le potentiel de Marseille et des Bouches-du-Rh\u00f4ne, et les leviers essentiels \u00e0 leur d\u00e9veloppement.<\/p>\n<p>Marseille, terre d\u2019innovation<\/p>\n<p>Il est 9h30, lorsque <a href=\"https:\/\/www.laprovence.com\/article\/economie\/1491039900231115\/global-leadership-by-women-summit-la-promotion-des-carrieres-feminines-comme-priorite\" target=\"_blank\" rel=\"noopener\">Christine Fabresse<\/a>, pr\u00e9sidente du directoire de la Caisse d\u2019\u00c9pargne Cepac, monte sur le podium aux c\u00f4t\u00e9s d\u2019Olivier Biscaye, directeur de la r\u00e9daction, qui anime le d\u00e9bat. Elle rappelle que Marseille est une \u00ab\u00a0terre d\u2019innovation\u00a0\u00bb dont le succ\u00e8s tient en grande partie \u00e0 sa situation g\u00e9ographique\u00a0: \u00ab\u00a0Avec les marchandises qui entrent et sortent par le port, se cr\u00e9e un v\u00e9ritable \u00e9cosyst\u00e8me de champions : des entreprises qui gravitent autour, install\u00e9es depuis des g\u00e9n\u00e9rations, &#8230;<\/p>\n","protected":false},"excerpt":{"rendered":"Depuis trente ans, La Provence met en lumi\u00e8re celles et ceux qui fa\u00e7onnent la richesse de notre territoire&hellip;\n","protected":false},"author":2,"featured_media":578462,"comment_status":"","ping_status":"","sticky":false,"template":"","format":"standard","meta":{"footnotes":""},"categories":[2814],"tags":[17,1111,11,69264,1777,674,1011,27,884,12,882,16,25,104,3245,4505],"class_list":{"0":"post-578461","1":"post","2":"type-post","3":"status-publish","4":"format-standard","5":"has-post-thumbnail","7":"category-marseille","8":"tag-17","9":"tag-actu","10":"tag-actualites","11":"tag-dinnovation","12":"tag-eu","13":"tag-europe","14":"tag-fr","15":"tag-france","16":"tag-marseille","17":"tag-news","18":"tag-provence-alpes-cote-dazur","19":"tag-region","20":"tag-republique-francaise","21":"tag-societe","22":"tag-talents","23":"tag-terre"},"share_on_mastodon":{"url":"https:\/\/pubeurope.com\/@fr\/115663566615152037","error":""},"_links":{"self":[{"href":"https:\/\/www.europesays.com\/fr\/wp-json\/wp\/v2\/posts\/578461","targetHints":{"allow":["GET"]}}],"collection":[{"href":"https:\/\/www.europesays.com\/fr\/wp-json\/wp\/v2\/posts"}],"about":[{"href":"https:\/\/www.europesays.com\/fr\/wp-json\/wp\/v2\/types\/post"}],"author":[{"embeddable":true,"href":"https:\/\/www.europesays.com\/fr\/wp-json\/wp\/v2\/users\/2"}],"replies":[{"embeddable":true,"href":"https:\/\/www.europesays.com\/fr\/wp-json\/wp\/v2\/comments?post=578461"}],"version-history":[{"count":0,"href":"https:\/\/www.europesays.com\/fr\/wp-json\/wp\/v2\/posts\/578461\/revisions"}],"wp:featuredmedia":[{"embeddable":true,"href":"https:\/\/www.europesays.com\/fr\/wp-json\/wp\/v2\/media\/578462"}],"wp:attachment":[{"href":"https:\/\/www.europesays.com\/fr\/wp-json\/wp\/v2\/media?parent=578461"}],"wp:term":[{"taxonomy":"category","embeddable":true,"href":"https:\/\/www.europesays.com\/fr\/wp-json\/wp\/v2\/categories?post=578461"},{"taxonomy":"post_tag","embeddable":true,"href":"https:\/\/www.europesays.com\/fr\/wp-json\/wp\/v2\/tags?post=578461"}],"curies":[{"name":"wp","href":"https:\/\/api.w.org\/{rel}","templated":true}]}}