{"id":578463,"date":"2025-12-04T22:05:27","date_gmt":"2025-12-04T22:05:27","guid":{"rendered":"https:\/\/www.europesays.com\/fr\/578463\/"},"modified":"2025-12-04T22:05:27","modified_gmt":"2025-12-04T22:05:27","slug":"lyon-le-depute-lfi-raphael-arnault-definitivement-condamne-pour-violences-volontaires-en-reunion","status":"publish","type":"post","link":"https:\/\/www.europesays.com\/fr\/578463\/","title":{"rendered":"Lyon. Le d\u00e9put\u00e9 LFI Rapha\u00ebl Arnault d\u00e9finitivement condamn\u00e9 pour violences volontaires en r\u00e9union"},"content":{"rendered":"<p>Le d\u00e9put\u00e9 de La France Insoumise (LFI) <a href=\"https:\/\/www.leprogres.fr\/politique\/2024\/06\/17\/tout-ce-que-l-on-sait-sur-raphael-arnault-ce-lyonnais-candidat-du-front-populaire-fiche-s\" target=\"_blank\" rel=\"noopener\">Rapha\u00ebl Arnault<\/a>, fich\u00e9 S (fiche relative \u00e0 la \u00ab\u00a0s\u00fbret\u00e9 de l\u2019\u00c9tat\u00a0\u00bb \u00e9mise par la direction g\u00e9n\u00e9rale de la S\u00e9curit\u00e9 int\u00e9rieure) est \u00ab\u00a0officiellement\u00a0\u00bb d\u00e9linquant au regard de la loi.<\/p>\n<p>Le d\u00e9put\u00e9 du Vaucluse, originaire de Lyon o\u00f9 il a fond\u00e9 l\u2019organisation antifasciste Jeune Garde, avait \u00e9t\u00e9 condamn\u00e9 \u00e0 quatre mois de prison avec sursis par le tribunal correctionnel de Lyon en f\u00e9vrier\u00a02022 pour violences volontaires en r\u00e9union. Ayant fait appel dans la foul\u00e9e, il \u00e9tait donc depuis pr\u00e9sum\u00e9 innocent.<\/p>\n<p>Mais alors qu\u2019un nouveau proc\u00e8s se profilait, <a href=\"https:\/\/www.leprogres.fr\/p\/raphael-arnault\" target=\"_blank\" rel=\"noopener\">Rapha\u00ebl Arnault<\/a> a fini par renoncer \u00e0 son appel, il y a plusieurs mois. Un arr\u00eat de la Cour d\u2019appel de Lyon datant du 10\u00a0mars 2025, constate son d\u00e9sistement, selon nos confr\u00e8res du <a href=\"https:\/\/www.lefigaro.fr\/faits-divers\/le-depute-lfi-raphael-arnault-a-ete-definitivement-condamne-par-la-justice-pour-violences-volontaires-en-reunion-20251204\" target=\"_blank\" rel=\"noopener\">Figaro<\/a>.<\/p>\n","protected":false},"excerpt":{"rendered":"Le d\u00e9put\u00e9 de La France Insoumise (LFI) Rapha\u00ebl Arnault, fich\u00e9 S (fiche relative \u00e0 la \u00ab\u00a0s\u00fbret\u00e9 de l\u2019\u00c9tat\u00a0\u00bb&hellip;\n","protected":false},"author":2,"featured_media":578464,"comment_status":"","ping_status":"","sticky":false,"template":"","format":"standard","meta":{"footnotes":""},"categories":[1889],"tags":[1111,11,2430,2757,1777,674,274,107,1011,27,2338,2428,2756,12,316,25,2429],"class_list":{"0":"post-578463","1":"post","2":"type-post","3":"status-publish","4":"format-standard","5":"has-post-thumbnail","7":"category-lyon","8":"tag-actu","9":"tag-actualites","10":"tag-auvergne-rhone-alpes","11":"tag-edition-lyon-villeurbanne","12":"tag-eu","13":"tag-europe","14":"tag-faits-divers-justice","15":"tag-fil-info","16":"tag-fr","17":"tag-france","18":"tag-la-france-insoumise","19":"tag-lyon","20":"tag-lyon-bassin","21":"tag-news","22":"tag-politique","23":"tag-republique-francaise","24":"tag-rhone"},"share_on_mastodon":{"url":"https:\/\/pubeurope.com\/@fr\/115663570484730670","error":""},"_links":{"self":[{"href":"https:\/\/www.europesays.com\/fr\/wp-json\/wp\/v2\/posts\/578463","targetHints":{"allow":["GET"]}}],"collection":[{"href":"https:\/\/www.europesays.com\/fr\/wp-json\/wp\/v2\/posts"}],"about":[{"href":"https:\/\/www.europesays.com\/fr\/wp-json\/wp\/v2\/types\/post"}],"author":[{"embeddable":true,"href":"https:\/\/www.europesays.com\/fr\/wp-json\/wp\/v2\/users\/2"}],"replies":[{"embeddable":true,"href":"https:\/\/www.europesays.com\/fr\/wp-json\/wp\/v2\/comments?post=578463"}],"version-history":[{"count":0,"href":"https:\/\/www.europesays.com\/fr\/wp-json\/wp\/v2\/posts\/578463\/revisions"}],"wp:featuredmedia":[{"embeddable":true,"href":"https:\/\/www.europesays.com\/fr\/wp-json\/wp\/v2\/media\/578464"}],"wp:attachment":[{"href":"https:\/\/www.europesays.com\/fr\/wp-json\/wp\/v2\/media?parent=578463"}],"wp:term":[{"taxonomy":"category","embeddable":true,"href":"https:\/\/www.europesays.com\/fr\/wp-json\/wp\/v2\/categories?post=578463"},{"taxonomy":"post_tag","embeddable":true,"href":"https:\/\/www.europesays.com\/fr\/wp-json\/wp\/v2\/tags?post=578463"}],"curies":[{"name":"wp","href":"https:\/\/api.w.org\/{rel}","templated":true}]}}