{"id":578465,"date":"2025-12-04T22:06:15","date_gmt":"2025-12-04T22:06:15","guid":{"rendered":"https:\/\/www.europesays.com\/fr\/578465\/"},"modified":"2025-12-04T22:06:15","modified_gmt":"2025-12-04T22:06:15","slug":"quais-de-saone-parc-de-la-tete-dor-place-des-terreaux-tout-lyon-sillumine","status":"publish","type":"post","link":"https:\/\/www.europesays.com\/fr\/578465\/","title":{"rendered":"quais de Sa\u00f4ne, parc de la T\u00eate d&rsquo;Or, place des Terreaux&#8230; tout Lyon s&rsquo;illumine"},"content":{"rendered":"<p>Le tonitruant Bombtrack du groupe Rage against the machine rugit dans l&rsquo;imposant Ghettoblaster pos\u00e9 sur la place Louis-Pradel, survol\u00e9 par des silhouettes lumineuses en plein vol : l&rsquo;\u0153uvre HDV rend hommage \u00e0 ce spot pris\u00e9 des skateurs, de Lyon et d&rsquo;ailleurs.<\/p>\n<p>L&rsquo;\u0153uvre change de couleur.<\/p>\n<p>\u00ab\u00a0L&rsquo;\u0153uvre s&rsquo;adresse aux personnes les plus pointues comme au grand public\u00a0\u00bb, explique Julien Menzel, le concepteur.<\/p>\n","protected":false},"excerpt":{"rendered":"Le tonitruant Bombtrack du groupe Rage against the machine rugit dans l&rsquo;imposant Ghettoblaster pos\u00e9 sur la place Louis-Pradel,&hellip;\n","protected":false},"author":2,"featured_media":578466,"comment_status":"","ping_status":"","sticky":false,"template":"","format":"standard","meta":{"footnotes":""},"categories":[1889],"tags":[1111,11,2430,1687,3152,2757,3153,3154,3155,3156,1777,674,48836,3326,107,1011,27,2428,12,25,2429,3151],"class_list":{"0":"post-578465","1":"post","2":"type-post","3":"status-publish","4":"format-standard","5":"has-post-thumbnail","7":"category-lyon","8":"tag-actu","9":"tag-actualites","10":"tag-auvergne-rhone-alpes","11":"tag-culture-loisirs","12":"tag-edition-est-lyonnais","13":"tag-edition-lyon-villeurbanne","14":"tag-edition-ouest-lyonnais","15":"tag-edition-sud-lyonnais","16":"tag-edition-tarare","17":"tag-edition-villefranche","18":"tag-eu","19":"tag-europe","20":"tag-fete-des-lumieres","21":"tag-fete-locale","22":"tag-fil-info","23":"tag-fr","24":"tag-france","25":"tag-lyon","26":"tag-news","27":"tag-republique-francaise","28":"tag-rhone","29":"tag-selection-de-la-redaction-69"},"share_on_mastodon":{"url":"https:\/\/pubeurope.com\/@fr\/115663574356880602","error":""},"_links":{"self":[{"href":"https:\/\/www.europesays.com\/fr\/wp-json\/wp\/v2\/posts\/578465","targetHints":{"allow":["GET"]}}],"collection":[{"href":"https:\/\/www.europesays.com\/fr\/wp-json\/wp\/v2\/posts"}],"about":[{"href":"https:\/\/www.europesays.com\/fr\/wp-json\/wp\/v2\/types\/post"}],"author":[{"embeddable":true,"href":"https:\/\/www.europesays.com\/fr\/wp-json\/wp\/v2\/users\/2"}],"replies":[{"embeddable":true,"href":"https:\/\/www.europesays.com\/fr\/wp-json\/wp\/v2\/comments?post=578465"}],"version-history":[{"count":0,"href":"https:\/\/www.europesays.com\/fr\/wp-json\/wp\/v2\/posts\/578465\/revisions"}],"wp:featuredmedia":[{"embeddable":true,"href":"https:\/\/www.europesays.com\/fr\/wp-json\/wp\/v2\/media\/578466"}],"wp:attachment":[{"href":"https:\/\/www.europesays.com\/fr\/wp-json\/wp\/v2\/media?parent=578465"}],"wp:term":[{"taxonomy":"category","embeddable":true,"href":"https:\/\/www.europesays.com\/fr\/wp-json\/wp\/v2\/categories?post=578465"},{"taxonomy":"post_tag","embeddable":true,"href":"https:\/\/www.europesays.com\/fr\/wp-json\/wp\/v2\/tags?post=578465"}],"curies":[{"name":"wp","href":"https:\/\/api.w.org\/{rel}","templated":true}]}}