{"id":578469,"date":"2025-12-04T22:09:21","date_gmt":"2025-12-04T22:09:21","guid":{"rendered":"https:\/\/www.europesays.com\/fr\/578469\/"},"modified":"2025-12-04T22:09:21","modified_gmt":"2025-12-04T22:09:21","slug":"le-poseur-presume-de-bombes-la-veille-de-lassaut-du-capitole-arrete","status":"publish","type":"post","link":"https:\/\/www.europesays.com\/fr\/578469\/","title":{"rendered":"le poseur pr\u00e9sum\u00e9 de bombes la veille de l\u2019assaut du Capitole arr\u00eat\u00e9"},"content":{"rendered":"<p>                      <img loading=\"lazy\" decoding=\"async\" src=\"https:\/\/www.europesays.com\/fr\/wp-content\/uploads\/2025\/12\/a5d1ec7_ftp-1-ar1nvfbc77ff-5598558-01-06.jpg\" alt=\"La procureure g\u00e9n\u00e9rale, Pam Bondi (\u00e0 gauche), le directeur du FBI, Kash Patel (au centre), et le directeur adjoint du FBI, Dan Bongino, tiennent une conf\u00e9rence de presse au minist\u00e8re de la justice, \u00e0 Washington, le 4\u00a0d\u00e9cembre\u00a02025.\"   width=\"664\" height=\"443\"\/>    La procureure g\u00e9n\u00e9rale, Pam Bondi (\u00e0 gauche), le directeur du FBI, Kash Patel (au centre), et le directeur adjoint du FBI, Dan Bongino, tiennent une conf\u00e9rence de presse au minist\u00e8re de la justice, \u00e0 Washington, le 4\u00a0d\u00e9cembre\u00a02025.  ANDREW HARNIK \/ AFP                          <\/p>\n<p class=\"article__paragraph  \">Un suspect \u00e2g\u00e9 de 30\u00a0ans a \u00e9t\u00e9 arr\u00eat\u00e9, jeudi 4\u00a0d\u00e9cembre, dans l\u2019enqu\u00eate sur la pose de bombes artisanales devant les si\u00e8ges des deux principaux partis politiques des Etats-Unis \u00e0 la veille de l\u2019assaut du Capitole, en janvier\u00a02021. Il s\u2019agit de la premi\u00e8re arrestation annonc\u00e9e en plus de quatre ans dans ce dossier pour lequel le FBI, la police f\u00e9d\u00e9rale, offrait une r\u00e9compense de 500\u00a0000\u00a0dollars en \u00e9change de toute information permettant l\u2019identification du suspect.<\/p>\n<p class=\"article__paragraph  \">Le myst\u00e8re persistant sur l\u2019identit\u00e9 et les motivations du poseur de ces bombes artisanales, qui n\u2019avaient pas explos\u00e9, a aliment\u00e9 de nombreuses th\u00e8ses complotistes sur une possible manipulation de l\u2019assaut du Capitole le lendemain, le 6\u00a0janvier\u00a02021, par les partisans de Donald Trump.<\/p>\n<p class=\"article__paragraph  \">\u00ab\u00a0Ce matin, Brian Cole a \u00e9t\u00e9 arr\u00eat\u00e9 et inculp\u00e9 de la pose des bombes aux si\u00e8ges des partis r\u00e9publicain et d\u00e9mocrate le 5\u00a0janvier\u00a02021\u00a0\u00bb, pr\u00e8s du Capitole, a d\u00e9clar\u00e9 la ministre de la justice, Pam Bondi, lors d\u2019une conf\u00e9rence de presse. Il est poursuivi pour tentative d\u2019utilisation d\u2019explosifs \u00e0 des fins malveillantes et transport d\u2019explosifs afin de commettre un acte de violence, selon les documents publi\u00e9s simultan\u00e9ment par l\u2019accusation.<\/p>\n<p class=\"article__paragraph  \">Il a \u00e9t\u00e9 arr\u00eat\u00e9 \u00e0 Woodbridge, en Virginie, pr\u00e8s de Washington, o\u00f9 il vit avec sa m\u00e8re et d\u2019autres membres de sa famille, selon les autorit\u00e9s judiciaires. Il travaille dans un bureau garantissant le versement de cautions par les d\u00e9tenus pour leur lib\u00e9ration conditionnelle, selon les m\u00eames sources.<\/p>\n<p>                                       Lire aussi |  Article r\u00e9serv\u00e9 \u00e0 nos abonn\u00e9s  <a href=\"https:\/\/www.lemonde.fr\/international\/article\/2025\/01\/16\/aux-etats-unis-la-revanche-des-emeutiers-du-capitole-nouvelles-stars-du-mouvement-maga_6501972_3210.html\" class=\"js-article-read-also catcher--favoris__link\" data-premium=\"1\" id=\"article-title-3404979\" target=\"_blank\" rel=\"noopener\">Aux Etats-Unis, la revanche des \u00e9meutiers du Capitole, nouvelles stars du mouvement MAGA<\/a>    <\/p>\n<p>   Lire plus tard  <\/p>\n<p>                          1\u00a0250\u00a0condamn\u00e9s graci\u00e9s                    <\/p>\n<p class=\"article__paragraph  \">\u00ab\u00a0Nous avons \u00e9lucid\u00e9 cette affaire\u00a0\u00bb, a assur\u00e9 pour sa part le directeur du FBI, Kash Patel, expliquant que cette arrestation \u00e9tait le r\u00e9sultat du r\u00e9examen minutieux de l\u2019ensemble des indices collect\u00e9s depuis des ann\u00e9es.<\/p>\n<p class=\"article__paragraph  \">Interrog\u00e9e sur les \u00e9ventuelles motivations politiques du suspect ou un lien entre ses actes et l\u2019assaut du Capitole, la ministre de la justice a affirm\u00e9 ne pas pouvoir r\u00e9pondre tant que les investigations se poursuivaient.<\/p>\n<p class=\"article__paragraph  \">Le 6\u00a0janvier\u00a02021, des centaines de partisans de Donald Trump, alors pr\u00e9sident sortant, chauff\u00e9s \u00e0 blanc par ses accusations sans fondement de fraude \u00e9lectorale, avaient pris d\u2019assaut le Capitole, sanctuaire de la d\u00e9mocratie am\u00e9ricaine, pour tenter d\u2019y emp\u00eacher la certification de la victoire du d\u00e9mocrate Joe Biden.<\/p>\n<p>                                       Lire aussi le r\u00e9cit (2022) |  Article r\u00e9serv\u00e9 \u00e0 nos abonn\u00e9s  <a href=\"https:\/\/www.lemonde.fr\/international\/article\/2022\/07\/22\/assaut-du-capitole-les-187-minutes-ou-trump-a-laisse-faire_6135725_3210.html\" class=\"js-article-read-also catcher--favoris__link\" data-premium=\"1\" id=\"article-title-3283625\" target=\"_blank\" rel=\"noopener\">Les 187\u00a0minutes o\u00f9 Donald Trump a laiss\u00e9 faire les \u00e9meutes du 6\u00a0janvier\u00a02021<\/a>    <\/p>\n<p>   Lire plus tard  <\/p>\n<p class=\"article__paragraph  \">Les bombes, d\u00e9couvertes quinze heures plus tard, n\u2019avaient pas explos\u00e9 et pourraient n\u2019avoir \u00e9t\u00e9 destin\u00e9es qu\u2019\u00e0 faire diversion pour \u00e9loigner la police du Capitole juste avant l\u2019assaut, avaient estim\u00e9 des analystes.<\/p>\n<p> Le Monde M\u00e9morable  <\/p>\n<p> <a href=\"https:\/\/www.lemonde.fr\/memorable\/?rfextension=inread\" class=\"inread__link js-services-inread-link\" target=\"_blank\" rel=\"noopener\">  <\/p>\n<p>Testez votre culture g\u00e9n\u00e9rale avec la r\u00e9daction du \u00ab Monde \u00bb<\/p>\n<p>Testez votre culture g\u00e9n\u00e9rale avec la r\u00e9daction du \u00ab Monde \u00bb<\/p>\n<p>D\u00e9couvrir<\/p>\n<p> <\/a>      <\/p>\n<p> Newsletter  <\/p>\n<p> <a href=\"https:\/\/www.lemonde.fr\/newsletters\/a-la-une\/\" class=\"inread__link js-services-inread-link\" target=\"_blank\" rel=\"noopener\">  <\/p>\n<p>\u00ab A la une \u00bb<\/p>\n<p>Chaque matin, parcourez l&rsquo;essentiel de l&rsquo;actualit\u00e9 du jour avec les derniers titres du \u00ab Monde \u00bb<\/p>\n<p>S&rsquo;inscrire<\/p>\n<p> <\/a>          <\/p>\n<p> Le Monde Application  <\/p>\n<p> <a href=\"https:\/\/lamatinale.onelink.me\/gKMy\/ahw2ubr3\" class=\"inread__link js-services-inread-link\" target=\"_blank\" rel=\"noopener\">  <\/p>\n<p>La Matinale du Monde<\/p>\n<p>Chaque matin, retrouvez notre s\u00e9lection de 20 articles \u00e0 ne pas manquer <\/p>\n<p>T\u00e9l\u00e9charger l&rsquo;application<\/p>\n<p> <\/a>      <\/p>\n<p> Newsletter abonn\u00e9s  <\/p>\n<p> <a href=\"https:\/\/www.lemonde.fr\/newsletters\/international\/\" class=\"inread__link js-services-inread-link\" target=\"_blank\" rel=\"noopener\">  <\/p>\n<p>\u00ab International \u00bb<\/p>\n<p>L\u2019essentiel de l\u2019actualit\u00e9 internationale de la semaine<\/p>\n<p>S&rsquo;inscrire<\/p>\n<p> <\/a>             <\/p>\n<p class=\"article__paragraph  \">Le 20\u00a0janvier, d\u00e8s son retour \u00e0 la Maison Blanche, Donald Trump a graci\u00e9 par d\u00e9cret quelque 1\u00a0250\u00a0condamn\u00e9s pour l\u2019assaut du Capitole, commuant la peine de 14\u00a0autres et ordonnant l\u2019arr\u00eat des poursuites contre quelques centaines d\u2019accus\u00e9s encore en instance de jugement. Il a ainsi ray\u00e9 d\u2019un trait de feutre la plus vaste enqu\u00eate jamais men\u00e9e par le minist\u00e8re de la justice.<\/p>\n<p>                                       Lire aussi |  Article r\u00e9serv\u00e9 \u00e0 nos abonn\u00e9s  <a href=\"https:\/\/www.lemonde.fr\/international\/article\/2025\/10\/24\/trump-multiplie-les-graces-pour-ses-allies-en-affaires-et-ses-soutiens-politiques_6649155_3210.html\" class=\"js-article-read-also catcher--favoris__link\" data-premium=\"1\" id=\"article-title-3443689\" target=\"_blank\" rel=\"noopener\">Donald Trump multiplie les gr\u00e2ces pour ses alli\u00e9s en affaires et ses soutiens politiques<\/a>    <\/p>\n<p>   Lire plus tard  <\/p>\n<p class=\"author__detail\">  Le Monde avec AFP  <\/p>\n<p>                <a href=\"https:\/\/www.lemonde.fr\/syndication\/\" class=\"reuse__content\" title=\"R\u00e9utiliser ce contenu\" target=\"_blank\" rel=\"noopener\">R\u00e9utiliser ce contenu<\/a>      <\/p>\n","protected":false},"excerpt":{"rendered":"La procureure g\u00e9n\u00e9rale, Pam Bondi (\u00e0 gauche), le directeur du FBI, Kash Patel (au centre), et le directeur&hellip;\n","protected":false},"author":2,"featured_media":578470,"comment_status":"","ping_status":"","sticky":false,"template":"","format":"standard","meta":{"footnotes":""},"categories":[1888],"tags":[1111,1928,11,1927,1777,674,1011,27,12,1926,626,1925,25],"class_list":{"0":"post-578469","1":"post","2":"type-post","3":"status-publish","4":"format-standard","5":"has-post-thumbnail","7":"category-paris","8":"tag-actu","9":"tag-actu-paris","10":"tag-actualites","11":"tag-actualites-paris","12":"tag-eu","13":"tag-europe","14":"tag-fr","15":"tag-france","16":"tag-news","17":"tag-news-paris","18":"tag-paris","19":"tag-paris-news","20":"tag-republique-francaise"},"share_on_mastodon":{"url":"https:\/\/pubeurope.com\/@fr\/115663587172094846","error":""},"_links":{"self":[{"href":"https:\/\/www.europesays.com\/fr\/wp-json\/wp\/v2\/posts\/578469","targetHints":{"allow":["GET"]}}],"collection":[{"href":"https:\/\/www.europesays.com\/fr\/wp-json\/wp\/v2\/posts"}],"about":[{"href":"https:\/\/www.europesays.com\/fr\/wp-json\/wp\/v2\/types\/post"}],"author":[{"embeddable":true,"href":"https:\/\/www.europesays.com\/fr\/wp-json\/wp\/v2\/users\/2"}],"replies":[{"embeddable":true,"href":"https:\/\/www.europesays.com\/fr\/wp-json\/wp\/v2\/comments?post=578469"}],"version-history":[{"count":0,"href":"https:\/\/www.europesays.com\/fr\/wp-json\/wp\/v2\/posts\/578469\/revisions"}],"wp:featuredmedia":[{"embeddable":true,"href":"https:\/\/www.europesays.com\/fr\/wp-json\/wp\/v2\/media\/578470"}],"wp:attachment":[{"href":"https:\/\/www.europesays.com\/fr\/wp-json\/wp\/v2\/media?parent=578469"}],"wp:term":[{"taxonomy":"category","embeddable":true,"href":"https:\/\/www.europesays.com\/fr\/wp-json\/wp\/v2\/categories?post=578469"},{"taxonomy":"post_tag","embeddable":true,"href":"https:\/\/www.europesays.com\/fr\/wp-json\/wp\/v2\/tags?post=578469"}],"curies":[{"name":"wp","href":"https:\/\/api.w.org\/{rel}","templated":true}]}}