{"id":578471,"date":"2025-12-04T22:10:23","date_gmt":"2025-12-04T22:10:23","guid":{"rendered":"https:\/\/www.europesays.com\/fr\/578471\/"},"modified":"2025-12-04T22:10:23","modified_gmt":"2025-12-04T22:10:23","slug":"paris-sous-pression-la-mairie-nomme-une-defenseure-des-enfants-apres-les-scandales-periscolaires","status":"publish","type":"post","link":"https:\/\/www.europesays.com\/fr\/578471\/","title":{"rendered":"Paris : Sous pression, la mairie nomme une D\u00e9fenseure des enfants apr\u00e8s les scandales p\u00e9riscolaires"},"content":{"rendered":"<p class=\"mb-4 text-lg md:leading-8 break-words\"><strong>violences sexuelles &#8211; De nombreux animateurs p\u00e9riscolaires ont \u00e9t\u00e9 suspendus \u00e0 Paris ces derniers mois, soup\u00e7onn\u00e9s de violences sexuelles sur des enfants<\/strong><\/p>\n<p class=\"mb-4 text-lg md:leading-8 break-words\">Secou\u00e9e par une multiplication de signalements pour violences sexuelles dans le p\u00e9riscolaire, la <a href=\"https:\/\/www.20minutes.fr\/dossier\/mairie_de_paris?at_medium=RSS%20feed&amp;at_campaign=ynews&amp;utm_source=yahoo&amp;utm_medium=rss&amp;utm_campaign=news_feed&amp;utm_content=in_article_link\" rel=\"nofollow noopener\" target=\"_blank\" data-ylk=\"slk:mairie de Paris;elm:context_link;itc:0;sec:content-canvas\" class=\"link \">mairie de Paris<\/a> a nomm\u00e9 jeudi une D\u00e9fenseure des enfants pr\u00e9sent\u00e9e comme \u00ab\u00a0ind\u00e9pendante\u00a0\u00bb, cens\u00e9e apaiser la tension alors que la ville est point\u00e9e du doigt pour des manquements. \u00ab\u00a0Je serai la garante de l\u2019int\u00e9r\u00eat sup\u00e9rieur des enfants et \u00e0 l\u2019\u00e9coute des familles dont les attentes vis-\u00e0-vis de l\u2019administration sont l\u00e9gitimes\u00a0\u00bb, a assur\u00e9 Dominique Versini, 71 ans, nomm\u00e9e au poste de D\u00e9fenseure par la maire socialiste <a href=\"https:\/\/www.20minutes.fr\/dossier\/anne_hidalgo?at_medium=RSS%20feed&amp;at_campaign=ynews&amp;utm_source=yahoo&amp;utm_medium=rss&amp;utm_campaign=news_feed&amp;utm_content=in_article_link\" rel=\"nofollow noopener\" target=\"_blank\" data-ylk=\"slk:Anne Hidalgo;elm:context_link;itc:0;sec:content-canvas\" class=\"link \">Anne Hidalgo<\/a> dont elle \u00e9tait jusqu\u2019\u00e0 jeudi l\u2019adjointe depuis dix ans.<\/p>\n<p class=\"mb-4 text-lg md:leading-8 break-words\">L\u2019ancienne d\u00e9fenseure des enfants au niveau national (2006-2011) sera charg\u00e9e de recevoir les saisines des enfants et de leurs parents, de les instruire, de faire des recommandations \u00e0 la <a href=\"https:\/\/www.20minutes.fr\/dossier\/ville?at_medium=RSS%20feed&amp;at_campaign=ynews&amp;utm_source=yahoo&amp;utm_medium=rss&amp;utm_campaign=news_feed&amp;utm_content=in_article_link\" rel=\"nofollow noopener\" target=\"_blank\" data-ylk=\"slk:Ville;elm:context_link;itc:0;sec:content-canvas\" class=\"link \">Ville<\/a> et de les orienter vers la justice en cas de \u00ab\u00a0situation de danger d\u2019un enfant\u00a0\u00bb, explique la mairie.<\/p>\n<p>Seize animateurs suspendus<\/p>\n<p class=\"mb-4 text-lg md:leading-8 break-words\">Cette nouvelle fonction pr\u00e9sent\u00e9e comme \u00ab\u00a0ind\u00e9pendante de l\u2019administration et de l\u2019ex\u00e9cutif\u00a0\u00bb a \u00e9t\u00e9 cr\u00e9\u00e9e dans le cadre plan de lutte contre les violences sexistes et sexuelles faites aux enfants dans les \u00e9coles, qui pr\u00e9voit aussi un renforcement de la formation et du contr\u00f4le dans le recrutement des animateurs du p\u00e9riscolaire.<\/p>\n<p class=\"mb-4 text-lg md:leading-8 break-words\">Le plan a \u00e9t\u00e9 adopt\u00e9 en novembre au Conseil de Paris dans un climat politique agit\u00e9 \u00e0 quatre mois des municipales, l\u2019opposition accusant la majorit\u00e9 socialiste \u00ab\u00a0d\u2019inaction\u00a0\u00bb alors que les signalements se multipliaient dans le p\u00e9riscolaire. En\u00a02025, seize ani(&#8230;)<\/p>\n<p class=\"mb-4 text-lg md:leading-8 break-words\"><a href=\"https:\/\/www.20minutes.fr\/paris\/4189787-20251204-paris-sous-pression-mairie-nomme-defenseure-enfants-apres-scandales-periscolaires?at_medium=RSS%20feed&amp;at_campaign=ynews&amp;utm_source=yahoo&amp;utm_medium=rss&amp;utm_campaign=news_feed&amp;utm_content=read_more_link&quot;\" rel=\"nofollow noopener\" target=\"_blank\" data-ylk=\"slk:Lire la suite sur 20minutes;elm:context_link;itc:0;sec:content-canvas\" class=\"link \">Lire la suite sur 20minutes<\/a><\/p>\n<p>\u00c0 lire aussi :<br \/><a href=\"https:\/\/www.20minutes.fr\/societe\/4188069-20251126-paris-parents-silence-violences-sexuelles-periscolaire-doit-cesser?at_medium=RSS%20feed&amp;at_campaign=ynews&amp;utm_source=yahoo&amp;utm_medium=rss&amp;utm_campaign=news_feed&amp;utm_content=related_content_link\" rel=\"nofollow noopener\" target=\"_blank\" data-ylk=\"slk:Paris\u00a0: Pour les parents, le \u00ab\u00a0silence\u00a0\u00bb sur les violences sexuelles dans le p\u00e9riscolaire \u00ab\u00a0doit cesser\u00a0\u00bb;elm:context_link;itc:0;sec:content-canvas\" class=\"link \">Paris\u00a0: Pour les parents, le \u00ab\u00a0silence\u00a0\u00bb sur les violences sexuelles dans le p\u00e9riscolaire \u00ab\u00a0doit cesser\u00a0\u00bb<\/a><br \/><a href=\"https:\/\/www.20minutes.fr\/faits_divers\/4188476-20251128-essonne-animateur-periscolaire-ecroue-agressions-sexuelles-dix-enfants?at_medium=RSS%20feed&amp;at_campaign=ynews&amp;utm_source=yahoo&amp;utm_medium=rss&amp;utm_campaign=news_feed&amp;utm_content=related_content_link\" rel=\"nofollow noopener\" target=\"_blank\" data-ylk=\"slk:Essonne\u00a0: Un animateur p\u00e9riscolaire \u00e9crou\u00e9 pour des agressions sexuelles sur dix enfants;elm:context_link;itc:0;sec:content-canvas\" class=\"link \">Essonne\u00a0: Un animateur p\u00e9riscolaire \u00e9crou\u00e9 pour des agressions sexuelles sur dix enfants<\/a><\/p>\n","protected":false},"excerpt":{"rendered":"violences sexuelles &#8211; De nombreux animateurs p\u00e9riscolaires ont \u00e9t\u00e9 suspendus \u00e0 Paris ces derniers mois, soup\u00e7onn\u00e9s de violences&hellip;\n","protected":false},"author":2,"featured_media":578472,"comment_status":"","ping_status":"","sticky":false,"template":"","format":"standard","meta":{"footnotes":""},"categories":[1888],"tags":[1111,1928,11,1927,2617,69265,1777,674,1011,27,42860,2381,12,1926,626,1925,25,799],"class_list":{"0":"post-578471","1":"post","2":"type-post","3":"status-publish","4":"format-standard","5":"has-post-thumbnail","7":"category-paris","8":"tag-actu","9":"tag-actu-paris","10":"tag-actualites","11":"tag-actualites-paris","12":"tag-conseil-de-paris","13":"tag-defenseure-des-enfants","14":"tag-eu","15":"tag-europe","16":"tag-fr","17":"tag-france","18":"tag-les-parents","19":"tag-mairie-de-paris","20":"tag-news","21":"tag-news-paris","22":"tag-paris","23":"tag-paris-news","24":"tag-republique-francaise","25":"tag-violences-sexuelles"},"share_on_mastodon":{"url":"https:\/\/pubeurope.com\/@fr\/115663590258311885","error":""},"_links":{"self":[{"href":"https:\/\/www.europesays.com\/fr\/wp-json\/wp\/v2\/posts\/578471","targetHints":{"allow":["GET"]}}],"collection":[{"href":"https:\/\/www.europesays.com\/fr\/wp-json\/wp\/v2\/posts"}],"about":[{"href":"https:\/\/www.europesays.com\/fr\/wp-json\/wp\/v2\/types\/post"}],"author":[{"embeddable":true,"href":"https:\/\/www.europesays.com\/fr\/wp-json\/wp\/v2\/users\/2"}],"replies":[{"embeddable":true,"href":"https:\/\/www.europesays.com\/fr\/wp-json\/wp\/v2\/comments?post=578471"}],"version-history":[{"count":0,"href":"https:\/\/www.europesays.com\/fr\/wp-json\/wp\/v2\/posts\/578471\/revisions"}],"wp:featuredmedia":[{"embeddable":true,"href":"https:\/\/www.europesays.com\/fr\/wp-json\/wp\/v2\/media\/578472"}],"wp:attachment":[{"href":"https:\/\/www.europesays.com\/fr\/wp-json\/wp\/v2\/media?parent=578471"}],"wp:term":[{"taxonomy":"category","embeddable":true,"href":"https:\/\/www.europesays.com\/fr\/wp-json\/wp\/v2\/categories?post=578471"},{"taxonomy":"post_tag","embeddable":true,"href":"https:\/\/www.europesays.com\/fr\/wp-json\/wp\/v2\/tags?post=578471"}],"curies":[{"name":"wp","href":"https:\/\/api.w.org\/{rel}","templated":true}]}}