{"id":578473,"date":"2025-12-04T22:11:26","date_gmt":"2025-12-04T22:11:26","guid":{"rendered":"https:\/\/www.europesays.com\/fr\/578473\/"},"modified":"2025-12-04T22:11:26","modified_gmt":"2025-12-04T22:11:26","slug":"la-ffpapf-lance-le-palmares-role-modele-pour-recompenser-les-marques-communautaires","status":"publish","type":"post","link":"https:\/\/www.europesays.com\/fr\/578473\/","title":{"rendered":"La FFPAPF lance le Palmar\u00e8s R\u00f4le Mod\u00e8le pour r\u00e9compenser les marques communautaires"},"content":{"rendered":"<p>\n                                    <b>Publi\u00e9 le<\/b><br \/>\n                                    <\/p>\n<p>                                        4 d\u00e9cembre 2025<\/p>\n<p class=\"article-content col-md-8 offset-md-1\">\n                                Ce mercredi 3 d\u00e9cembre 2025, la F\u00e9d\u00e9ration Fran\u00e7aise du Pr\u00eat \u00e0 Porter F\u00e9minin (<a class=\"fnwAddLinks\" href=\"https:\/\/fr.fashionnetwork.com\/tags-ffpapf\" title=\"FFPAPF\" target=\"_blank\" rel=\"noopener\">FFPAPF<\/a>) r\u00e9unissait 120 dirigeantes et dirigeants de la mode fran\u00e7aise autour de la th\u00e9matique des communaut\u00e9s. \u201cL\u2019heure est \u00e0 l\u2019exclusivit\u00e9 communautaire et au parti-pris\u201d, y communique la F\u00e9d\u00e9ration. Pour cette derni\u00e8re, ce ph\u00e9nom\u00e8ne repr\u00e9sente une aubaine pour les marques de mode: mode et sport, mode et gaming, mode et musique\u2026 Les exemples sont nombreux.<\/p>\n<p><img decoding=\"async\" class=\"news-image\" style=\"width:100%;max-width:645px;\" src=\"https:\/\/www.europesays.com\/fr\/wp-content\/uploads\/2025\/12\/f5b9.png\" alt=\"Le Palmar\u00e8s R\u00f4le Mod\u00e8le a d\u00e9voil\u00e9 sa premi\u00e8re g\u00e9n\u00e9ration de laur\u00e9ats\" loading=\"lazy\"\/>Le Palmar\u00e8s R\u00f4le Mod\u00e8le a d\u00e9voil\u00e9 sa premi\u00e8re g\u00e9n\u00e9ration de laur\u00e9ats &#8211; FFPAPF<\/p>\n<p class=\"col-md-8 offset-md-1 article-content--texte\">C\u2019est pourquoi l\u2019institution lance le Palmar\u00e8s R\u00f4le Mod\u00e8le, un prix de reconnaissance d\u00e9cern\u00e9 aux marques parmi les plus impliqu\u00e9es dans les activit\u00e9s communautaires. Les marques laur\u00e9ates avaient \u00e9t\u00e9 s\u00e9lectionn\u00e9es en octobre dernier par un jury in\u00e9dit, compos\u00e9 de professionnels des tendances et de la cr\u00e9ation, de l\u2019investissement et de journalistes, sur trois bases : l&rsquo;innovation dans l\u2019approche business et marketing, le caract\u00e8re d\u00e9sirable et cr\u00e9atif de l\u2019offre produit, et la capacit\u00e9 \u00e0 mobiliser et f\u00e9d\u00e9rer un segment de consommateurs sp\u00e9cifique et identifi\u00e9.<\/p>\n<p class=\"col-md-10 exergue\">Un prix partiellement ouvert au public<\/p>\n<p class=\"col-md-8 offset-md-1 article-content--texte\">Une premi\u00e8re g\u00e9n\u00e9ration de dix marques a ainsi \u00e9t\u00e9 r\u00e9compens\u00e9e par le prix pour cette \u00e9dition de lancement. Aux c\u00f4t\u00e9s de marques pionni\u00e8res sur les enjeux des communaut\u00e9s comme A.P.C., Avnier , Make My Lemonade et Patine, la premi\u00e8re partie du Palmar\u00e8s R\u00f4le Mod\u00e8le r\u00e9v\u00e8le la nouvelle sc\u00e8ne de la mode fran\u00e7aise contemporaine : Anthony Calydon, B\u00e9cane, Fichu Paris, Natif, Rescha et Veryrare.<\/p>\n<p><img decoding=\"async\" class=\"news-image\" style=\"width:100%;\" src=\"https:\/\/www.europesays.com\/fr\/wp-content\/uploads\/2025\/12\/3022.png\" alt=\"Cinq personnalit\u00e9s 'mod\u00e8les de r\u00e9ussites' en mati\u00e8re de f\u00e9d\u00e9ration des communaut\u00e9s ont pris la parole ce 3 d\u00e9cembre (ici Antoine Auvinet, PDG de Satisfy)\" loading=\"lazy\"\/>Cinq personnalit\u00e9s \u00ab\u00a0mod\u00e8les de r\u00e9ussites\u00a0\u00bb en mati\u00e8re de f\u00e9d\u00e9ration des communaut\u00e9s ont pris la parole ce 3 d\u00e9cembre (ici Antoine Auvinet, PDG de Satisfy) &#8211; FFPAPF<\/p>\n<p class=\"col-md-8 offset-md-1 article-content--texte\">Actrice des grandes transformations du secteur, la FFPAPF a rassembl\u00e9 d\u00e9but d\u00e9cembre, plus de 120 personnalit\u00e9s du secteur autour de la th\u00e9matique des communaut\u00e9s lors de la soir\u00e9e R\u00f4le Mod\u00e8le. \u00c0 cette occasion, les acteurs de la fili\u00e8re ont d\u00e9couvert en exclusivit\u00e9 le Palmar\u00e8s R\u00f4le Mod\u00e8le. Ils ont \u00e9galement pu s\u2019exprimer par le biais d\u2019un vote sur la s\u00e9lection des 10 marques communautaires qu\u2019ils souhaitent voir compl\u00e9ter le Palmar\u00e8s en 2026.<\/p>\n<p class=\"col-md-10 exergue\">Encourager les marques \u00e0 cr\u00e9er pour des communaut\u00e9s<\/p>\n<p>L\u2019objectif : encourager les marques \u00e0 se plonger dans l\u2019aventure communautaire, que la F\u00e9d\u00e9ration consid\u00e8re comme un \u00e9l\u00e9ment cl\u00e9 de la mode du futur. Pour le Palmar\u00e8s R\u00f4le Mod\u00e8le, la suite se d\u00e9roulera en d\u00e9but d\u2019ann\u00e9e prochaine sous la responsabilit\u00e9 du public : chacun pourra voter sur le site de la FFPAPF pour sa marque communautaire fran\u00e7aise pr\u00e9f\u00e9r\u00e9e. \u00c0 noter que le Palmar\u00e8s pourrait revenir chaque ann\u00e9e.<\/p>\n<p><img decoding=\"async\" class=\"news-image\" style=\"width:100%;max-width:648px;\" src=\"https:\/\/www.europesays.com\/fr\/wp-content\/uploads\/2025\/12\/afea.png\" alt=\"Le Palmar\u00e8s R\u00f4le Mod\u00e8le pourrait revenir tous les ans\" loading=\"lazy\"\/>Le Palmar\u00e8s R\u00f4le Mod\u00e8le pourrait revenir tous les ans &#8211; FFPAPF<\/p>\n<p class=\"col-md-8 offset-md-1 article-content--texte\">Le Palmar\u00e8s R\u00f4le Mod\u00e8le diff\u00e8re de R\u00f4le Mod\u00e8le, \u00e9v\u00e9nement biannuel lanc\u00e9 en 2021 par la FFPAPF, ayant mis en avant cinq personnalit\u00e9s symbolisant des mod\u00e8les de r\u00e9ussites en mati\u00e8re de f\u00e9d\u00e9ration des communaut\u00e9s : Camille Mauffroy Touitou, directrice communication et image chez A.P.C, Yoan Prat, fondateur et directeur g\u00e9n\u00e9ral chez Yard, Fanny N\u00e9m\u00e9-Abbadie, senior consultant et brand partnership, strategies music, art et culture chez agence ORI, Mathieu Lebreton, fondateur de Gift Shop et Antoine Auvinet, PDG de Satisfy.\n                            <\/p>\n<p>\n                                Tous droits de reproduction et de repr\u00e9sentation r\u00e9serv\u00e9s.<br \/>\u00a9 2025 FashionNetwork.com\n                            <\/p>\n","protected":false},"excerpt":{"rendered":"Publi\u00e9 le 4 d\u00e9cembre 2025 Ce mercredi 3 d\u00e9cembre 2025, la F\u00e9d\u00e9ration Fran\u00e7aise du Pr\u00eat \u00e0 Porter F\u00e9minin&hellip;\n","protected":false},"author":2,"featured_media":578474,"comment_status":"","ping_status":"","sticky":false,"template":"","format":"standard","meta":{"footnotes":""},"categories":[1888],"tags":[69266,11,2424,537,2423,1777,674,2417,2418,1011,27,2425,985,12,2298,626,2426,2427,25,2421,2422],"class_list":{"0":"post-578473","1":"post","2":"type-post","3":"status-publish","4":"format-standard","5":"has-post-thumbnail","7":"category-paris","8":"tag-a-p-c","9":"tag-actualites","10":"tag-beaute","11":"tag-contact","12":"tag-cosmetiques","13":"tag-eu","14":"tag-europe","15":"tag-federation-francaise-du-pret-a-porter-feminin","16":"tag-ffpapf","17":"tag-fr","18":"tag-france","19":"tag-luxe","20":"tag-mode","21":"tag-news","22":"tag-parfum","23":"tag-paris","24":"tag-professionnel","25":"tag-professionnels","26":"tag-republique-francaise","27":"tag-reseau","28":"tag-textile"},"share_on_mastodon":{"url":"https:\/\/pubeurope.com\/@fr\/115663595163842209","error":""},"_links":{"self":[{"href":"https:\/\/www.europesays.com\/fr\/wp-json\/wp\/v2\/posts\/578473","targetHints":{"allow":["GET"]}}],"collection":[{"href":"https:\/\/www.europesays.com\/fr\/wp-json\/wp\/v2\/posts"}],"about":[{"href":"https:\/\/www.europesays.com\/fr\/wp-json\/wp\/v2\/types\/post"}],"author":[{"embeddable":true,"href":"https:\/\/www.europesays.com\/fr\/wp-json\/wp\/v2\/users\/2"}],"replies":[{"embeddable":true,"href":"https:\/\/www.europesays.com\/fr\/wp-json\/wp\/v2\/comments?post=578473"}],"version-history":[{"count":0,"href":"https:\/\/www.europesays.com\/fr\/wp-json\/wp\/v2\/posts\/578473\/revisions"}],"wp:featuredmedia":[{"embeddable":true,"href":"https:\/\/www.europesays.com\/fr\/wp-json\/wp\/v2\/media\/578474"}],"wp:attachment":[{"href":"https:\/\/www.europesays.com\/fr\/wp-json\/wp\/v2\/media?parent=578473"}],"wp:term":[{"taxonomy":"category","embeddable":true,"href":"https:\/\/www.europesays.com\/fr\/wp-json\/wp\/v2\/categories?post=578473"},{"taxonomy":"post_tag","embeddable":true,"href":"https:\/\/www.europesays.com\/fr\/wp-json\/wp\/v2\/tags?post=578473"}],"curies":[{"name":"wp","href":"https:\/\/api.w.org\/{rel}","templated":true}]}}