{"id":578475,"date":"2025-12-04T22:12:13","date_gmt":"2025-12-04T22:12:13","guid":{"rendered":"https:\/\/www.europesays.com\/fr\/578475\/"},"modified":"2025-12-04T22:12:13","modified_gmt":"2025-12-04T22:12:13","slug":"paris-la-restauration-complete-de-notre-dame-necessite-encore-140-millions-deuros-un-appel-aux-dons-lance","status":"publish","type":"post","link":"https:\/\/www.europesays.com\/fr\/578475\/","title":{"rendered":"Paris. La restauration compl\u00e8te de Notre-Dame n\u00e9cessite encore 140 millions d&rsquo;euros, un appel aux dons lanc\u00e9"},"content":{"rendered":"<p>La restauration compl\u00e8te de la <a href=\"https:\/\/www.ledauphine.com\/p\/cathedrale-notre-dame-de-paris\" target=\"_blank\" rel=\"noopener\">cath\u00e9drale Notre-Dame de Paris<\/a> n\u00e9cessite encore 140 millions d&rsquo;euros de dons, a indiqu\u00e9 jeudi l&rsquo;\u00e9tablissement public ma\u00eetre d&rsquo;ouvrage de la restauration, alors que <a href=\"https:\/\/www.ledauphine.com\/culture-loisirs\/2025\/07\/06\/notre-dame-la-cathedrale-a-accueilli-plus-de-6-millions-de-visiteurs-depuis-sa-reouverture\" target=\"_blank\" rel=\"noopener\">plus de 840 millions ont d\u00e9j\u00e0 \u00e9t\u00e9 per\u00e7us.<\/a><\/p>\n<p>\u00ab Gr\u00e2ce \u00e0 la g\u00e9n\u00e9rosit\u00e9 des donateurs et \u00e0 une gestion rigoureuse, <a href=\"https:\/\/www.ledauphine.com\/culture-loisirs\/2025\/09\/03\/la-restauration-de-notre-dame-de-paris-un-exemple-a-suivre-selon-la-cour-des-comptes\" target=\"_blank\" rel=\"noopener\">salu\u00e9e par la Cour des comptes<\/a>, nous avons encore pr\u00e8s de 140 millions disponibles \u00bb sur la totalit\u00e9 des dons r\u00e9colt\u00e9s, s&rsquo;est r\u00e9joui l&rsquo;\u00e9tablissement public Reb\u00e2tir Notre-Dame de Paris. \u00ab Mais pour achever au plus vite la restauration compl\u00e8te du monument qui n&rsquo;\u00e9tait pas en bon \u00e9tat avant 2019, il manque encore au moins l\u2019\u00e9quivalent \u00bb, a poursuivi l&rsquo;organisme, qui lance un appel aux dons.<\/p>\n<p>11 millions de visiteurs depuis un an<\/p>\n<p>Cela comprend des travaux de restauration sur la sacristie, \u00ab qui n\u2019a pas fait l\u2019objet de restaurations ext\u00e9rieures depuis sa construction \u00bb, les trois grandes roses de la cath\u00e9drale, les fa\u00e7ades nord et sud du transept, le presbyt\u00e8re, la nef ou encore l&rsquo;arri\u00e8re des tours.<\/p>\n<p>Plus de 840 millions d&rsquo;euros de dons \u00e9manant de 340 000 donateurs de 150 pays diff\u00e9rents ont d\u00e9j\u00e0 \u00e9t\u00e9 r\u00e9colt\u00e9s, d&rsquo;apr\u00e8s Reb\u00e2tir Notre-Dame de Paris. Un an apr\u00e8s sa r\u00e9ouverture en grande pompe sous les yeux de dirigeants du monde entier dont Donald Trump, le monument a d\u00e9j\u00e0 accueilli plus de 11 millions de visiteurs.<\/p>\n","protected":false},"excerpt":{"rendered":"La restauration compl\u00e8te de la cath\u00e9drale Notre-Dame de Paris n\u00e9cessite encore 140 millions d&rsquo;euros de dons, a indiqu\u00e9&hellip;\n","protected":false},"author":2,"featured_media":578476,"comment_status":"","ping_status":"","sticky":false,"template":"","format":"standard","meta":{"footnotes":""},"categories":[1888],"tags":[11,1777,674,107,1011,27,329,12,626,2661,5889,25,104],"class_list":{"0":"post-578475","1":"post","2":"type-post","3":"status-publish","4":"format-standard","5":"has-post-thumbnail","7":"category-paris","8":"tag-actualites","9":"tag-eu","10":"tag-europe","11":"tag-fil-info","12":"tag-fr","13":"tag-france","14":"tag-france-monde","15":"tag-news","16":"tag-paris","17":"tag-patrimoine-culturel","18":"tag-religion-croyance","19":"tag-republique-francaise","20":"tag-societe"},"share_on_mastodon":{"url":"https:\/\/pubeurope.com\/@fr\/115663598110868035","error":""},"_links":{"self":[{"href":"https:\/\/www.europesays.com\/fr\/wp-json\/wp\/v2\/posts\/578475","targetHints":{"allow":["GET"]}}],"collection":[{"href":"https:\/\/www.europesays.com\/fr\/wp-json\/wp\/v2\/posts"}],"about":[{"href":"https:\/\/www.europesays.com\/fr\/wp-json\/wp\/v2\/types\/post"}],"author":[{"embeddable":true,"href":"https:\/\/www.europesays.com\/fr\/wp-json\/wp\/v2\/users\/2"}],"replies":[{"embeddable":true,"href":"https:\/\/www.europesays.com\/fr\/wp-json\/wp\/v2\/comments?post=578475"}],"version-history":[{"count":0,"href":"https:\/\/www.europesays.com\/fr\/wp-json\/wp\/v2\/posts\/578475\/revisions"}],"wp:featuredmedia":[{"embeddable":true,"href":"https:\/\/www.europesays.com\/fr\/wp-json\/wp\/v2\/media\/578476"}],"wp:attachment":[{"href":"https:\/\/www.europesays.com\/fr\/wp-json\/wp\/v2\/media?parent=578475"}],"wp:term":[{"taxonomy":"category","embeddable":true,"href":"https:\/\/www.europesays.com\/fr\/wp-json\/wp\/v2\/categories?post=578475"},{"taxonomy":"post_tag","embeddable":true,"href":"https:\/\/www.europesays.com\/fr\/wp-json\/wp\/v2\/tags?post=578475"}],"curies":[{"name":"wp","href":"https:\/\/api.w.org\/{rel}","templated":true}]}}