{"id":578477,"date":"2025-12-04T22:13:25","date_gmt":"2025-12-04T22:13:25","guid":{"rendered":"https:\/\/www.europesays.com\/fr\/578477\/"},"modified":"2025-12-04T22:13:25","modified_gmt":"2025-12-04T22:13:25","slug":"kiev-accuse-la-russie-denvoyer-des-enfants-ukrainiens-dans-des-camps-en-coree-du-nord","status":"publish","type":"post","link":"https:\/\/www.europesays.com\/fr\/578477\/","title":{"rendered":"Kiev accuse la Russie d\u2019envoyer des enfants ukrainiens dans des camps en Cor\u00e9e du Nord"},"content":{"rendered":"<p>L\u2019Ukraine a accus\u00e9 jeudi la Russie d\u2019avoir transf\u00e9r\u00e9 des enfants ukrainiens enlev\u00e9s dans les territoires occup\u00e9s vers des camps de \u00ab\u00a0r\u00e9\u00e9ducation\u00a0\u00bb en <a href=\"https:\/\/www.20minutes.fr\/monde\/coree_du_nord\/\" class=\"c-link c-link--is-underlined\" target=\"_blank\" rel=\"noopener\">Cor\u00e9e du Nord<\/a>, o\u00f9 ils seraient soumis \u00e0 des programmes de \u00ab\u00a0russification\u00a0\u00bb et de \u00ab\u00a0militarisation\u00a0\u00bb.<\/p>\n<p>Selon le m\u00e9diateur ukrainien pour les droits humains, Dmytro Loubinets, de nouvelles informations laissent penser que certains mineurs, arrach\u00e9s \u00e0 leurs familles depuis l\u2019invasion russe, auraient \u00e9t\u00e9 envoy\u00e9s \u00e0 pr\u00e8s de 9.000 kilom\u00e8tres de <a href=\"https:\/\/www.20minutes.fr\/monde\/ukraine\/\" class=\"c-link c-link--is-underlined\" target=\"_blank\" rel=\"noopener\">l\u2019Ukraine<\/a>. \u00ab\u00a0Chaque enfant doit \u00eatre retrouv\u00e9, prot\u00e9g\u00e9 et ramen\u00e9 chez lui. Les enfants ukrainiens ne peuvent pas \u00eatre utilis\u00e9s comme instruments par l\u2019agresseur\u00a0\u00bb, a-t-il d\u00e9clar\u00e9.<\/p>\n<\/p>\n<p>165 camps de \u00ab\u00a0r\u00e9\u00e9ducation\u00a0\u00bb<\/p>\n<p>Ces r\u00e9v\u00e9lations interviennent au lendemain d\u2019une audition au S\u00e9nat am\u00e9ricain, o\u00f9 Kateryna Rachevska, responsable du Regional Center for Human Rights, a affirm\u00e9 que son ONG avait identifi\u00e9 165 camps de \u00ab\u00a0r\u00e9\u00e9ducation\u00a0\u00bb accueillant des enfants ukrainiens, <a href=\"https:\/\/www.20minutes.fr\/monde\/ukraine\/4024107-20230216-guerre-ukraine-plus-6-000-enfants-detenus-camps-russes-selon-etude-universite-yale\" class=\"c-link c-link--is-underlined\" target=\"_blank\" rel=\"noopener\">situ\u00e9s en Russie<\/a>, en Bi\u00e9lorussie, dans les zones occup\u00e9es et d\u00e9sormais en Cor\u00e9e du Nord.<\/p>\n<p>Elle a assur\u00e9 qu\u2019au moins deux enfants, originaires de Crim\u00e9e et de Donetsk, avaient \u00e9t\u00e9 envoy\u00e9s dans un camp de Songdowon, en Cor\u00e9e du Nord. Ils y auraient \u00e9t\u00e9 expos\u00e9s \u00e0 un discours militaire id\u00e9ologique, incluant des enseignements sur la mani\u00e8re de \u00ab\u00a0d\u00e9truire les militaristes japonais\u00a0\u00bb, et \u00e0 des rencontres avec d\u2019anciens combattants nord-cor\u00e9ens ayant particip\u00e9 en\u00a01968 \u00e0 l\u2019attaque du navire am\u00e9ricain USS Pueblo.<\/p>\n<p><a href=\"https:\/\/www.20minutes.fr\/monde\/ukraine\/\" class=\"c-link c-btn c-btn--primary\" target=\"_blank\" rel=\"noopener\">Notre dossier sur la guerre en Ukraine<\/a>Moscou affirme \u00ab\u00a0prot\u00e9ger\u00a0\u00bb les enfants des combats<\/p>\n<p>Kiev estime qu\u2019au moins 20.000 enfants ukrainiens ont \u00e9t\u00e9 \u00ab\u00a0d\u00e9port\u00e9s\u00a0\u00bb depuis f\u00e9vrier\u00a02022, et que seuls 1.850 ont pu \u00eatre localis\u00e9s et rapatri\u00e9s. En\u00a02023, la Cour p\u00e9nale internationale a \u00e9mis un mandat d\u2019arr\u00eat contre Vladimir Poutine pour \u00ab\u00a0d\u00e9portation ill\u00e9gale\u00a0\u00bb de mineurs.<\/p>\n<p><a href=\"https:\/\/www.20minutes.fr\/monde\/moscou\/\" class=\"c-link c-link--is-underlined\" target=\"_blank\" rel=\"noopener\">Moscou<\/a> rejette ces accusations, affirmant avoir \u00e9vacu\u00e9 des enfants \u00ab\u00a0pour les prot\u00e9ger des combats\u00a0\u00bb et assure organiser leur r\u00e9unification familiale. Mais la question est devenue centrale dans les n\u00e9gociations, pour le moins fragiles, sur un possible accord visant \u00e0 mettre fin au conflit. Mercredi, l\u2019Assembl\u00e9e g\u00e9n\u00e9rale de l\u2019ONU a de nouveau exig\u00e9 le retour \u00ab\u00a0imm\u00e9diat et inconditionnel\u00a0\u00bb de tous les enfants ukrainiens transf\u00e9r\u00e9s de force en Russie.<\/p>\n","protected":false},"excerpt":{"rendered":"L\u2019Ukraine a accus\u00e9 jeudi la Russie d\u2019avoir transf\u00e9r\u00e9 des enfants ukrainiens enlev\u00e9s dans les territoires occup\u00e9s vers des&hellip;\n","protected":false},"author":2,"featured_media":578478,"comment_status":"","ping_status":"","sticky":false,"template":"","format":"standard","meta":{"footnotes":""},"categories":[1591],"tags":[47,11,13987,13469,29539,847,1887,131,74,12,11356,3521,2355,8013,1885,1886,132,135],"class_list":{"0":"post-578477","1":"post","2":"type-post","3":"status-publish","4":"format-standard","5":"has-post-thumbnail","7":"category-russie","8":"tag-actualite","9":"tag-actualites","10":"tag-coree-du-nord","11":"tag-crimee","12":"tag-donetsk","13":"tag-enfant","14":"tag-federation-de-russie","15":"tag-guerre-en-ukraine","16":"tag-monde","17":"tag-news","18":"tag-ong","19":"tag-onu","20":"tag-protection-de-lenfance","21":"tag-russe","22":"tag-russia","23":"tag-russian-federation","24":"tag-russie","25":"tag-vladimir-poutine"},"share_on_mastodon":{"url":"https:\/\/pubeurope.com\/@fr\/115663602069543440","error":""},"_links":{"self":[{"href":"https:\/\/www.europesays.com\/fr\/wp-json\/wp\/v2\/posts\/578477","targetHints":{"allow":["GET"]}}],"collection":[{"href":"https:\/\/www.europesays.com\/fr\/wp-json\/wp\/v2\/posts"}],"about":[{"href":"https:\/\/www.europesays.com\/fr\/wp-json\/wp\/v2\/types\/post"}],"author":[{"embeddable":true,"href":"https:\/\/www.europesays.com\/fr\/wp-json\/wp\/v2\/users\/2"}],"replies":[{"embeddable":true,"href":"https:\/\/www.europesays.com\/fr\/wp-json\/wp\/v2\/comments?post=578477"}],"version-history":[{"count":0,"href":"https:\/\/www.europesays.com\/fr\/wp-json\/wp\/v2\/posts\/578477\/revisions"}],"wp:featuredmedia":[{"embeddable":true,"href":"https:\/\/www.europesays.com\/fr\/wp-json\/wp\/v2\/media\/578478"}],"wp:attachment":[{"href":"https:\/\/www.europesays.com\/fr\/wp-json\/wp\/v2\/media?parent=578477"}],"wp:term":[{"taxonomy":"category","embeddable":true,"href":"https:\/\/www.europesays.com\/fr\/wp-json\/wp\/v2\/categories?post=578477"},{"taxonomy":"post_tag","embeddable":true,"href":"https:\/\/www.europesays.com\/fr\/wp-json\/wp\/v2\/tags?post=578477"}],"curies":[{"name":"wp","href":"https:\/\/api.w.org\/{rel}","templated":true}]}}