{"id":578479,"date":"2025-12-04T22:14:16","date_gmt":"2025-12-04T22:14:16","guid":{"rendered":"https:\/\/www.europesays.com\/fr\/578479\/"},"modified":"2025-12-04T22:14:16","modified_gmt":"2025-12-04T22:14:16","slug":"un-responsable-de-lonu-voit-aucun-signe-doptimisme-pour-un-cessez-le-feu-a-lapproche-de-lhiver","status":"publish","type":"post","link":"https:\/\/www.europesays.com\/fr\/578479\/","title":{"rendered":"un responsable de l\u2019ONU voit \u00ab aucun signe d\u2019optimisme \u00bb pour un cessez-le-feu \u00e0 l\u2019approche de l\u2019hiver"},"content":{"rendered":"<p>AA \/ Hamilton, Canada \/ Merve Aydogan<\/p>\n<p>Un haut responsable des Nations Unies pour l\u2019Ukraine a averti jeudi que la guerre se poursuit sans r\u00e9pit, sans aucun signe de progr\u00e8s vers un cessez-le-feu, alors que les destructions s\u2019intensifient et que l\u2019hiver accentue les risques humanitaires.<\/p>\n<p>Matthias Schmale, coordinateur r\u00e9sident et humanitaire de l\u2019ONU en Ukraine, a d\u00e9clar\u00e9 aux journalistes au si\u00e8ge de l\u2019ONU \u00e0 New York que, lors de ses fr\u00e9quents d\u00e9placements dans les r\u00e9gions touch\u00e9es, \u00ab rien ne donne l\u2019impression que nous approchons d\u2019un cessez-le-feu. La guerre continue sans rel\u00e2che, et les destructions sont massives \u00bb.<\/p>\n<p>Il a rappel\u00e9 que les infrastructures \u00e9nerg\u00e9tiques restent des cibles privil\u00e9gi\u00e9es. <\/p>\n<p>\u00ab Avec l\u2019hiver d\u00e9sormais install\u00e9, la situation \u00e9nerg\u00e9tique nous pr\u00e9occupe particuli\u00e8rement \u00bb, a-t-il expliqu\u00e9, redoutant \u00ab un sc\u00e9nario cauchemardesque o\u00f9 les attaques se poursuivent et o\u00f9 les r\u00e9parations ne suivent plus \u00bb.<\/p>\n<p>Selon lui, le principal risque est que \u00ab des habitants se retrouvent bloqu\u00e9s dans des immeubles de grande hauteur \u00bb, notamment en cas d\u2019effondrement du syst\u00e8me \u00e9nerg\u00e9tique au c\u0153ur de l\u2019hiver.<\/p>\n<p>Schmale a toutefois soulign\u00e9 que l\u2019aide hivernale permet d\u2019atteindre efficacement les populations vuln\u00e9rables des zones rurales, mais a mis en garde concernant le fait que les centres urbains demeurent expos\u00e9es \u00e0 des risques extr\u00eames.<\/p>\n<p>Il a ajout\u00e9 que le conflit \u00ab devient de plus en plus technologique \u00bb, relevant que, malgr\u00e9 la guerre terrestre classique, \u00ab la guerre par drones conna\u00eet un d\u00e9veloppement impressionnant \u00bb.<\/p>\n<p>Le responsable onusien a rappel\u00e9 que le nombre de victimes civiles continue d\u2019augmenter, \u00ab des personnes \u00e9tant tu\u00e9es et bless\u00e9es chaque jour \u00bb, et a reconnu que, malgr\u00e9 quelques \u00e9pisodes \u00ab d\u2019optimisme prudent \u00bb, il ne \u00ab per\u00e7oit aucun signe \u00bb d\u2019un rapprochement vers la fin de \u00ab cette trag\u00e9die \u00bb.<\/p>\n<p>* traduit de l&rsquo;anglais par Ayse Betul Akcesme<\/p>\n<p>                            &#13;<br \/>\n                                <a href=\"https:\/\/www.aa.com.tr\/fr\/p\/abonnement\/1001\" target=\"_blank\" style=\"font-size:12px; color:#444; text-decoration:none;\" rel=\"noopener\">&#13;<br \/>\n                                    Seulement une partie des d\u00e9p\u00eaches, que l&rsquo;Agence Anadolu diffuse \u00e0 ses abonn\u00e9s via le Syst\u00e8me de Diffusion interne (HAS), est diffus\u00e9e sur le site de l&rsquo;AA, de mani\u00e8re r\u00e9sum\u00e9e. <b style=\"color:#1897F7\">Contactez-nous s&rsquo;il vous pla\u00eet pour vous abonner.<\/b>&#13;<br \/>\n                                <\/a>&#13;<\/p>\n","protected":false},"excerpt":{"rendered":"AA \/ Hamilton, Canada \/ Merve Aydogan Un haut responsable des Nations Unies pour l\u2019Ukraine a averti jeudi&hellip;\n","protected":false},"author":2,"featured_media":578480,"comment_status":"","ping_status":"","sticky":false,"template":"","format":"standard","meta":{"footnotes":""},"categories":[1590],"tags":[11,1785,1777,674,1146,6736,69267,12,220],"class_list":{"0":"post-578479","1":"post","2":"type-post","3":"status-publish","4":"format-standard","5":"has-post-thumbnail","7":"category-ukraine","8":"tag-actualites","9":"tag-anadolu-ajansi","10":"tag-eu","11":"tag-europe","12":"tag-guerre","13":"tag-hiver","14":"tag-matthias-schmale","15":"tag-news","16":"tag-ukraine"},"share_on_mastodon":{"url":"https:\/\/pubeurope.com\/@fr\/115663605951894838","error":""},"_links":{"self":[{"href":"https:\/\/www.europesays.com\/fr\/wp-json\/wp\/v2\/posts\/578479","targetHints":{"allow":["GET"]}}],"collection":[{"href":"https:\/\/www.europesays.com\/fr\/wp-json\/wp\/v2\/posts"}],"about":[{"href":"https:\/\/www.europesays.com\/fr\/wp-json\/wp\/v2\/types\/post"}],"author":[{"embeddable":true,"href":"https:\/\/www.europesays.com\/fr\/wp-json\/wp\/v2\/users\/2"}],"replies":[{"embeddable":true,"href":"https:\/\/www.europesays.com\/fr\/wp-json\/wp\/v2\/comments?post=578479"}],"version-history":[{"count":0,"href":"https:\/\/www.europesays.com\/fr\/wp-json\/wp\/v2\/posts\/578479\/revisions"}],"wp:featuredmedia":[{"embeddable":true,"href":"https:\/\/www.europesays.com\/fr\/wp-json\/wp\/v2\/media\/578480"}],"wp:attachment":[{"href":"https:\/\/www.europesays.com\/fr\/wp-json\/wp\/v2\/media?parent=578479"}],"wp:term":[{"taxonomy":"category","embeddable":true,"href":"https:\/\/www.europesays.com\/fr\/wp-json\/wp\/v2\/categories?post=578479"},{"taxonomy":"post_tag","embeddable":true,"href":"https:\/\/www.europesays.com\/fr\/wp-json\/wp\/v2\/tags?post=578479"}],"curies":[{"name":"wp","href":"https:\/\/api.w.org\/{rel}","templated":true}]}}