{"id":578489,"date":"2025-12-04T22:19:20","date_gmt":"2025-12-04T22:19:20","guid":{"rendered":"https:\/\/www.europesays.com\/fr\/578489\/"},"modified":"2025-12-04T22:19:20","modified_gmt":"2025-12-04T22:19:20","slug":"humour-le-dessin-du-jour-lunion-europeenne-donne-son-feu-vert-a-lusage-de-nouveaux-ogm","status":"publish","type":"post","link":"https:\/\/www.europesays.com\/fr\/578489\/","title":{"rendered":"Humour. Le dessin du jour :\u00a0l&rsquo;Union Europ\u00e9enne donne son feu vert \u00e0 l&rsquo;usage de nouveaux OGM"},"content":{"rendered":"<p>Voil\u00e0 qui va faire bondir le monde agricole en proie depuis plusieurs ann\u00e9es \u00e0 des crises. Apr\u00e8s l&rsquo;accord sur le Mercosur, l&rsquo;Union europ\u00e9enne ouvre grande la porte \u00e0 de nouveaux Organismes g\u00e9n\u00e9tiquement modifi\u00e9s. D\u00e9sormais autoris\u00e9s dans nos assiettes, quelles cons\u00e9quences pour notre sant\u00e9 \u00a0? Soph, notre dessinatrice offre son regard sur ce coup de canif au bienmanger.<\/p>\n<p>&#13;<br \/>\n              L&rsquo;Est R\u00e9publicain  &#8211; &#13;<br \/>\n        &#13;<br \/>\n          Aujourd&rsquo;hui \u00e0 21:14&#13;<br \/>\n    &#13;<br \/>\n        &#8211; Temps de lecture : &#13;<br \/>\n  &#13;\n<\/p>\n<p>                        &#13;<br \/>\n    &#13;<br \/>\n    &#13;<br \/>\n    <a href=\"https:\/\/cdn-s-www.estrepublicain.fr\/images\/DF65B671-87F0-45B0-8ADB-2F10750CE608\/NW_raw\/soph-jpg-1764875900.jpg\" title=\"Soph&#039;.jpg\" class=\"chocolat-image GA-tracking\" data-ga_type=\"click\" data-ga_category=\"D\u00e9tail\" data-ga_action=\"zoomer\" data-ga_label=\"aggrandir image\" target=\"_blank\" rel=\"noopener\">&#13;<br \/>\n        <img src=\"https:\/\/www.europesays.com\/fr\/wp-content\/uploads\/2025\/12\/soph-jpg-1764875900.jpg\"   alt=\"Soph'.jpg\" fetchpriority=\"high\" decoding=\"async\" data-mobile=\"NW_detail_M|1764875900\" data-base=\"NW_detail|1764875900\"\/>&#13;<br \/>\n    <\/a>&#13;<br \/>\n    Soph&rsquo;.jpg<\/p>\n","protected":false},"excerpt":{"rendered":"Voil\u00e0 qui va faire bondir le monde agricole en proie depuis plusieurs ann\u00e9es \u00e0 des crises. Apr\u00e8s l&rsquo;accord&hellip;\n","protected":false},"author":2,"featured_media":578490,"comment_status":"","ping_status":"","sticky":false,"template":"","format":"standard","meta":{"footnotes":""},"categories":[1586],"tags":[11,214,65621,341,1777,674,1779,107,1011,27,329,12,316,25,273,104,1778,364],"class_list":{"0":"post-578489","1":"post","2":"type-post","3":"status-publish","4":"format-standard","5":"has-post-thumbnail","7":"category-europe","8":"tag-actualites","9":"tag-chomage","10":"tag-dessin-du-jour","11":"tag-emploi","12":"tag-eu","13":"tag-europe","14":"tag-european-union","15":"tag-fil-info","16":"tag-fr","17":"tag-france","18":"tag-france-monde","19":"tag-news","20":"tag-politique","21":"tag-republique-francaise","22":"tag-selection-de-la-redaction","23":"tag-societe","24":"tag-ue","25":"tag-union-europeenne"},"share_on_mastodon":{"url":"https:\/\/pubeurope.com\/@fr\/115663626402037567","error":""},"_links":{"self":[{"href":"https:\/\/www.europesays.com\/fr\/wp-json\/wp\/v2\/posts\/578489","targetHints":{"allow":["GET"]}}],"collection":[{"href":"https:\/\/www.europesays.com\/fr\/wp-json\/wp\/v2\/posts"}],"about":[{"href":"https:\/\/www.europesays.com\/fr\/wp-json\/wp\/v2\/types\/post"}],"author":[{"embeddable":true,"href":"https:\/\/www.europesays.com\/fr\/wp-json\/wp\/v2\/users\/2"}],"replies":[{"embeddable":true,"href":"https:\/\/www.europesays.com\/fr\/wp-json\/wp\/v2\/comments?post=578489"}],"version-history":[{"count":0,"href":"https:\/\/www.europesays.com\/fr\/wp-json\/wp\/v2\/posts\/578489\/revisions"}],"wp:featuredmedia":[{"embeddable":true,"href":"https:\/\/www.europesays.com\/fr\/wp-json\/wp\/v2\/media\/578490"}],"wp:attachment":[{"href":"https:\/\/www.europesays.com\/fr\/wp-json\/wp\/v2\/media?parent=578489"}],"wp:term":[{"taxonomy":"category","embeddable":true,"href":"https:\/\/www.europesays.com\/fr\/wp-json\/wp\/v2\/categories?post=578489"},{"taxonomy":"post_tag","embeddable":true,"href":"https:\/\/www.europesays.com\/fr\/wp-json\/wp\/v2\/tags?post=578489"}],"curies":[{"name":"wp","href":"https:\/\/api.w.org\/{rel}","templated":true}]}}