{"id":578503,"date":"2025-12-04T22:30:27","date_gmt":"2025-12-04T22:30:27","guid":{"rendered":"https:\/\/www.europesays.com\/fr\/578503\/"},"modified":"2025-12-04T22:30:27","modified_gmt":"2025-12-04T22:30:27","slug":"cyclisme-analyse-le-classement-cyclismactu-du-velo-dor-femmes-2025-votre-avis","status":"publish","type":"post","link":"https:\/\/www.europesays.com\/fr\/578503\/","title":{"rendered":"Cyclisme. Analyse &#8211; Le classement Cyclism&rsquo;Actu du V\u00e9lo d&rsquo;Or Femmes 2025&#8230; votre avis ?"},"content":{"rendered":"<p> Lire la suite de l&rsquo;article&#13;<\/p>\n<p>*La\u00a0<strong>34e \u00e9dition\u00a0<\/strong>du<strong>\u00a0<a href=\"https:\/\/www.cyclismactu.net\/..\/news-velo-d-or-route-vous-avez-jusqu-au-20-novembre-pour-voter-pour-velos-d-or-90707.html\" target=\"_blank\" rel=\"noopener\">V\u00e9lo d\u2019Or<\/a>\u2122<\/strong>\u00a0qui consacre chaque ann\u00e9e les plus grands coureurs et coureuses cyclistes sera diffus\u00e9e\u00a0<strong>en direct <\/strong>et\u00a0en clair sur<strong>\u00a0<a href=\"https:\/\/www.lequipe.fr\/tv\/\" target=\"_blank\" rel=\"noopener\">L\u2019\u00c9quipe live<\/a><\/strong>, espace TV du site et de l\u2019application L\u2019\u00c9quipe (disponible sur mobile et TV connect\u00e9e),\u00a0<strong>le vendredi 5 d\u00e9cembre \u00e0 21h !\u00a0<\/strong>Organis\u00e9e par\u00a0<strong>le Groupe L\u2019\u00c9quipe<\/strong>, la c\u00e9r\u00e9monie sera pr\u00e9sent\u00e9e par\u00a0<strong>Claire Bricogne,\u00a0<\/strong>(journaliste \u00e0 la chaine L\u2019\u00c9quipe) et\u00a0<strong>David Millar<\/strong>\u00a0(ancien cycliste \u00e9cossais, porteur du maillot jaune et vainqueur d\u2019\u00e9tapes dans les trois grands Tours), depuis le\u00a0<strong>Pavillon Gabriel \u00e0 Paris.\u00a0<\/strong>Un best-of de la c\u00e9r\u00e9monie sera diffus\u00e9\u00a0<strong>en clair sur\u00a0<a href=\"https:\/\/www.lequipe.fr\/tv\/\" target=\"_blank\" rel=\"noopener\">la chaine L\u2019\u00c9quipe<\/a><\/strong>, le<strong>\u00a0samedi 6 d\u00e9cembre \u00e0 13h20<\/strong>\u00a0!\u00a0<\/p>\n<p>&#13;<\/p>\n<p>\u00a0<\/p>\n<p>&#13;<br \/>\nLes principales pr\u00e9tendantes&#13;<br \/>\nPauline Ferrand-Pr\u00e9vot&#13;<\/p>\n<p><strong>Visma | Lease a Bike<\/strong><strong>\u00a0<\/strong><strong>&#8211; France &#8211; 33 ans \/ 4 victoires en 2025<\/strong><\/p>\n<p>&#13;<\/p>\n<p> Principaux r\u00e9sultats :<\/p>\n<p>&#13;<\/p>\n<p>&#8211; Vainqueure du Tour de France (+ 2 \u00e9tapes)<\/p>\n<p>&#13;<\/p>\n<p>&#8211; Vainqueure de Paris-Roubaix<\/p>\n<p>&#13;<\/p>\n<p>&#8211; 2e du Tour des Flandres<\/p>\n<p>&#13;<\/p>\n<p>&#8211; 3e des Strade Bianche<\/p>\n<p>&#13;<\/p>\n<p>\u00a0<\/p>\n<p>&#13;<br \/>\nDemi Vollering&#13;<\/p>\n<p><strong>FDJ-SUEZ<\/strong><strong>\u00a0<\/strong><strong>&#8211; Pays-Bas &#8211; 29 ans \/ 11 victoires en 2025<\/strong><\/p>\n<p>&#13;<\/p>\n<p> Principaux r\u00e9sultats :<\/p>\n<p>&#13;<\/p>\n<p>&#8211; Vainqueure de La Vuelta (+ 2 \u00e9tapes)<\/p>\n<p>&#13;<\/p>\n<p>&#8211; 2e du Tour de France<\/p>\n<p>&#13;<\/p>\n<p>&#8211; Vainqueure des Championnats d&rsquo;Europe<\/p>\n<p>&#13;<\/p>\n<p>&#8211; Vainqueure des Strade Bianche<\/p>\n<p>&#13;<\/p>\n<p>&#8211; 3e de Li\u00e8ge-Bastogne-Li\u00e8ge<\/p>\n<p>&#13;<\/p>\n<p>&#8211; Vainqueure du Tour du Pays basque (+1 \u00e9tape)<\/p>\n<p>&#13;<\/p>\n<p>&#8211; Vainqueure du Tour de Catalogne (+ 1 \u00e9tape)<\/p>\n<p>&#13;<\/p>\n<p>&#8211; Vainqueure du Tour de Valence (+1 \u00e9tape)<\/p>\n<p>&#13;<\/p>\n<p>\u00a0<\/p>\n<p>&#13;<br \/>\nLorena Wiebes&#13;<\/p>\n<p><strong>SD Worx-Protime<\/strong><strong>\u00a0<\/strong><strong>&#8211; Pays-Bas &#8211; 26 ans \/ 25 victoires en 2025<\/strong><\/p>\n<p>&#13;<\/p>\n<p> Principaux r\u00e9sultats :<\/p>\n<p>&#13;<\/p>\n<p>&#8211; Vainqueure de Milan-SanRemo<\/p>\n<p>&#13;<\/p>\n<p>&#8211; 2 \u00e9tapes sur la Tour de France (+ maillot vert)<\/p>\n<p>&#13;<\/p>\n<p>&#8211; 2 \u00e9tapes sur le Giro d&rsquo;Italia (+ maillot cyclamen)<\/p>\n<p>&#13;<\/p>\n<p>&#8211; Vainqueure de Gand-Wevelgem<\/p>\n<p>&#13;<\/p>\n<p>&#8211; Vainqueure de la Classic Brugge-De Panne<\/p>\n<p>&#13;<\/p>\n<p>&#8211; Vainqueure du Copenhagen Sprint<\/p>\n<p>&#13;<\/p>\n<p>&#8211; Vainqueure du Simac Ladies Tour (+ 5 \u00e9tapes)<\/p>\n<p>&#13;<\/p>\n<p>&#8211; Vainqueure des Championnats des Pays-Bas<\/p>\n<p>&#13;<\/p>\n<p>\u00a0<\/p>\n<p>&#13;<br \/>\nElisa Longo Borghini&#13;<\/p>\n<p><strong>UAE Team ADQ<\/strong><strong>\u00a0<\/strong><strong>&#8211; Italie &#8211; 33 ans \/ 9 victoires en 2025<\/strong><\/p>\n<p>&#13;<\/p>\n<p> Principaux r\u00e9sultats :<\/p>\n<p>&#13;<\/p>\n<p>&#8211; Vainqueure du Giro d&rsquo;Italia<\/p>\n<p>&#13;<\/p>\n<p>&#8211; Vainqueure de l&rsquo;UAE Tour (+ 1 \u00e9tape)<\/p>\n<p>&#13;<\/p>\n<p>&#8211; Vainqueure de La Fl\u00e8che Braban\u00e7onne<\/p>\n<p>&#13;<\/p>\n<p>&#8211; Vainqueure d&rsquo;A Travers la Flandre<\/p>\n<p>&#13;<\/p>\n<p>&#8211; Vainqueure du Championnat d&rsquo;Italie<\/p>\n<p>&#13;<\/p>\n<p>&#8211; 3e de La Fl\u00e8che Wallonne<\/p>\n<p>&#13;<\/p>\n<p>&#8211; 2e du Tour de Burgos<\/p>\n<p>&#13;<\/p>\n<p>&#8211; Vainqueure des Trois Vall\u00e9es Varesines<\/p>\n<p>&#13;<\/p>\n<p>\u00a0<\/p>\n<p>&#13;<br \/>\nMarlen Reusser&#13;<\/p>\n<p><strong>Movistar Team<\/strong><strong>\u00a0<\/strong><strong>&#8211; Suisse &#8211; 34 ans \/ 11 victoires en 2025<\/strong><\/p>\n<p>&#13;<\/p>\n<p> Principaux r\u00e9sultats :<\/p>\n<p>&#13;<\/p>\n<p>&#8211; Vainqueure des Championnats du Monde du contre-la-montre<\/p>\n<p>&#13;<\/p>\n<p>&#8211; Vainqueure des Championnats d&rsquo;Europe du contre-la-montre<\/p>\n<p>&#13;<\/p>\n<p>&#8211; Vainqueure du Tour de Suisse (+ 2 \u00e9tapes)<\/p>\n<p>&#13;<\/p>\n<p>&#8211; Vainqueure du Tour de Burgos (+ 2 \u00e9tapes)<\/p>\n<p>&#13;<\/p>\n<p>&#8211; 2e de La Vuelta<\/p>\n<p>&#13;<\/p>\n<p>&#8211; 6e de Li\u00e8ge-Bastogne-Li\u00e8ge<\/p>\n<p>&#13;<\/p>\n<p>&#8211; 9e des Championnats du Monde<\/p>\n<p>&#13;<\/p>\n<p>&#8211; 2e du Tour de Valence<\/p>\n<p>&#13;<\/p>\n<p>\u00a0<\/p>\n<p>&#13;<br \/>\nKim Le Court Pienaar&#13;<\/p>\n<p><strong>AG Insurance &#8211; Soudal Team\u00a0<\/strong><strong>&#8211; Ile Maurice &#8211; 29 ans \/ 6 victoires en 2025<\/strong><\/p>\n<p>&#13;<\/p>\n<p> Principaux r\u00e9sultats :<\/p>\n<p>&#13;<\/p>\n<p>&#8211; Vainqueure de Li\u00e8ge-Bastogne-Li\u00e8ge<\/p>\n<p>&#13;<\/p>\n<p>&#8211; 1 \u00e9tape sur le Tour de France<\/p>\n<p>&#13;<\/p>\n<p>&#8211; Vainqueure du Tour d&rsquo;\u00c9milie<\/p>\n<p>&#13;<\/p>\n<p>&#8211; 5e du Tour des Flandres<\/p>\n<p>&#13;<\/p>\n<p>&#8211; 5e de Milan-SanRemo<\/p>\n<p>&#13;<\/p>\n<p>&#8211; 3e de l&rsquo;UAE Tour<\/p>\n<p>&#13;<\/p>\n<p>&#8211; 6e de La Fl\u00e8che Wallonne<\/p>\n<p>&#13;<\/p>\n<p>&#8211; 1 \u00e9tape sur le Tour de Grande-Bretagne<\/p>\n<p>&#13;<\/p>\n<p>\u00a0<\/p>\n<p>&#13;<br \/>\nMarianne Vos&#13;<\/p>\n<p><strong>Visma | Lease a Bike\u00a0<\/strong><strong>&#8211; Pays-Bas &#8211; 38 ans \/ 3 victoires en 2025<\/strong><\/p>\n<p>&#13;<\/p>\n<p> Principaux r\u00e9sultats :<\/p>\n<p>&#13;<\/p>\n<p>&#8211; 1 \u00e9tape sur le Tour de France<\/p>\n<p>&#13;<\/p>\n<p>&#8211; 2 \u00e9tapes sur La Vuelta (+ maillot vert)<\/p>\n<p>&#13;<\/p>\n<p>&#8211; 2e de Milan-SanRemo<\/p>\n<p>&#13;<\/p>\n<p>&#8211; 4e de Paris-Roubaix<\/p>\n<p>&#13;<\/p>\n<p>&#8211; 2e de la Classic Lorient Agglom\u00e9ration<\/p>\n<p>&#13;<\/p>\n<p>&#8211; 4e du Trofeo Alfredo Binda<\/p>\n<p>&#13;<\/p>\n<p>&#8211; 2e de La Fl\u00e8che Braban\u00e7onne<\/p>\n<p>&#13;<\/p>\n<p>\u00a0<\/p>\n<p>&#13;<br \/>\nElisa Balsamo&#13;<\/p>\n<p><strong>Lidl-Trek\u00a0<\/strong><strong>&#8211; Italie &#8211; 27 ans \/ 5 victoires en 2025<\/strong><\/p>\n<p>&#13;<\/p>\n<p> Principaux r\u00e9sultats :<\/p>\n<p>&#13;<\/p>\n<p>&#8211; Vainqueure du Trofeo Alfredo Binda<\/p>\n<p>&#13;<\/p>\n<p>&#8211; 7e de Milan-SanRemo<\/p>\n<p>&#13;<\/p>\n<p>&#8211; 9e de Paris-Roubaix<\/p>\n<p>&#13;<\/p>\n<p>&#8211; 4e du Tour de Valence (+ 2 \u00e9tapes)<\/p>\n<p>&#13;<\/p>\n<p>&#8211; 2e de Gand-Wevelgem<\/p>\n<p>&#13;<\/p>\n<p>&#8211; Vainqueure du Schelderprijs<\/p>\n<p>&#13;<\/p>\n<p>&#8211; 3e d&rsquo;A Travers la Flandre<\/p>\n<p>&#13;<\/p>\n<p>&#8211; 1 \u00e9tape du Tour de Suisse<\/p>\n<p>&#13;<\/p>\n<p>\u00a0<\/p>\n<p>&#13;<br \/>\nKasia Niewiadoma&#13;<\/p>\n<p><strong>Canyon\/\/SRAM zondacrypto\u00a0<\/strong><strong>&#8211; Pologne &#8211; 31 ans \/ 1 victoire en 2025<\/strong><\/p>\n<p>&#13;<\/p>\n<p> Principaux r\u00e9sultats :<\/p>\n<p>&#13;<\/p>\n<p>&#8211; 3e du Tour de France<\/p>\n<p>&#13;<\/p>\n<p>&#8211; 2e des Championnats d&rsquo;Europe<\/p>\n<p>&#13;<\/p>\n<p>&#8211; 3e du Tour de Suisse<\/p>\n<p>&#13;<\/p>\n<p>&#8211; 4e du Tour des Flandres<\/p>\n<p>&#13;<\/p>\n<p>&#8211; 9e de Li\u00e8ge-Bastogne-Li\u00e8ge<\/p>\n<p>&#13;<\/p>\n<p>&#8211; 4e de La Fl\u00e8che Wallonne<\/p>\n<p>&#13;<\/p>\n<p>&#8211; 10e des Championnats du Monde<\/p>\n<p>&#13;<\/p>\n<p>&#8211; Vainqueure des Championnats de Pologne<\/p>\n<p>&#13;<\/p>\n<p>\u00a0<\/p>\n<p>&#13;<br \/>\nMischa Bredewold&#13;<\/p>\n<p><strong>SD Worx-Protime<\/strong><strong>\u00a0<\/strong><strong>&#8211; Pays-Bas &#8211; 25 ans \/ 8 victoires en 2025<\/strong><\/p>\n<p>&#13;<\/p>\n<p> Principaux r\u00e9sultats :<\/p>\n<p>&#13;<\/p>\n<p>&#8211; Vainqueure de l&rsquo;Amstel Gold Race<\/p>\n<p>&#13;<\/p>\n<p>&#8211; 2e du Tour du Pays Basque (+ 2 \u00e9tapes)<\/p>\n<p>&#13;<\/p>\n<p>&#8211; Vainqueure de la Classic Lorient Agglom\u00e9ration<\/p>\n<p>&#13;<\/p>\n<p>&#8211; 5e du Tour de l&rsquo;Ard\u00e8che (+ 2 \u00e9tapes)<\/p>\n<p>&#13;<\/p>\n<p>&#8211; Vainqueure des Championnats des Pays-Bas du contre-la-montre<\/p>\n<p>&#13;<\/p>\n<p>&#8211; 1 \u00e9tape du Tour de Valence<\/p>\n<p>&#13;<\/p>\n<p>\u00a0<\/p>\n<p>&#13;<br \/>\nPuck Pieterse&#13;<\/p>\n<p><strong>Fenix-Deceuninck\u00a0<\/strong><strong>&#8211; Pays-Bas &#8211; 23 ans \/ 1 victoire en 2025<\/strong><\/p>\n<p>&#13;<\/p>\n<p> Principaux r\u00e9sultats :<\/p>\n<p>&#13;<\/p>\n<p>&#8211; Vainqueure de La Fl\u00e8che Wallonne<\/p>\n<p>&#13;<\/p>\n<p>&#8211; 2e de Li\u00e8ge-Bastogne-Li\u00e8ge<\/p>\n<p>&#13;<\/p>\n<p>&#8211; 3e de l&rsquo;Amstel Gold Race<\/p>\n<p>&#13;<\/p>\n<p>&#8211; 9e du Tour des Flandres<\/p>\n<p>&#13;<\/p>\n<p>&#8211; 10e de Milan-SanRemo<\/p>\n<p>&#13;<\/p>\n<p>&#8211; 7e du Trofeo Alfredo Binda<\/p>\n<p>&#13;<\/p>\n<p>&#8211; 4e de l&rsquo;Omloop Nieuwsblad<\/p>\n<p>&#13;<\/p>\n<p>&#8211; 4e d&rsquo;A Travers la Flandre<\/p>\n<p>&#13;<\/p>\n<p>\u00a0<\/p>\n<p>&#13;<br \/>\nLes tops 10 des r\u00e9dacteurs de Cyclism&rsquo;Actu&#13;<\/p>\n<p><strong>Esteban Da Costa :<\/strong><\/p>\n<p>&#13;<\/p>\n<p>1. Demi Vollering<\/p>\n<p>&#13;<\/p>\n<p>2. Pauline Ferrand-Pr\u00e9vot<\/p>\n<p>&#13;<\/p>\n<p>3. Marlen Reusser<\/p>\n<p>&#13;<\/p>\n<p>4. Elisa Longo Borghini<\/p>\n<p>&#13;<\/p>\n<p>5. Lorena Wiebes<\/p>\n<p>&#13;<\/p>\n<p>6. Kim Le Court Pienaar<\/p>\n<p>&#13;<\/p>\n<p>7. Marianne Vos<\/p>\n<p>&#13;<\/p>\n<p>8. Mischa Bredewold<\/p>\n<p>&#13;<\/p>\n<p>9. Kasia Niewiadoma<\/p>\n<p>&#13;<\/p>\n<p>10. Puck Pieterse<\/p>\n<p>&#13;<\/p>\n<p>\u00a0<\/p>\n<p>&#13;<\/p>\n<p><strong>Martin Laruelle :<\/strong><\/p>\n<p>&#13;<\/p>\n<p>1. Pauline Ferrand-Pr\u00e9vot<\/p>\n<p>&#13;<\/p>\n<p>2. Demi Vollering<\/p>\n<p>&#13;<\/p>\n<p>3. Marlen Reusser<\/p>\n<p>&#13;<\/p>\n<p>4. Lorena Wiebes<\/p>\n<p>&#13;<\/p>\n<p>5. Elisa Longo Borghini<\/p>\n<p>&#13;<\/p>\n<p>6. Kim Le Court Pienaar<\/p>\n<p>&#13;<\/p>\n<p>7. Magdelaine Valli\u00e8res<\/p>\n<p>&#13;<\/p>\n<p>8. Lotte Kopecky<\/p>\n<p>&#13;<\/p>\n<p>9. Mischa Bredewold<\/p>\n<p>&#13;<\/p>\n<p>10. Puck Pieterse<\/p>\n<p>&#13;<\/p>\n<p>\u00a0<\/p>\n<p>&#13;<\/p>\n<p><strong>Christophe Mongay :<\/strong><\/p>\n<p>&#13;<\/p>\n<p>1. Pauline Ferrand-Pr\u00e9vot<\/p>\n<p>&#13;<\/p>\n<p>2. Kim Le Court Pienaar<\/p>\n<p>&#13;<\/p>\n<p>3.\u00a0Demi Vollering<\/p>\n<p>&#13;<\/p>\n<p>4.\u00a0Lorena Wiebes<\/p>\n<p>&#13;<\/p>\n<p>5. Elisa Longo Borghini<\/p>\n<p>&#13;<\/p>\n<p>6.\u00a0Puck Pieterse<\/p>\n<p>&#13;<\/p>\n<p>7.\u00a0Marlen Reusser<\/p>\n<p>&#13;<\/p>\n<p>8.\u00a0Kasia Niewiadoma<\/p>\n<p>&#13;<\/p>\n<p>9. Marianne Vos<\/p>\n<p>&#13;<\/p>\n<p>10. Elisa Longo Borghini<\/p>\n<p>&#13;<\/p>\n<p>\u00a0<\/p>\n<p>&#13;<\/p>\n<p><strong>Titouan Labourie :<\/strong><\/p>\n<p>&#13;<\/p>\n<p>1. Pauline Ferrand-Pr\u00e9vot<\/p>\n<p>&#13;<\/p>\n<p>2. Demi Vollering<\/p>\n<p>&#13;<\/p>\n<p>3. Lorena Wiebes<\/p>\n<p>&#13;<\/p>\n<p>4. Marlen Reusser<\/p>\n<p>&#13;<\/p>\n<p>5. Elisa Longo Borghini<\/p>\n<p>&#13;<\/p>\n<p>6. Kim Le Court Pienaar<\/p>\n<p>&#13;<\/p>\n<p>7. Mischa Bredewold<\/p>\n<p>&#13;<\/p>\n<p>8. Marianne Vos<\/p>\n<p>&#13;<\/p>\n<p>9. Kasia Niewiadoma<\/p>\n<p>&#13;<\/p>\n<p>10. Puck Pieterse<\/p>\n","protected":false},"excerpt":{"rendered":"Lire la suite de l&rsquo;article&#13; *La\u00a034e \u00e9dition\u00a0du\u00a0V\u00e9lo d\u2019Or\u2122\u00a0qui consacre chaque ann\u00e9e les plus grands coureurs et coureuses cyclistes&hellip;\n","protected":false},"author":2,"featured_media":578504,"comment_status":"","ping_status":"","sticky":false,"template":"","format":"standard","meta":{"footnotes":""},"categories":[1411],"tags":[1020,1154,207,211,1011,27,209,60,210,212,208,213],"class_list":{"0":"post-578503","1":"post","2":"type-post","3":"status-publish","4":"format-standard","5":"has-post-thumbnail","7":"category-cyclisme","8":"tag-analyse","9":"tag-cycling","10":"tag-cyclisme","11":"tag-ffc","12":"tag-fr","13":"tag-france","14":"tag-route","15":"tag-sports","16":"tag-tour-de-france","17":"tag-uci","18":"tag-velo","19":"tag-world-tour"},"share_on_mastodon":{"url":"https:\/\/pubeurope.com\/@fr\/115663668719640585","error":""},"_links":{"self":[{"href":"https:\/\/www.europesays.com\/fr\/wp-json\/wp\/v2\/posts\/578503","targetHints":{"allow":["GET"]}}],"collection":[{"href":"https:\/\/www.europesays.com\/fr\/wp-json\/wp\/v2\/posts"}],"about":[{"href":"https:\/\/www.europesays.com\/fr\/wp-json\/wp\/v2\/types\/post"}],"author":[{"embeddable":true,"href":"https:\/\/www.europesays.com\/fr\/wp-json\/wp\/v2\/users\/2"}],"replies":[{"embeddable":true,"href":"https:\/\/www.europesays.com\/fr\/wp-json\/wp\/v2\/comments?post=578503"}],"version-history":[{"count":0,"href":"https:\/\/www.europesays.com\/fr\/wp-json\/wp\/v2\/posts\/578503\/revisions"}],"wp:featuredmedia":[{"embeddable":true,"href":"https:\/\/www.europesays.com\/fr\/wp-json\/wp\/v2\/media\/578504"}],"wp:attachment":[{"href":"https:\/\/www.europesays.com\/fr\/wp-json\/wp\/v2\/media?parent=578503"}],"wp:term":[{"taxonomy":"category","embeddable":true,"href":"https:\/\/www.europesays.com\/fr\/wp-json\/wp\/v2\/categories?post=578503"},{"taxonomy":"post_tag","embeddable":true,"href":"https:\/\/www.europesays.com\/fr\/wp-json\/wp\/v2\/tags?post=578503"}],"curies":[{"name":"wp","href":"https:\/\/api.w.org\/{rel}","templated":true}]}}