{"id":578505,"date":"2025-12-04T22:32:22","date_gmt":"2025-12-04T22:32:22","guid":{"rendered":"https:\/\/www.europesays.com\/fr\/578505\/"},"modified":"2025-12-04T22:32:22","modified_gmt":"2025-12-04T22:32:22","slug":"nice-la-sortie-cinglante-des-ultras-maxifoot","status":"publish","type":"post","link":"https:\/\/www.europesays.com\/fr\/578505\/","title":{"rendered":"Nice : la sortie cinglante des ultras &#8211; Maxifoot"},"content":{"rendered":"<ol>\n<li><a href=\"https:\/\/news.google.com\/rss\/articles\/CBMiggFBVV95cUxPUzNyc1ktRU1TWkVqZTFhYnRrd0hJVHNMcy01LXhTU0p2ODdzbE5rSjltV1dIOGtKaVFyWjk4U0tpaE1JcXNrMjA2dGMzclF2SDBHdDNxWTctcFZBVHhWYUE0bFlLaDRCNE9icFNRSzRuR2dtclJTSGw3dmVVamltWGZ30gGAAUFVX3lxTFBFTGNJOGM5U21MSU5GUVFpWm9VeFRvMjgycUw5c1hEZHZrNkhqVUhTRm9RbHJVVEx0ck9DMTBKTG9BX3U3U0ZWQ0RTNlUwTjZ3RWJrU3VtVnlEV1hteHZxVVpfM3VtSXlSX1dPd1YxWEptZFBXaVQ5Z2lLZ2hOMUZr?oc=5\" target=\"_blank\" rel=\"noopener\">Nice : la sortie cinglante des ultras<\/a>&nbsp;&nbsp;Maxifoot<\/li>\n<li><a href=\"https:\/\/news.google.com\/rss\/articles\/CBMitgFBVV95cUxQRTFndmpKVEtyU1hBY0NVMXhqYzZ6VDdYYjdiWWtnd0ZIRERLWGMxMGtlaHEyaWkzZXZ1Y2xXNVctNlZLeUxiUVpiV2pLc3hnN1ZQWTFTR2FFZS1sQVJVQTFGajZVOUNUR3ljMHhfdlFvSW9GRkxfektza1FJOEw2Z1E1eDNiRnI5c19kQUxUSkpTbXd4cWdTZjY5UDhWZmQ4V2JIQkZqekNneTFaQS1YUUtYZmFVZw?oc=5\" target=\"_blank\" rel=\"noopener\">Ineos recadre la communication de Haise<\/a>&nbsp;&nbsp;L&rsquo;\u00c9quipe<\/li>\n<li><a href=\"https:\/\/news.google.com\/rss\/articles\/CBMisAFBVV95cUxPN3F3ZnZEdG1MM3R5aTVSdlBqWUtsV2U0YmxyQ2NsTnpNenE1ZEtxTVhkQ25raEFidk1FUEJYZGI4Q1Rna3BqSjlxR2hZd1ktaGVrNFJiYy0yRHYxbDNodDdiazFmdVhMYk1hbmJKb0NPalBrT1Y0dXdfNmNPNS1MeUZ4al9yVU5yXzMtUXZSTUhEcFRkYmkzbmN3OVdvTEg0b0o2V3RVRzBpN19YQVprWQ?oc=5\" target=\"_blank\" rel=\"noopener\">Nice : la sortie de Fabrice Bocquet sur l\u2019avenir de Moffi et Boga<\/a>&nbsp;&nbsp;Foot Mercato<\/li>\n<li><a href=\"https:\/\/news.google.com\/rss\/articles\/CBMilwFBVV95cUxOeXpYbUQ0UktnRHRIWWhnbmdxVHBITTdGWnNrcmZxek1FdHVhenI3S2M3TEoweVRCaE1yZ1lkYUJaSlFwbm9YdzZjbFIwUW1tTUFBSDJFU1FidEVWakJmbFd0WGNXRVRnQnJ2Z2RNby1MZHB6LUdUekJ4Y1Nxd2p5MUp6SllFcU1iUkJ1a05oQUJLX2loS3BJ?oc=5\" target=\"_blank\" rel=\"noopener\">R\u00e9tablir la v\u00e9rit\u00e9 sur les \u00e9v\u00e9nements r\u00e9cents | Communiqu\u00e9 de presse<\/a>&nbsp;&nbsp;OGC Nice<\/li>\n<li><a href=\"https:\/\/news.google.com\/rss\/articles\/CBMi7gFBVV95cUxOWmpSLUd0RVc5WWdEVVJuNW1QU3A1X1RSTFpkVndOSTJrc3NrV0RVQUlySjVrWVEtRklLWUpSUWpPSHV4WXBxSU9qY0NDVUY4YXZMZzFKS2pxNlEwaWVEVFd6N0NNeTVDZEw0TW50WkJ4VGtGMWFGVUtZeFRaeHA2Nzl6UHJTMUNiZmthSWUxdGJScmQ0dndVQ3FrUHlfTG9Wdnk3TndITmlVZ2ZaU0p0WDd1bHpKMk43ZVdkQkg5RHFnRHczRExXMGlOLVFndTNUOVRvNkRVajRicVpTajVmNU9mNzJJUHdNUDVYVGx3?oc=5\" target=\"_blank\" rel=\"noopener\">L\u2019actionnaire de l\u2019OGC Nice, Ineos, condamne les actes de violence et recadre Franck Haise<\/a>&nbsp;&nbsp;Le Figaro<\/li>\n<\/ol>\n","protected":false},"excerpt":{"rendered":"Nice : la sortie cinglante des ultras&nbsp;&nbsp;Maxifoot Ineos recadre la communication de Haise&nbsp;&nbsp;L&rsquo;\u00c9quipe Nice : la sortie de&hellip;\n","protected":false},"author":2,"featured_media":578506,"comment_status":"","ping_status":"","sticky":false,"template":"","format":"standard","meta":{"footnotes":""},"categories":[1410],"tags":[63,1011,27,60],"class_list":{"0":"post-578505","1":"post","2":"type-post","3":"status-publish","4":"format-standard","5":"has-post-thumbnail","7":"category-football","8":"tag-football","9":"tag-fr","10":"tag-france","11":"tag-sports"},"share_on_mastodon":{"url":"https:\/\/pubeurope.com\/@fr\/115663676749366338","error":""},"_links":{"self":[{"href":"https:\/\/www.europesays.com\/fr\/wp-json\/wp\/v2\/posts\/578505","targetHints":{"allow":["GET"]}}],"collection":[{"href":"https:\/\/www.europesays.com\/fr\/wp-json\/wp\/v2\/posts"}],"about":[{"href":"https:\/\/www.europesays.com\/fr\/wp-json\/wp\/v2\/types\/post"}],"author":[{"embeddable":true,"href":"https:\/\/www.europesays.com\/fr\/wp-json\/wp\/v2\/users\/2"}],"replies":[{"embeddable":true,"href":"https:\/\/www.europesays.com\/fr\/wp-json\/wp\/v2\/comments?post=578505"}],"version-history":[{"count":0,"href":"https:\/\/www.europesays.com\/fr\/wp-json\/wp\/v2\/posts\/578505\/revisions"}],"wp:featuredmedia":[{"embeddable":true,"href":"https:\/\/www.europesays.com\/fr\/wp-json\/wp\/v2\/media\/578506"}],"wp:attachment":[{"href":"https:\/\/www.europesays.com\/fr\/wp-json\/wp\/v2\/media?parent=578505"}],"wp:term":[{"taxonomy":"category","embeddable":true,"href":"https:\/\/www.europesays.com\/fr\/wp-json\/wp\/v2\/categories?post=578505"},{"taxonomy":"post_tag","embeddable":true,"href":"https:\/\/www.europesays.com\/fr\/wp-json\/wp\/v2\/tags?post=578505"}],"curies":[{"name":"wp","href":"https:\/\/api.w.org\/{rel}","templated":true}]}}