{"id":578507,"date":"2025-12-04T22:33:23","date_gmt":"2025-12-04T22:33:23","guid":{"rendered":"https:\/\/www.europesays.com\/fr\/578507\/"},"modified":"2025-12-04T22:33:23","modified_gmt":"2025-12-04T22:33:23","slug":"jai-une-des-plus-belles-collections-de-visite-du-bureau-de-bernard-arnault-ou-des-pieces-dun-artiste-tres-prise-sont-mises-en-lumiere","status":"publish","type":"post","link":"https:\/\/www.europesays.com\/fr\/578507\/","title":{"rendered":"\u00ab\u00a0J\u2019ai une des plus belles collections de\u2026\u00a0\u00bb : Visite du bureau de Bernard Arnault o\u00f9 des pi\u00e8ces d\u2019un artiste tr\u00e8s pris\u00e9 sont mises en lumi\u00e8re"},"content":{"rendered":"<p>                <img loading=\"lazy\" decoding=\"async\" src=\"https:\/\/www.europesays.com\/fr\/wp-content\/uploads\/2025\/04\/150-66cc601646b5f-35x35-1.jpg\" class=\"author-article-picture\" width=\"35\" height=\"35\"\/><\/p>\n<p>                    Par<\/p>\n<p>                                            <a class=\"author-article-bio-link\" href=\"https:\/\/www.purepeople.com\/auteur\/adrian-gauteye_a150\" target=\"_blank\" rel=\"noopener\">Adrian Gauteye<\/a><\/p>\n<p>                    |<\/p>\n<p>                                            R\u00e9dacteur<\/p>\n<p>\n                \u00ab La Vie, c&rsquo;est comme une bo\u00eete de chocolats : on ne sait jamais sur quoi on va tomber \u00bb. Avec Adrien, c\u2019est un peu pareil. En plus de se passionner pour les r\u00e9pliques de films culte, il \u00e9crit aussi bien sur La villa des coeurs bris\u00e9s qu\u2019\u00e0 propos de la famille royale britannique. Rassurez-vous, jamais les deux ensemble. Du moins pas encore&#8230;\n            <\/p>\n<p>\n    Bernard Arnault, \u00e0 la t\u00eate du g\u00e9ant du luxe LVMH, n\u2019est pas seulement un homme d\u2019affaires : c\u2019est un passionn\u00e9 d\u2019art contemporain. Dans son bureau parisien, il ouvre les portes de sa collection personnelle et revient sur ses premiers coups de c\u0153ur, notamment pour un artiste aujourd&rsquo;hui tr\u00e8s connu et qui dont les \u0153uvres s&rsquo;arrachent \u00e0 plusieurs millions de dollars. A l&rsquo;occasion de la diffusion de \u00ab\u00a0Cash Investigation\u00a0\u00bb sur France 2, consacr\u00e9 au milliardaire, nous nous sommes int\u00e9ress\u00e9s \u00e0 sa collection priv\u00e9e.\n<\/p>\n<p>                            <img loading=\"lazy\" decoding=\"async\" class=\"player-thumbnail\" src=\"https:\/\/www.europesays.com\/fr\/wp-content\/uploads\/2025\/12\/e4306e2a35bd076a-580x326-2.jpg\" width=\"580\" height=\"326\"\/><\/p>\n<p>                            \u00ab\u00a0J\u2019ai une des plus belles collections de\u2026\u00a0\u00bb : Visite du bureau de Bernard Arnault o\u00f9 des pi\u00e8ces d\u2019un artiste tr\u00e8s pris\u00e9 sont mises en lumi\u00e8re<\/p>\n<p>La suite apr\u00e8s la publicit\u00e9<\/p>\n<p>Lorsque Bernard Arnault ouvre les portes de son bureau parisien \u00e0 <a href=\"https:\/\/www.purepeople.com\/people\/lea-salame_p149105\" target=\"_blank\" rel=\"noopener\">L\u00e9a Salam\u00e9<\/a> pour l\u2019\u00e9mission Stup\u00e9fiant, il choisit de se montrer \u00e0 travers ce qui le d\u00e9finit peut-\u00eatre le mieux : sa relation \u00e0 l\u2019art. Le patron de LVMH, qui dirige pr\u00e8s de soixante-dix marques du luxe, rappelle d\u2019ailleurs un principe auquel il tient fermement : \u00e9viter d\u2019acheter une \u0153uvre simplement parce que son auteur est tr\u00e8s cot\u00e9. Une philosophie qui guide depuis longtemps les choix de <a href=\"https:\/\/www.purepeople.com\/article\/le-milliardaire-bernard-arnault-a-investi-dans-deux-departements-francais-ou-il-possede-une-importante-collection-de-biens_a542653\/1\" target=\"_blank\" rel=\"noopener\">celui qui poss\u00e8de de nombreux biens dans le sud de la France<\/a>, et qui se refl\u00e8te dans l\u2019un des ensembles les plus personnels de sa collection.<\/p>\n<p>La collection Basquiat : un coup de c\u0153ur des ann\u00e9es 80<\/p>\n<p>Parmi<a href=\"https:\/\/www.purepeople.com\/article\/dans-le-bureau-du-milliardaire-bernard-arnault-une-piece-aux-tres-rares-visiteurs-faite-d-oeuvres-d-art-et-de-photos-de-famille_a527313\/1\" target=\"_blank\" rel=\"noopener\"> les nombreuses \u0153uvres expos\u00e9es dans le b\u00e2timent avenue Montaigne<\/a>, un Basquiat attire l\u2019attention de la journaliste. S\u2019engage alors un \u00e9change o\u00f9 l\u2019industriel d\u00e9voile davantage que sa passion : \u00ab\u00a0Y&rsquo;a un artiste que vous aimez c&rsquo;est Basquiat, et vous en avez un l\u00e0-bas. Mais quand je dis que vous en avez un, c&rsquo;est vous Bernard Arnault, il vous appartient \u00e0 vous ? Il appartient \u00e0 la fondation ? Il appartient \u00e0 l&rsquo;entreprise LVMH ? Il appartient \u00e0 qui ce Basquiat ?\u00a0\u00bb, demande L\u00e9a Salam\u00e9. L\u2019int\u00e9ress\u00e9 r\u00e9pond sans d\u00e9tour : \u00ab\u00a0Celui-l\u00e0 m&rsquo;appartient !\u00a0\u00bb En poursuivant la visite, il retrace les d\u00e9buts de cette fascination : \u00ab\u00a0Quand j&rsquo;ai commenc\u00e9 \u00e0 m&rsquo;int\u00e9resser \u00e0 l&rsquo;art dans les ann\u00e9es 80, j&rsquo;ai eu la chance aux Etats-Unis, d&rsquo;\u00eatre en contact et de voir des expositions de Basquiat.\u00a0\u00bb L\u00e9a Salam\u00e9 r\u00e9agit : \u00ab\u00a0Quand sa c\u00f4te ne s&rsquo;\u00e9tait pas envol\u00e9e encore.\u00a0\u00bb Ce \u00e0 quoi il ajoute : \u00ab\u00a0Et c&rsquo;\u00e9tait encore possible. Il y avait des artistes \u00e0 cette \u00e9poque l\u00e0 qui n&rsquo;\u00e9taient pas tr\u00e8s connus, qui \u00e9taient tr\u00e8s critiqu\u00e9s et qui donc ne valaient pas grand chose. J&rsquo;ai eu la chance d&rsquo;en acheter pas mal ce qui fait qu&rsquo;aujourd&rsquo;hui je pense que j&rsquo;ai une des plus belles collections de Basquiat acquise dans des conditions tout \u00e0 fait int\u00e9ressantes dans ces ann\u00e9es-l\u00e0.\u00a0\u00bb La journaliste poursuit : \u00ab\u00a0Quand vous dites, c&rsquo;est accessible, c&rsquo;est quoi ? Parce qu&rsquo;aujourd&rsquo;hui \u00e7a \u00e7a vaut des millions.\u00a0\u00bb R\u00e9ponse d\u2019Arnault : \u00ab\u00a0A l&rsquo;\u00e9poque, \u00e7a valait, je dirais, entre 10 et 20 000 dollars. Donc \u00e7a n&rsquo;a rien \u00e0 voir.\u00a0\u00bb<\/p>\n<p>Une fid\u00e9lit\u00e9 aux \u0153uvres et \u00e0 leur histoire<\/p>\n<p>Cette capacit\u00e9 \u00e0 saisir le potentiel d\u2019un artiste avant qu\u2019il n\u2019entre dans la l\u00e9gende traverse toute sa trajectoire de collectionneur, <a href=\"https:\/\/www.purepeople.com\/article\/le-fils-de-bernard-arnault-antoine-nest-pas-pres-doublier-une-des-missives-de-son-pere-chez-berluti-il-est-revenu-vers-moi-en-me-disant_a540786\/1\" target=\"_blank\" rel=\"noopener\">dont le fils avait r\u00e9cemment racont\u00e9 une anecdote sur son management<\/a>. Dans l&rsquo;\u00e9mission diffus\u00e9e \u00e0 l&rsquo;\u00e9poque sur France 2, il \u00e9voque d\u2019ailleurs un autre moment fondateur, lorsqu\u2019il acquiert un Monet : \u00ab\u00a0Le premier tableau que j&rsquo;ai eu la chance d&rsquo;acqu\u00e9rir moi-m\u00eame est un tableau de cette \u00e9poque de Monet. Il est chez moi, j&rsquo;y suis attach\u00e9.\u00a0\u00bb Et comme pour Basquiat, impossible pour lui d\u2019envisager une revente : \u00ab\u00a0Je ne vends rien, parce que chaque tableau que j&rsquo;ach\u00e8te a une histoire.\u00a0\u00bb \u00c0 travers cette visite, Bernard Arnault laisse entrevoir une partie de son impressionnante collection, devenue au fil des ans l\u2019une des plus remarqu\u00e9es du monde de l\u2019art contemporain.<\/p>\n<p>        <img decoding=\"async\" class=\"thumb-img-100 thumb-img\" src=\"https:\/\/www.europesays.com\/fr\/wp-content\/uploads\/2025\/12\/89cfe15d737e40d8-320x180-2.jpg\" alt=\"&quot;En tout cas, pas en France&quot; : Bernard Arnault n'exerce ce talent artistique qu'\u00e0 l'\u00e9tranger, pour une bonne raison\" width=\"320\" height=\"180\" loading=\"lazy\" role=\"presentation\"\/><\/p>\n<p>                                            \u00ab\u00a0En tout cas, pas en France\u00a0\u00bb : Bernard Arnault n&rsquo;exerce ce talent artistique qu&rsquo;\u00e0 l&rsquo;\u00e9tranger, pour une bonne raison<\/p>\n","protected":false},"excerpt":{"rendered":"Par Adrian Gauteye | R\u00e9dacteur \u00ab La Vie, c&rsquo;est comme une bo\u00eete de chocolats : on ne sait&hellip;\n","protected":false},"author":2,"featured_media":578508,"comment_status":"","ping_status":"","sticky":false,"template":"","format":"standard","meta":{"footnotes":""},"categories":[1359],"tags":[58,59,1011,27,973],"class_list":{"0":"post-578507","1":"post","2":"type-post","3":"status-publish","4":"format-standard","5":"has-post-thumbnail","7":"category-people","8":"tag-divertissement","9":"tag-entertainment","10":"tag-fr","11":"tag-france","12":"tag-people"},"share_on_mastodon":{"url":"https:\/\/pubeurope.com\/@fr\/115663683627641588","error":""},"_links":{"self":[{"href":"https:\/\/www.europesays.com\/fr\/wp-json\/wp\/v2\/posts\/578507","targetHints":{"allow":["GET"]}}],"collection":[{"href":"https:\/\/www.europesays.com\/fr\/wp-json\/wp\/v2\/posts"}],"about":[{"href":"https:\/\/www.europesays.com\/fr\/wp-json\/wp\/v2\/types\/post"}],"author":[{"embeddable":true,"href":"https:\/\/www.europesays.com\/fr\/wp-json\/wp\/v2\/users\/2"}],"replies":[{"embeddable":true,"href":"https:\/\/www.europesays.com\/fr\/wp-json\/wp\/v2\/comments?post=578507"}],"version-history":[{"count":0,"href":"https:\/\/www.europesays.com\/fr\/wp-json\/wp\/v2\/posts\/578507\/revisions"}],"wp:featuredmedia":[{"embeddable":true,"href":"https:\/\/www.europesays.com\/fr\/wp-json\/wp\/v2\/media\/578508"}],"wp:attachment":[{"href":"https:\/\/www.europesays.com\/fr\/wp-json\/wp\/v2\/media?parent=578507"}],"wp:term":[{"taxonomy":"category","embeddable":true,"href":"https:\/\/www.europesays.com\/fr\/wp-json\/wp\/v2\/categories?post=578507"},{"taxonomy":"post_tag","embeddable":true,"href":"https:\/\/www.europesays.com\/fr\/wp-json\/wp\/v2\/tags?post=578507"}],"curies":[{"name":"wp","href":"https:\/\/api.w.org\/{rel}","templated":true}]}}