{"id":578509,"date":"2025-12-04T22:34:22","date_gmt":"2025-12-04T22:34:22","guid":{"rendered":"https:\/\/www.europesays.com\/fr\/578509\/"},"modified":"2025-12-04T22:34:22","modified_gmt":"2025-12-04T22:34:22","slug":"louvre-ce-mot-francais-qui-a-fait-lactu-parmi-les-plus-mal-prononces-dans-les-medias-americains","status":"publish","type":"post","link":"https:\/\/www.europesays.com\/fr\/578509\/","title":{"rendered":"\u00ab\u00a0Louvre\u00a0\u00bb, ce mot fran\u00e7ais qui a fait l\u2019actu, parmi les plus mal prononc\u00e9s dans les m\u00e9dias am\u00e9ricains"},"content":{"rendered":"<p>        <img decoding=\"async\" loading=\"lazy\" src=\"https:\/\/www.europesays.com\/fr\/wp-content\/uploads\/2025\/12\/675ea5a_upload-1-d7ztpgt9esvm-afp-20251127-86e62nq-v1-highres-filesfranceeconomytourismculturemuseum.jpeg\"  width=\"728\" height=\"410\" alt=\"Le mus\u00e9e du Louvre \u00e0 Paris, le 19\u00a0novembre 2025.\"\/>  <\/p>\n<p>SEBASTIEN DUPUY \/ AFP<\/p>\n<p>Le mus\u00e9e du Louvre \u00e0 Paris, le 19\u00a0novembre 2025.<\/p>\n<p class=\"asset asset-text\">Pas \u00e9vident de prononcer le mot \u00ab\u00a0Louvre\u00a0\u00bb quand on est am\u00e9ricain. Le nom du mus\u00e9e parisien, au centre de l\u2019actualit\u00e9 mondiale apr\u00e8s <a href=\"https:\/\/www.huffingtonpost.fr\/faits-divers\/article\/un-braquage-a-l-ouverture-du-louvre-ce-dimanche-matin-le-musee-ferme-aujourd-hui_256153.html\" target=\"_blank\" rel=\"noopener\">son cambriolage au mois d\u2019octobre<\/a>, fait partie des mots les plus mal prononc\u00e9s par des personnalit\u00e9s am\u00e9ricaines en 2025 (journalistes, politiques&#8230;).<\/p>\n<p class=\"asset asset-text\">C\u2019est ce qui ressort d\u2019une liste publi\u00e9e ce jeudi 4\u00a0d\u00e9cembre par la soci\u00e9t\u00e9 d\u2019apprentissage de langues Babbel et l\u2019entreprise de sous-titrage The Captioning Group, <a href=\"https:\/\/apnews.com\/article\/mispronounced-words-2025-mamdani-louvre-ad1029eaf43f3f904b39a1dc9d37cca8\" target=\"_blank\" rel=\"noopener\" title=\"Nouvelle fen\u00eatre\">comme le rapporte Associated Press<\/a>.<\/p>\n<p class=\"asset asset-text\">C\u2019est en particulier le \u00ab\u00a0r\u00a0\u00bb de Louvre qui pose de s\u00e9rieux probl\u00e8mes de prononciation aux Am\u00e9ricains. Ceux-ci ont en effet tendance \u00e0 dire \u00ab\u00a0Louve\u00a0\u00bb, comme dans cette vid\u00e9o de NBC News <a href=\"https:\/\/www.leparisien.fr\/paris-75\/le-louvre-parmi-les-mots-les-moins-bien-prononces-dans-les-medias-americains-en-2025-04-12-2025-ZHNINDFUUBGSHDUOJILOJK7M3A.php\" target=\"_blank\" rel=\"noopener\" title=\"Nouvelle fen\u00eatre\">rep\u00e9r\u00e9e par Le Parisien<\/a>\u00a0:<\/p>\n<p> La lecture de ce contenu est susceptible d\u2019entra\u00eener un d\u00e9p\u00f4t de cookies de la part de l\u2019op\u00e9rateur tiers qui l\u2019h\u00e9berge. Compte-tenu des choix que vous avez exprim\u00e9s en mati\u00e8re de d\u00e9p\u00f4t de cookies, nous avons bloqu\u00e9 l\u2019affichage de ce contenu. Si vous souhaitez y acc\u00e9der, vous devez accepter la cat\u00e9gorie de cookies \u201cContenus tiers\u201d en cliquant sur le bouton ci-dessous. <\/p>\n<p> Lire la Vid\u00e9o        Zohran Mamdani, Mounjaro    <\/p>\n<p class=\"asset asset-text\">\u00ab\u00a0Beaucoup de ces mots proviennent de diff\u00e9rentes langues et nous devons donc nous adapter \u00e0 des sons que nous n\u2019avons jamais prononc\u00e9s auparavant\u00a0\u00bb, explique Esteban Touma, expert en linguistique et en culture chez Babbel.<\/p>\n<p class=\"asset asset-text\">Le 19\u00a0octobre le jour du casse du Louvre, les malfaiteurs avaient agi en plein jour, encagoul\u00e9s, munis d\u2019un monte-charge de d\u00e9m\u00e9nageurs et arm\u00e9s de disqueuses. Un mois et demi apr\u00e8s les faits, les quatre membres pr\u00e9sum\u00e9s du commando <a href=\"https:\/\/www.huffingtonpost.fr\/france\/article\/casse-au-louvre-le-quatrieme-membre-presume-du-commando-de-cambrioleurs-a-ete-mis-en-examen_257651.html\" target=\"_blank\" rel=\"noopener\">ont tous fini par \u00eatre interpell\u00e9s et plac\u00e9s en d\u00e9tention provisoire<\/a>. Les bijoux, estim\u00e9s \u00e0 88\u00a0millions d\u2019euros, sont eux toujours dans la nature, tout comme les commanditaires.<\/p>\n<p class=\"asset asset-text\">Par ailleurs, dans la liste publi\u00e9e par Babbel des mots de 2025\u00a0mal prononc\u00e9s, on retrouve ceux-ci, en lien avec l\u2019actualit\u00e9\u00a0: Zohran Mamdani, <a href=\"https:\/\/www.huffingtonpost.fr\/international\/video\/le-democrate-zohran-mamdani-elu-nouveau-maire-de-new-york-au-grand-dam-de-trump_256783.html\" target=\"_blank\" rel=\"noopener\">le nouveau maire de New York<\/a>\u00a0; l\u2019ac\u00e9taminoph\u00e8ne, le principe actif du Tylenol\u00a0; Alex Murdaugh, un avocat de Caroline du Sud condamn\u00e9 \u00e0 la prison \u00e0 vie et au centre d\u2019une r\u00e9cente s\u00e9rie t\u00e9l\u00e9vis\u00e9e\u00a0; ou encore Mounjaro, un m\u00e9dicament contre le diab\u00e8te et l\u2019ob\u00e9sit\u00e9.<\/p>\n","protected":false},"excerpt":{"rendered":"SEBASTIEN DUPUY \/ AFP Le mus\u00e9e du Louvre \u00e0 Paris, le 19\u00a0novembre 2025. Pas \u00e9vident de prononcer le&hellip;\n","protected":false},"author":2,"featured_media":578510,"comment_status":"","ping_status":"","sticky":false,"template":"","format":"standard","meta":{"footnotes":""},"categories":[1358],"tags":[1348,1384,1385,1174,1386,58,59,73,1011,27,14,11274,500],"class_list":{"0":"post-578509","1":"post","2":"type-post","3":"status-publish","4":"format-standard","5":"has-post-thumbnail","7":"category-arts-et-design","8":"tag-arts","9":"tag-arts-and-design","10":"tag-arts-et-design","11":"tag-cambriolage","12":"tag-design","13":"tag-divertissement","14":"tag-entertainment","15":"tag-etats-unis","16":"tag-fr","17":"tag-france","18":"tag-international","19":"tag-louvre","20":"tag-medias"},"share_on_mastodon":{"url":"https:\/\/pubeurope.com\/@fr\/115663685499724496","error":""},"_links":{"self":[{"href":"https:\/\/www.europesays.com\/fr\/wp-json\/wp\/v2\/posts\/578509","targetHints":{"allow":["GET"]}}],"collection":[{"href":"https:\/\/www.europesays.com\/fr\/wp-json\/wp\/v2\/posts"}],"about":[{"href":"https:\/\/www.europesays.com\/fr\/wp-json\/wp\/v2\/types\/post"}],"author":[{"embeddable":true,"href":"https:\/\/www.europesays.com\/fr\/wp-json\/wp\/v2\/users\/2"}],"replies":[{"embeddable":true,"href":"https:\/\/www.europesays.com\/fr\/wp-json\/wp\/v2\/comments?post=578509"}],"version-history":[{"count":0,"href":"https:\/\/www.europesays.com\/fr\/wp-json\/wp\/v2\/posts\/578509\/revisions"}],"wp:featuredmedia":[{"embeddable":true,"href":"https:\/\/www.europesays.com\/fr\/wp-json\/wp\/v2\/media\/578510"}],"wp:attachment":[{"href":"https:\/\/www.europesays.com\/fr\/wp-json\/wp\/v2\/media?parent=578509"}],"wp:term":[{"taxonomy":"category","embeddable":true,"href":"https:\/\/www.europesays.com\/fr\/wp-json\/wp\/v2\/categories?post=578509"},{"taxonomy":"post_tag","embeddable":true,"href":"https:\/\/www.europesays.com\/fr\/wp-json\/wp\/v2\/tags?post=578509"}],"curies":[{"name":"wp","href":"https:\/\/api.w.org\/{rel}","templated":true}]}}