{"id":578511,"date":"2025-12-04T22:36:33","date_gmt":"2025-12-04T22:36:33","guid":{"rendered":"https:\/\/www.europesays.com\/fr\/578511\/"},"modified":"2025-12-04T22:36:33","modified_gmt":"2025-12-04T22:36:33","slug":"gilets-pare-balles-flingues-stephane-rotenberg-revele-enfin-pourquoi-pekin-express-a-ete-place-sous-haute-protection","status":"publish","type":"post","link":"https:\/\/www.europesays.com\/fr\/578511\/","title":{"rendered":"\u00ab\u00a0Gilets pare-balles, flingues\u00a0\u00bb, St\u00e9phane Rotenberg r\u00e9v\u00e8le enfin pourquoi P\u00e9kin Express a \u00e9t\u00e9 plac\u00e9 sous haute protection"},"content":{"rendered":"<p>Depuis plusieurs semaines, P\u00e9kin Express fait le bonheur des<br \/>\nnombreux fans de l\u2019\u00e9mission. Le 7 novembre dernier, St\u00e9phane<br \/>\nRotenberg a fait son retour avec une toute nouvelle saison baptis\u00e9e<br \/>\nLa route des glaces. Et comme \u00e0 chaque \u00e9dition, le<br \/>\nprogramme r\u00e9pond aux attentes du public avec du rebondissement et<br \/>\ndes moments riches en \u00e9motions. Mais ce qui fait la particularit\u00e9<br \/>\nde cette saison, c\u2019est notamment le climat. En effet, le programme<br \/>\na \u00e9t\u00e9 tourn\u00e9 dans le froid sib\u00e9rien, au Kazakhstan. Des conditions<br \/>\nm\u00e9t\u00e9orologiques qui ont naturellement ajout\u00e9 de la difficult\u00e9 \u00e0<br \/>\nl\u2019aventure. Que ce soit pour les candidats ou encore pour les<br \/>\n\u00e9quipes de tournage.<\/p>\n<p>Un tournage particuli\u00e8rement difficile<\/p>\n<p>Les conditions de cette \u00e9dition de P\u00e9kin Express font de cette<br \/>\nderni\u00e8re une aventure exceptionnelle et in\u00e9dite. En effet, ce n\u2019est<br \/>\npas tous les jours que les candidats doivent faire face au froid.<br \/>\nEt \u00e7a, c\u00a0\u00bbest peu dire. Pour cette saison, les candidats ont d\u00fb se<br \/>\nbattre pour aller le plus loin dans <a href=\"https:\/\/www.melty.fr\/tele\/pekin-express-stephane-rotenberg-tetanise-par-le-froid-on-peut-perdre-une-partie-de-son-corps-2275257.html\" target=\"_blank\" rel=\"noopener\"><br \/>\nl\u2019aventure sous des temp\u00e9ratures glaciales, pr\u00e9cis\u00e9ment -35\u00b0C<\/a>.<br \/>\n<strong>Un climat qui a \u00e9galement pos\u00e9 des probl\u00e8mes aux \u00e9quipes de<br \/>\ntournage<\/strong>.<\/p>\n<p>Heureusement, ces derniers sont habitu\u00e9s \u00e0 des situations<br \/>\ndifficiles. D\u2019ailleurs, cette \u00e9dition de P\u00e9kin Express n\u2019\u00e9tait pas<br \/>\nla plus compliqu\u00e9e pour St\u00e9phane Rotenberg et les \u00e9quipes. Lors de<br \/>\ncette aventure, ces derniers ont seulement d\u00fb affronter le climat.<br \/>\nDans des \u00e9ditions pr\u00e9c\u00e9dentes, le danger \u00e9tait tel que la<br \/>\nproduction de P\u00e9kin Express \u00e9tait oblig\u00e9e de prendre des<br \/>\nmesures.<\/p>\n<p>St\u00e9phane Rotenberg : P\u00e9kin Express met l\u2019accent sur la<br \/>\nprotection des candidats<\/p>\n<p>Les tournages de P\u00e9kin Express ne sont pas toujours une partie<br \/>\nde plaisir. <a href=\"https:\/\/www.melty.fr\/tele\/tbt9-stephane-rotenberg-se-livre-sur-les-difficultes-de-pekin-express-2025-jai-les-larmes-2274338.html\" target=\"_blank\" rel=\"noopener\"><br \/>\nSt\u00e9phane Rotenberg et les \u00e9quipes de tournage sont souvent<br \/>\nconfront\u00e9s \u00e0 des situations compliqu\u00e9es.<\/a> Car, leur s\u00e9jour dans<br \/>\ncertains pays ne se passe pas souvent comme pr\u00e9vu. En effet,<br \/>\ncertains pays se sont r\u00e9v\u00e9l\u00e9s particuli\u00e8rement hostiles. Pour dire<br \/>\n\u00e0 quel point les choses \u00e9taient tendues, il faut savoir que<br \/>\n<strong>St\u00e9phane Rotenberg et les candidats avaient m\u00eame \u00e9t\u00e9<br \/>\ncontraints de porter des gilets pare-balles<\/strong> avec des<br \/>\nporte-flingues non loin d\u2019eux.<\/p>\n<p>\u201cOn est dans des pays o\u00f9 parfois, <strong>il y a de<br \/>\nl&rsquo;ins\u00e9curit\u00e9<\/strong> (\u2026) Quand tu vas dans certains pays en<br \/>\nAfrique, en Am\u00e9rique latine, dans ces cas-l\u00e0, <strong>on met une<br \/>\ns\u00e9curit\u00e9 un peu distante<\/strong>\u201d, avait-il confi\u00e9 lors de son<br \/>\npassage sur le plateau de TBT9. Dans ces situations, la production<br \/>\nfait appel \u00e0 des gardes du corps \u00e9quip\u00e9s de \u201cgilets pare-balles et<br \/>\nflingues\u201d. Heureusement, rien de grave ne s\u2019est jamais produit<br \/>\ndurant le tournage de P\u00e9kin Express. Toutefois, l\u2019animateur a<br \/>\nr\u00e9v\u00e9l\u00e9 que certains candidats ont pu \u201cse faire braquer\u201d<br \/>\npar les h\u00f4tes qui les recevaient. \u201c<strong>Ils se sont fait<br \/>\nbraquer leurs sacs dans des maisons<\/strong>. C&rsquo;est arriv\u00e9 une ou<br \/>\ndeux fois, \u00e0 Cuba\u201d, r\u00e9v\u00e9lait-il.<\/p>\n<p>\u201cLe bus manquait de tomber dans le<br \/>\nravin\u201d<\/p>\n<p>Pour \u00e9viter tout d\u00e9sastre, P\u00e9kin Express pr\u00e9f\u00e8re renforcer la<br \/>\ns\u00e9curit\u00e9. D\u2019ailleurs, St\u00e9phane Rotenberg s\u2019est souvenu d\u2019une<br \/>\nsituation compliqu\u00e9e. Lors du tournage de la premi\u00e8re saison all<br \/>\nstars en 2010, les candidats avaient d\u00fb faire face \u00e0 un probl\u00e8me en<br \/>\nInde. Une \u00e9dition \u00e0 laquelle avait particip\u00e9 Isabelle Morini-Bosc.<br \/>\n\u201c<strong>Il y avait une manifestation, un barrage sur la<br \/>\nroute.<\/strong> Les candidats regardaient (\u2026) Le responsable a vu<br \/>\nque le bus dans lequel \u00e9taient les candidats allait \u00eatre agress\u00e9.<br \/>\n<strong>Il est rentr\u00e9 dans le champ, il a pris les candidats par le<br \/>\nsac-\u00e0-dos, il les a amen\u00e9s hors-champ<\/strong>. Et le bus a \u00e9t\u00e9<br \/>\nbr\u00fbl\u00e9\u2026\u201d, r\u00e9v\u00e9lait-il.<\/p>\n<p>Une exp\u00e9rience que la chroniqueuse de Cyril Hanouna n\u2019a<br \/>\nabsolument pas oubli\u00e9e. En plus, ce n\u2019\u00e9tait pas la seule<br \/>\nm\u00e9saventure v\u00e9cue par les candidats de cette saison-l\u00e0.<br \/>\n\u201c<strong>Le bus manquait de tomber dans le ravin.<\/strong> On<br \/>\nnous a demand\u00e9 de tous nous pencher de l&rsquo;autre c\u00f4t\u00e9, pour \u00e9viter<br \/>\nqu&rsquo;il bascule\u201d, avait-elle racont\u00e9. Des incidents qui ont<br \/>\npouss\u00e9 P\u00e9kin Express \u00e0 renforcer la s\u00e9curit\u00e9 pour le bien des<br \/>\ncandidats.<\/p>\n","protected":false},"excerpt":{"rendered":"Depuis plusieurs semaines, P\u00e9kin Express fait le bonheur des nombreux fans de l\u2019\u00e9mission. Le 7 novembre dernier, St\u00e9phane&hellip;\n","protected":false},"author":2,"featured_media":578512,"comment_status":"","ping_status":"","sticky":false,"template":"","format":"standard","meta":{"footnotes":""},"categories":[1356],"tags":[58,59,1011,27,44043,252,65861,1364],"class_list":{"0":"post-578511","1":"post","2":"type-post","3":"status-publish","4":"format-standard","5":"has-post-thumbnail","7":"category-television","8":"tag-divertissement","9":"tag-entertainment","10":"tag-fr","11":"tag-france","12":"tag-stephane-rotenberg","13":"tag-television","14":"tag-trend","15":"tag-tv"},"share_on_mastodon":{"url":"https:\/\/pubeurope.com\/@fr\/115663692310922062","error":""},"_links":{"self":[{"href":"https:\/\/www.europesays.com\/fr\/wp-json\/wp\/v2\/posts\/578511","targetHints":{"allow":["GET"]}}],"collection":[{"href":"https:\/\/www.europesays.com\/fr\/wp-json\/wp\/v2\/posts"}],"about":[{"href":"https:\/\/www.europesays.com\/fr\/wp-json\/wp\/v2\/types\/post"}],"author":[{"embeddable":true,"href":"https:\/\/www.europesays.com\/fr\/wp-json\/wp\/v2\/users\/2"}],"replies":[{"embeddable":true,"href":"https:\/\/www.europesays.com\/fr\/wp-json\/wp\/v2\/comments?post=578511"}],"version-history":[{"count":0,"href":"https:\/\/www.europesays.com\/fr\/wp-json\/wp\/v2\/posts\/578511\/revisions"}],"wp:featuredmedia":[{"embeddable":true,"href":"https:\/\/www.europesays.com\/fr\/wp-json\/wp\/v2\/media\/578512"}],"wp:attachment":[{"href":"https:\/\/www.europesays.com\/fr\/wp-json\/wp\/v2\/media?parent=578511"}],"wp:term":[{"taxonomy":"category","embeddable":true,"href":"https:\/\/www.europesays.com\/fr\/wp-json\/wp\/v2\/categories?post=578511"},{"taxonomy":"post_tag","embeddable":true,"href":"https:\/\/www.europesays.com\/fr\/wp-json\/wp\/v2\/tags?post=578511"}],"curies":[{"name":"wp","href":"https:\/\/api.w.org\/{rel}","templated":true}]}}