{"id":578513,"date":"2025-12-04T22:38:32","date_gmt":"2025-12-04T22:38:32","guid":{"rendered":"https:\/\/www.europesays.com\/fr\/578513\/"},"modified":"2025-12-04T22:38:32","modified_gmt":"2025-12-04T22:38:32","slug":"cest-un-peu-genant-louane-avoue-quelle-avait-un-crush-sur-ce-chanteur-avec-qui-elle-a-travaille-plus-tard","status":"publish","type":"post","link":"https:\/\/www.europesays.com\/fr\/578513\/","title":{"rendered":"\u201cC\u2019est un peu g\u00eanant\u201d : Louane avoue qu\u2019elle avait un crush sur ce chanteur avec qui elle a travaill\u00e9 plus tard"},"content":{"rendered":"<p>Dans une interview accord\u00e9e \u00e0 Konbini, Louane s&rsquo;est confi\u00e9e sur sa carri\u00e8re. Elle est revenue sur le coup de coeur qu&rsquo;elle a eu enfant sur un chanteur avec qui elle a collabor\u00e9 plus tard.<\/p>\n<p>D\u00e9couverte dans The Voice, Louane a fait un beau chemin depuis. En mai dernier, <a href=\"https:\/\/www.programme-tv.net\/news\/tv\/379101-eurovision-2025-a-quelle-place-est-arrivee-louane-representante-de-la-france\/\" data-api-deeplink=\"teleloisirs:\/\/news\/379101\" target=\"_blank\" rel=\"noopener\">elle a repr\u00e9sent\u00e9 la France \u00e0 l&rsquo;Eurovision<\/a> avec son titre Maman et s&rsquo;est hiss\u00e9e \u00e0 la septi\u00e8me place du classement. En plus de sa carri\u00e8re, la vie priv\u00e9e de la chanteuse est \u00e9galement bien remplie. Cette ann\u00e9e, elle s&rsquo;est par ailleurs <a href=\"https:\/\/www.programme-tv.net\/news\/people\/381629-elle-a-dit-oui-louane-et-florian-rossi-partagent-des-photos-de-leur-fete-de-fiancailles-tres-originale\/\" data-api-deeplink=\"teleloisirs:\/\/news\/381629\" target=\"_blank\" rel=\"noopener\">fianc\u00e9e avec son compagnon<\/a> <a href=\"https:\/\/www.programme-tv.net\/biographie\/471772-rossi-florian\/\" data-link-people=\"1191d771-bbaa-426e-bcfd-13289392bef8\" target=\"_blank\" rel=\"noopener\">Florian Rossi<\/a>, entour\u00e9e de ses proches. Apr\u00e8s une pause bien m\u00e9rit\u00e9e cet \u00e9t\u00e9, l&rsquo;artiste a repris la route pour son Solo Tour qui passera par plusieurs villes fran\u00e7aises, dont Paris, le 20 f\u00e9vrier 2026 \u00e0 l&rsquo;Accor Arena.<\/p>\n<p>Pour cette tourn\u00e9e, Louane interpr\u00e8te les chansons pr\u00e9f\u00e9r\u00e9es de ses fans, pour leur plus grand bonheur. Celle qui est devenue maman en 2020 d&rsquo;<a href=\"https:\/\/www.programme-tv.net\/news\/tv\/336413-louane-se-confie-et-donne-des-nouvelles-de-sa-fille-esmee-desormais-agee-de-trois-ans\/\" data-api-deeplink=\"teleloisirs:\/\/news\/336413\" target=\"_blank\" rel=\"noopener\">une petite fille nomm\u00e9e Esm\u00e9e<\/a> a accord\u00e9 une interview \u00e0 <a href=\"https:\/\/www.youtube.com\/watch?v=ekVebCeafCc&amp;t=757s\" target=\"_blank\" rel=\"noopener\">Konbini <\/a>dans laquelle elle a fait quelques confidences sur son parcours. Interrog\u00e9e sur ses crush c\u00e9l\u00e8bres lorsqu&rsquo;elle \u00e9tait plus jeune, elle n&rsquo;a pas h\u00e9sit\u00e9 une seconde en d\u00e9voilant le nom du principal int\u00e9ress\u00e9. \u00ab\u00a0Joe Jonas\u00a0\u00bb, a-t-elle indiqu\u00e9 avant d&rsquo;ajouter : \u00ab\u00a0<b>Ce qui est un peu g\u00eanant parce que j&rsquo;ai fini par travailler avec lui<\/b>\u00ab\u00a0. En effet, la chanteuse a collabor\u00e9 avec le fr\u00e8re de Nick et Kevin sur son album solo Music for People Who Believe in Love. Ensemble, ils chantent Hey Beautiful, une chanson \u00e9crite pour<a href=\"https:\/\/www.programme-tv.net\/news\/people\/305907-carnet-rose-pour-sophie-turner-et-joe-jonas-la-star-de-game-of-thrones-a-donne-naissance-a-son-deuxieme-enfant\/\" data-api-deeplink=\"teleloisirs:\/\/news\/305907\" target=\"_blank\" rel=\"noopener\"> les enfants de la star<\/a> r\u00e9v\u00e9l\u00e9e dans le film Camp Rock aux c\u00f4t\u00e9s de <a href=\"https:\/\/www.programme-tv.net\/biographie\/113138-lovato-demi\/\" data-link-people=\"acadfb80-59fe-4fb0-a6b3-172dd1acf470\" target=\"_blank\" rel=\"noopener\">Demi Lovato<\/a>. Louane avait d&rsquo;ailleurs confi\u00e9 que c&rsquo;est Joe Jonas qui lui a demand\u00e9 une collaboration. \u00ab\u00a0<a href=\"https:\/\/www.programme-tv.net\/news\/musique\/379217-il-m-a-contactee-directement-sur-instagram-apres-l-eurovision-louane-devoile-un-projet-avec-une-star-internationale\/\" data-api-deeplink=\"teleloisirs:\/\/news\/379217\" target=\"_blank\" rel=\"noopener\">Il m&rsquo;a contact\u00e9e<\/a> directement sur Instagram pour me proposer un featuring. Je me suis dit : c&rsquo;est le multiverse !\u00a0\u00bb, avait-elle avou\u00e9.<\/p>\n<p>                        Louane fait des confidences sur son compagnon, Florian Rossi<\/p>\n<p>La jeune femme a certainement \u00e9t\u00e9 ravie de collaborer avec un artiste qu&rsquo;elle admire depuis plus jeune, mais pas d&rsquo;inqui\u00e9tude pour son compagnon qu&rsquo;elle a visiblement bien choisi. \u00ab\u00a0Il y a beaucoup de gens qui disent que mon mec lui ressemble beaucoup\u00a0\u00bb, d\u00e9clare-t-elle. \u00ab\u00a0De toute fa\u00e7on, j&rsquo;aime bien la vraie vie\u00a0\u00bb, a-t-elle indiqu\u00e9. Florian Rossi peut donc se rassurer, Louane est toujours tr\u00e8s amoureuse de lui.<\/p>\n","protected":false},"excerpt":{"rendered":"Dans une interview accord\u00e9e \u00e0 Konbini, Louane s&rsquo;est confi\u00e9e sur sa carri\u00e8re. Elle est revenue sur le coup&hellip;\n","protected":false},"author":2,"featured_media":578514,"comment_status":"","ping_status":"","sticky":false,"template":"","format":"standard","meta":{"footnotes":""},"categories":[1355],"tags":[244,58,59,1011,27,44954,4501,1361,873,1630],"class_list":{"0":"post-578513","1":"post","2":"type-post","3":"status-publish","4":"format-standard","5":"has-post-thumbnail","7":"category-musique","8":"tag-commentaire","9":"tag-divertissement","10":"tag-entertainment","11":"tag-fr","12":"tag-france","13":"tag-joe-jonas","14":"tag-louane","15":"tag-music","16":"tag-musique","17":"tag-zapping"},"share_on_mastodon":{"url":"https:\/\/pubeurope.com\/@fr\/115663700147400182","error":""},"_links":{"self":[{"href":"https:\/\/www.europesays.com\/fr\/wp-json\/wp\/v2\/posts\/578513","targetHints":{"allow":["GET"]}}],"collection":[{"href":"https:\/\/www.europesays.com\/fr\/wp-json\/wp\/v2\/posts"}],"about":[{"href":"https:\/\/www.europesays.com\/fr\/wp-json\/wp\/v2\/types\/post"}],"author":[{"embeddable":true,"href":"https:\/\/www.europesays.com\/fr\/wp-json\/wp\/v2\/users\/2"}],"replies":[{"embeddable":true,"href":"https:\/\/www.europesays.com\/fr\/wp-json\/wp\/v2\/comments?post=578513"}],"version-history":[{"count":0,"href":"https:\/\/www.europesays.com\/fr\/wp-json\/wp\/v2\/posts\/578513\/revisions"}],"wp:featuredmedia":[{"embeddable":true,"href":"https:\/\/www.europesays.com\/fr\/wp-json\/wp\/v2\/media\/578514"}],"wp:attachment":[{"href":"https:\/\/www.europesays.com\/fr\/wp-json\/wp\/v2\/media?parent=578513"}],"wp:term":[{"taxonomy":"category","embeddable":true,"href":"https:\/\/www.europesays.com\/fr\/wp-json\/wp\/v2\/categories?post=578513"},{"taxonomy":"post_tag","embeddable":true,"href":"https:\/\/www.europesays.com\/fr\/wp-json\/wp\/v2\/tags?post=578513"}],"curies":[{"name":"wp","href":"https:\/\/api.w.org\/{rel}","templated":true}]}}