{"id":578516,"date":"2025-12-04T22:42:16","date_gmt":"2025-12-04T22:42:16","guid":{"rendered":"https:\/\/www.europesays.com\/fr\/578516\/"},"modified":"2025-12-04T22:42:16","modified_gmt":"2025-12-04T22:42:16","slug":"ce-medicament-utilise-depuis-60-ans-contre-le-diabete-peut-allonger-la-vie-de-ces-femmes-selon-une-etude-tres-serieuse","status":"publish","type":"post","link":"https:\/\/www.europesays.com\/fr\/578516\/","title":{"rendered":"Ce m\u00e9dicament utilis\u00e9 depuis 60 ans contre le diab\u00e8te peut allonger la vie de ces femmes, selon une \u00e9tude tr\u00e8s s\u00e9rieuse"},"content":{"rendered":"<p>Il y a des maladies dont on parle peu et qui pourtant<br \/>\ns\u2019insinuent dans le quotidien de millions de familles. Le diab\u00e8te<br \/>\nen fait partie. Nathalie Doisy, responsable de la communication \u00e0<br \/>\nla F\u00e9d\u00e9ration fran\u00e7aise des diab\u00e9tiques, conna\u00eet bien ce silence<br \/>\nqui entoure la maladie : \u00ab\u00a0Le diab\u00e8te, c\u2019est un exc\u00e8s de sucre<br \/>\ndans le sang, une hyperglyc\u00e9mie chronique. Le corps ne produit plus<br \/>\nassez d\u2019insuline ou l\u2019utilise mal. On ne gu\u00e9rit pas du diab\u00e8te,<br \/>\nmais on peut le contr\u00f4ler.\u00a0\u00bb Derri\u00e8re cette routine parfois<br \/>\npesante, se cachent aussi des progr\u00e8s encourageants. Parce que le<br \/>\ndiab\u00e8te n\u2019est pas un bloc homog\u00e8ne. Il y a le type 1, maladie<br \/>\nauto-immune qui frappe souvent les jeunes, et surtout le type 2,<br \/>\nqui repr\u00e9sente plus de 90 % des cas et s\u2019installe g\u00e9n\u00e9ralement<br \/>\napr\u00e8s 40 ans, m\u00eame si la maladie touche aujourd\u2019hui des patients de<br \/>\nplus en plus jeunes. Une r\u00e9alit\u00e9 lourde : <strong>3,5 millions de<br \/>\nFran\u00e7ais sont trait\u00e9s<\/strong>, et 700 000 vivraient avec la<br \/>\nmaladie sans le savoir. Chaque jour, 400 nouveaux diagnostics<br \/>\ntombent. Pourtant, une vieille mol\u00e9cule pourrait bien, \u00e0 sa<br \/>\nmani\u00e8re, bouleverser un peu ce paysage m\u00e9dical.<\/p>\n<p>Le diab\u00e8te : une maladie du quotidien, mais jamais anodine<\/p>\n<p>Quand Nathalie Doisy parle du diab\u00e8te pour l\u00a0\u00bbInstitut Paris<br \/>\nR\u00e9gion, cette derni\u00e8re insiste souvent sur ce que beaucoup<br \/>\npr\u00e9f\u00e8rent oublier : notre mode de vie p\u00e8se lourd.<br \/>\n\u00ab\u00a0<strong>S\u00e9dentarit\u00e9, \u00e9crans, repas pris \u00e0 la va-vite\u2026 tout<br \/>\ncela favorise le surpoids, qui lui-m\u00eame favorise le diab\u00e8te de type<br \/>\n2<\/strong>\u00ab\u00a0, rappelle-t-elle. On imagine alors la sc\u00e8ne : les<br \/>\nenfants qui grignotent devant une tablette, les adultes qui<br \/>\nd\u00e9jeunent sur le pouce entre deux r\u00e9unions, les soir\u00e9es trop<br \/>\ncourtes pour caser une vraie activit\u00e9 physique.<\/p>\n<p>R\u00e9sultat : les chiffres s\u2019envolent, et les complications<br \/>\npossibles, c\u00e9cit\u00e9, atteinte des pieds, <a href=\"https:\/\/www.melty.fr\/divers\/crises-cardiaques-cette-carte-montre-les-regions-francaises-ou-les-risques-sont-les-plus-eleves-2254615.html\" target=\"_blank\" rel=\"noopener\"><br \/>\nprobl\u00e8mes cardiaques<\/a>, ne sont pas des d\u00e9tails. Dans certains<br \/>\nterritoires, notamment dans les DROM-COM ou en Seine-Saint-Denis,<br \/>\nla situation est encore plus inqui\u00e9tante, preuve que la pr\u00e9carit\u00e9<br \/>\net le diab\u00e8te avancent souvent ensemble. La F\u00e9d\u00e9ration fran\u00e7aise<br \/>\ndes diab\u00e9tiques s\u2019efforce pourtant de <strong>faire \u00e9voluer les<br \/>\nmentalit\u00e9s<\/strong>. Campagnes de pr\u00e9vention, journ\u00e9e mondiale du<br \/>\ndiab\u00e8te, projets \u00e9ducatifs\u2026 L\u2019objectif : expliquer, rassurer mais<br \/>\nsurtout alerter. Si la maladie est silencieuse, ses cons\u00e9quences,<br \/>\nelles, ne le sont jamais tr\u00e8s longtemps.<\/p>\n<p>La metformine, petite pilule discr\u00e8te devenue objet de<br \/>\ncuriosit\u00e9 scientifique<\/p>\n<p>C\u2019est un m\u00e9dicament presque \u00ab\u00a0invisible\u00a0\u00bb, tant il est courant :<br \/>\nla metformine. <strong>Prescrite depuis 60 ans<\/strong> pour<br \/>\nr\u00e9guler la glyc\u00e9mie, elle n\u2019a rien d\u2019un produit r\u00e9volutionnaire au<br \/>\npremier abord. Pourtant, <a href=\"https:\/\/www.science-et-vie.com\/corps-et-sante\/depuis-60-ans-on-utilise-ce-medicament-pour-traiter-le-diabete-de-type-2-une-recente-etude-montre-quil-pourrait-allonger-la-vie-de-certaines-femmes-218608.html\" target=\"_blank\" rel=\"nofollow noopener\">Science et Vie<\/a><br \/>\nraconte comment cette mol\u00e9cule vient de faire parler d\u2019elle bien<br \/>\nau-del\u00e0 du monde du diab\u00e8te. Une \u00e9quipe am\u00e9ricaine et allemande<br \/>\ns\u2019est pench\u00e9e sur les donn\u00e9es de la Women\u2019s Health Initiative, une<br \/>\ngigantesque cohorte suivie depuis trois d\u00e9cennies.<\/p>\n<p>Les chercheuses et chercheurs ont compar\u00e9 deux groupes de femmes<br \/>\nde plus de 60 ans, toutes r\u00e9cemment diagnostiqu\u00e9es avec un diab\u00e8te<br \/>\nde type 2 : celles qui avaient commenc\u00e9 la metformine et celles qui<br \/>\nprenaient des sulfamides hypoglyc\u00e9miants. Les r\u00e9sultats ont surpris<br \/>\nm\u00eame les sp\u00e9cialistes : les femmes sous metformine auraient<br \/>\n<strong>30 % de risques en moins de mourir avant 90 ans<\/strong><br \/>\nque celles suivies avec un autre traitement. L\u2019\u00e9tude, publi\u00e9e en<br \/>\nmai 2025 dans The Journal of Gerontology, s\u2019appuie sur<br \/>\nplus de 15 ann\u00e9es de suivi. Sa m\u00e9thodologie, un \u00ab\u00a0essai cible\u00a0\u00bb con\u00e7u<br \/>\npour imiter un essai clinique randomis\u00e9, a renforc\u00e9 la solidit\u00e9 des<br \/>\nconclusions.<\/p>\n<p>Un m\u00e9dicament ancien, des effets<br \/>\nnouveaux<\/p>\n<p>Si la metformine intrigue autant, c\u2019est parce qu\u2019elle semble<br \/>\nagir sur plus d\u2019un m\u00e9canisme. Selon les chercheurs cit\u00e9s par<br \/>\nScienceAlert, la mol\u00e9cule r\u00e9duit le stress oxydatif,<br \/>\nlimite les inflammations chroniques, stimule des g\u00e8nes associ\u00e9s \u00e0<br \/>\nla long\u00e9vit\u00e9 comme FOXO3, et contribuerait m\u00eame \u00e0 la protection de<br \/>\nl\u2019ADN. Sur les mod\u00e8les animaux, les r\u00e9sultats sont encore plus<br \/>\nfrappants : <strong>souris vivant plus longtemps<\/strong>, tumeurs<br \/>\nretard\u00e9es, fonctions cognitives am\u00e9lior\u00e9es.<\/p>\n<p>L\u2019enthousiasme est tel qu\u2019un grand essai clinique, TAME<br \/>\n(Targeting Aging with Metformin), a \u00e9t\u00e9 imagin\u00e9 pour tester la<br \/>\nmol\u00e9cule sur les maladies li\u00e9es \u00e0 l\u2019\u00e2ge. Un projet encore en<br \/>\nattente de financements, mais qui montre \u00e0 quel point la question<br \/>\nest prise au s\u00e9rieux. Mais attention : les scientifiques eux-m\u00eames<br \/>\nfreinent les fantasmes. L\u2019\u00e9tude ne d\u00e9montre pas que la metformine<br \/>\n<a href=\"https:\/\/www.melty.fr\/divers\/ce-simple-rituel-a-table-du-dr-jimmy-mohamed-va-vous-faire-gagner-10-ans-desperance-de-vie-2279106.html\" target=\"_blank\" rel=\"noopener\"><br \/>\nfait vivre plus longtemps<\/a>, elle \u00e9tablit une corr\u00e9lation, pas<br \/>\nune certitude. Pas de groupe placebo, uniquement des femmes<br \/>\npost-m\u00e9nopaus\u00e9es, impossibilit\u00e9 d\u2019\u00e9liminer tous les facteurs<br \/>\nexternes\u2026 <strong>Beaucoup de prudence<\/strong> donc.<\/p>\n","protected":false},"excerpt":{"rendered":"Il y a des maladies dont on parle peu et qui pourtant s\u2019insinuent dans le quotidien de millions&hellip;\n","protected":false},"author":2,"featured_media":578517,"comment_status":"","ping_status":"","sticky":false,"template":"","format":"standard","meta":{"footnotes":""},"categories":[10],"tags":[1011,27,72,71,65861],"class_list":{"0":"post-578516","1":"post","2":"type-post","3":"status-publish","4":"format-standard","5":"has-post-thumbnail","7":"category-sante","8":"tag-fr","9":"tag-france","10":"tag-health","11":"tag-sante","12":"tag-trend"},"share_on_mastodon":{"url":"https:\/\/pubeurope.com\/@fr\/115663716125821769","error":""},"_links":{"self":[{"href":"https:\/\/www.europesays.com\/fr\/wp-json\/wp\/v2\/posts\/578516","targetHints":{"allow":["GET"]}}],"collection":[{"href":"https:\/\/www.europesays.com\/fr\/wp-json\/wp\/v2\/posts"}],"about":[{"href":"https:\/\/www.europesays.com\/fr\/wp-json\/wp\/v2\/types\/post"}],"author":[{"embeddable":true,"href":"https:\/\/www.europesays.com\/fr\/wp-json\/wp\/v2\/users\/2"}],"replies":[{"embeddable":true,"href":"https:\/\/www.europesays.com\/fr\/wp-json\/wp\/v2\/comments?post=578516"}],"version-history":[{"count":0,"href":"https:\/\/www.europesays.com\/fr\/wp-json\/wp\/v2\/posts\/578516\/revisions"}],"wp:featuredmedia":[{"embeddable":true,"href":"https:\/\/www.europesays.com\/fr\/wp-json\/wp\/v2\/media\/578517"}],"wp:attachment":[{"href":"https:\/\/www.europesays.com\/fr\/wp-json\/wp\/v2\/media?parent=578516"}],"wp:term":[{"taxonomy":"category","embeddable":true,"href":"https:\/\/www.europesays.com\/fr\/wp-json\/wp\/v2\/categories?post=578516"},{"taxonomy":"post_tag","embeddable":true,"href":"https:\/\/www.europesays.com\/fr\/wp-json\/wp\/v2\/tags?post=578516"}],"curies":[{"name":"wp","href":"https:\/\/api.w.org\/{rel}","templated":true}]}}