{"id":578521,"date":"2025-12-04T22:45:17","date_gmt":"2025-12-04T22:45:17","guid":{"rendered":"https:\/\/www.europesays.com\/fr\/578521\/"},"modified":"2025-12-04T22:45:17","modified_gmt":"2025-12-04T22:45:17","slug":"video-pendant-que-les-autres-nagent-le-crawl-elle-barbotte-sur-le-dos-pour-continuer-de-trainer-sur-son-telephone","status":"publish","type":"post","link":"https:\/\/www.europesays.com\/fr\/578521\/","title":{"rendered":"VID\u00c9O Pendant que les autres nagent le crawl, elle barbotte sur le dos pour continuer de tra\u00eener sur son t\u00e9l\u00e9phone"},"content":{"rendered":"<p>\n                                                                La vid\u00e9o d\u2019une femme dans une piscine publique de Sydney (Australie) est devenue virale ces derniers jours. La personne film\u00e9e appara\u00eet en planche, le bras tendu, pour continuer de \u00ab\u00a0scroller\u00a0\u00bb sur son t\u00e9l\u00e9phone. Un comportement \u00e0 la fois dr\u00f4le et inqui\u00e9tant, captur\u00e9 alors que le pays s\u2019appr\u00eate \u00e0 bannir les jeunes de moins de 16 ans des r\u00e9seaux sociaux.\n                            <\/p>\n<p>Derni\u00e8rement, une vid\u00e9o montrant une femme\u00a0dans une piscine est devenue virale. En position planche, elle avance dans son couloir de nage en battant des pieds. Seuls d\u00e9passent de l\u2019eau son visage et sa main droite, pour tenir\u2026 son t\u00e9l\u00e9phone portable.<\/p>\n<p>La \u00ab\u00a0nageuse\u00a0\u00bb, qui barbotte dans la piscine du club de nation Bondi Icebergs, \u00e0 Sydney (Australie), fait d\u00e9filer du contenu sur son \u00e9cran, et semble m\u00eame prendre une photo. Deux couloirs de nage \u00e0 droite, deux nageurs semblent quant \u00e0 eux s\u2019affronter dans une course en crawl. Deux salles, deux ambiances.<\/p>\n<blockquote data-instgrm-captioned=\"\" data-instgrm-permalink=\"https:\/\/www.instagram.com\/reel\/DRqksqgjEsx\/?utm_source=ig_embed&amp;utm_campaign=loading\" data-instgrm-version=\"14\" style=\" background:#FFF; border:0; border-radius:3px; box-shadow:0 0 1px 0 rgba(0,0,0,0.5),0 1px 10px 0 rgba(0,0,0,0.15); margin: 1px; max-width:540px; min-width:326px; padding:0; width:99.375%; width:-webkit-calc(100% - 2px); width:calc(100% - 2px);\" data-class=\"instagram-media\"\/>\n<p>Une vid\u00e9o devenue virale<\/p>\n<p>Sur Instagram, certains s\u2019insurgent, appellent la femme \u00e0 poser son t\u00e9l\u00e9phone pour\u00a0\u00ab\u00a0profiter de l\u2019instant pr\u00e9sent\u00a0\u00bb. Quelqu\u2019un juge la sc\u00e8ne plut\u00f4t triste, quand d\u2019autres essayent de trouver une explication logique \u00e0 ces images.<\/p>\n<p>Peut-\u00eatre que\u00a0la femme filme du contenu pour partager \u00e0 des abonn\u00e9s, en lien avec la natation\u00a0? Plus emb\u00eatant, peut-\u00eatre qu\u2019elle est sur YouTube, pour regarder un tutoriel pour savoir comment nager\u00a0? Une internaute se fait l\u2019avocat du diable, avan\u00e7ant que cette femme\u00a0a\u00a0\u00ab\u00a0peut-\u00eatre qu\u2019elle a une famille, et que c\u2019est son seul moment de r\u00e9pit\u00a0\u00bb.<\/p>\n<p>Nomophobie<\/p>\n<p>L\u2019envie de tra\u00eener sur notre t\u00e9l\u00e9phone peut-\u00eatre irr\u00e9sistible. Certains ont m\u00eame donn\u00e9 un nom,<a href=\"https:\/\/www.midilibre.fr\/2021\/02\/05\/smartphone-et-reseaux-sociaux-et-si-vous-etiez-nomophobe-9355737.php\" target=\"_blank\" rel=\"noopener\"> la nomophobie,<\/a> pour parler de l\u2019anxi\u00e9t\u00e9 li\u00e9e \u00e0 l\u2019absence de t\u00e9l\u00e9phone. Ce probl\u00e8me est particuli\u00e8rement pr\u00e9gnant chez les 18-24 ans, \u00ab\u00a0qui d\u00e9veloppement davantage de nomophobie que les autres groupes d\u2019\u00e2ge\u00a0\u00bb, d\u2019apr\u00e8s\u00a0Eric Lim, un ma\u00eetre de conf\u00e9rences \u00e0 l\u2019Universit\u00e9 de Nouvelle-Galles du Sud, cit\u00e9 par le <a href=\"https:\/\/www.dailymail.co.uk\/news\/article-15347693\/Bondi-Sydney-Icebergs-pool-phone.html\" target=\"_blank\" rel=\"noopener\">Daily Mail.<\/a><\/p>\n<p>Pour tenter d\u2019endiguer le probl\u00e8me, <a href=\"https:\/\/www.midilibre.fr\/2024\/11\/07\/fini-les-reseaux-sociaux-pour-les-moins-de-16-ans-cette-mesure-forte-prise-par-laustralie-pour-proteger-les-enfants-12308849.php\" target=\"_blank\" rel=\"noopener\">l\u2019Australie a pr\u00e9vu d\u2019interdire les r\u00e9seaux sociaux<\/a>\u00a0aux jeunes de\u00a0<a href=\"https:\/\/www.midilibre.fr\/2025\/04\/30\/etat-durgence-contre-les-ecrans-ce-que-gabriel-attal-prevoit-pour-la-sante-mentale-des-enfants-et-adolescents-12668982.php\" target=\"_blank\" rel=\"noopener\">moins de 16 ans. <\/a>Meta, derri\u00e8re Facebook et Instagram, a d\u2019ailleurs commenc\u00e9 ce jeudi 4\u00a0d\u00e9cembre \u00e0 supprimer les comptes des utilisateurs australiens de moins de 16 ans.<\/p>\n<p>                                                                                                                                                                                                        <script async src=\"\/\/www.instagram.com\/embed.js\"><\/script><\/p>\n","protected":false},"excerpt":{"rendered":"La vid\u00e9o d\u2019une femme dans une piscine publique de Sydney (Australie) est devenue virale ces derniers jours. La&hellip;\n","protected":false},"author":2,"featured_media":578522,"comment_status":"","ping_status":"","sticky":false,"template":"","format":"standard","meta":{"footnotes":""},"categories":[7],"tags":[58,1011,27,1757,43,40,41,39,42,44],"class_list":{"0":"post-578521","1":"post","2":"type-post","3":"status-publish","4":"format-standard","5":"has-post-thumbnail","7":"category-sciences-et-technologies","8":"tag-divertissement","9":"tag-fr","10":"tag-france","11":"tag-insolite","12":"tag-science","13":"tag-science-and-technology","14":"tag-sciences","15":"tag-sciences-et-technologies","16":"tag-technologies","17":"tag-technology"},"share_on_mastodon":{"url":"https:\/\/pubeurope.com\/@fr\/115663727799878965","error":""},"_links":{"self":[{"href":"https:\/\/www.europesays.com\/fr\/wp-json\/wp\/v2\/posts\/578521","targetHints":{"allow":["GET"]}}],"collection":[{"href":"https:\/\/www.europesays.com\/fr\/wp-json\/wp\/v2\/posts"}],"about":[{"href":"https:\/\/www.europesays.com\/fr\/wp-json\/wp\/v2\/types\/post"}],"author":[{"embeddable":true,"href":"https:\/\/www.europesays.com\/fr\/wp-json\/wp\/v2\/users\/2"}],"replies":[{"embeddable":true,"href":"https:\/\/www.europesays.com\/fr\/wp-json\/wp\/v2\/comments?post=578521"}],"version-history":[{"count":0,"href":"https:\/\/www.europesays.com\/fr\/wp-json\/wp\/v2\/posts\/578521\/revisions"}],"wp:featuredmedia":[{"embeddable":true,"href":"https:\/\/www.europesays.com\/fr\/wp-json\/wp\/v2\/media\/578522"}],"wp:attachment":[{"href":"https:\/\/www.europesays.com\/fr\/wp-json\/wp\/v2\/media?parent=578521"}],"wp:term":[{"taxonomy":"category","embeddable":true,"href":"https:\/\/www.europesays.com\/fr\/wp-json\/wp\/v2\/categories?post=578521"},{"taxonomy":"post_tag","embeddable":true,"href":"https:\/\/www.europesays.com\/fr\/wp-json\/wp\/v2\/tags?post=578521"}],"curies":[{"name":"wp","href":"https:\/\/api.w.org\/{rel}","templated":true}]}}