{"id":578523,"date":"2025-12-04T22:46:16","date_gmt":"2025-12-04T22:46:16","guid":{"rendered":"https:\/\/www.europesays.com\/fr\/578523\/"},"modified":"2025-12-04T22:46:16","modified_gmt":"2025-12-04T22:46:16","slug":"apres-son-depart-de-meta-le-pionnier-francais-de-lia-yann-lecun-installera-sa-start-up-a-paris","status":"publish","type":"post","link":"https:\/\/www.europesays.com\/fr\/578523\/","title":{"rendered":"Apr\u00e8s son d\u00e9part de Meta, le pionnier fran\u00e7ais de l\u2019IA Yann LeCun installera sa start-up \u00e0 Paris"},"content":{"rendered":"<p>                     <img loading=\"lazy\" decoding=\"async\" src=\"https:\/\/www.europesays.com\/fr\/wp-content\/uploads\/2025\/12\/7f821eb_upload-1-xkxtaxcpdrjk-000-36xc667.jpg\" alt=\"Yann LeCun, lors d\u2019une d\u00e9monstration technologique au laboratoire de recherche de Meta, \u00e0 Paris, le 7\u00a0f\u00e9vrier\u00a02025.\"   width=\"664\" height=\"443\"\/>    Yann LeCun, lors d\u2019une d\u00e9monstration technologique au laboratoire de recherche de Meta, \u00e0 Paris, le 7\u00a0f\u00e9vrier\u00a02025.  STEPHANE DE SAKUTIN\/AFP                 <\/p>\n<p class=\"article__paragraph  \">C\u2019est dans la capitale fran\u00e7aise que Yann LeCun va fonder sa tr\u00e8s attendue start-up d\u2019intelligence artificielle (IA). Le prestigieux chercheur, qui s\u2019appr\u00eate \u00e0 quitter Meta, o\u00f9 il occupe les fonctions de vice-pr\u00e9sident et de directeur scientifique de l\u2019IA, l\u2019a annonc\u00e9, jeudi 4\u00a0d\u00e9cembre, dans une intervention \u00e0 la conf\u00e9rence AI-Pulse organis\u00e9e par Scaleway, la filiale cloud d\u2019Iliad (la maison m\u00e8re de Free, fond\u00e9e par Xavier Niel, actionnaire \u00e0 titre individuel du Monde).<\/p>\n<p>   Lire plus tard  <\/p>\n<p class=\"article__paragraph  \">Avec ce nouveau projet, M.\u00a0LeCun ambitionne de d\u00e9velopper \u00ab\u00a0la prochaine g\u00e9n\u00e9ration de mod\u00e8les d\u2019IA\u00a0\u00bb \u2013 souvent d\u00e9crits comme des \u00ab\u00a0repr\u00e9sentations du monde\u00a0\u00bb ou \u00ab\u00a0world models\u00a0\u00bb. \u00ab\u00a0La Silicon Valley est compl\u00e8tement hypnotis\u00e9e par les mod\u00e8les actuels d\u2019IA g\u00e9n\u00e9rative. Pour mener ce genre de recherches nouvelles, il faut donc aller hors de la vall\u00e9e\u2026 \u00e0 Paris\u00a0\u00bb, a expliqu\u00e9 le nouvel entrepreneur, tout en pr\u00e9cisant que l\u2019entit\u00e9 serait \u00ab\u00a0globale\u00a0\u00bb et qu\u2019il donnerait plus de d\u00e9tails \u00ab\u00a0en janvier [2026]\u00a0\u00bb. Le 25\u00a0novembre, en cl\u00f4ture du sommet Adopt-AI organis\u00e9 par l\u2019entreprise Artefact, Emmanuel Macron avait dit s\u2019efforcer de convaincre M.\u00a0LeCun, install\u00e9 depuis des ann\u00e9es \u00e0 New York, o\u00f9 il enseigne, de cr\u00e9er sa start-up en France.<\/p>\n<p class=\"reading-mode-only \"><strong>Il vous reste 70.78% de cet article \u00e0 lire. La suite est r\u00e9serv\u00e9e aux abonn\u00e9s.<\/strong><\/p>\n","protected":false},"excerpt":{"rendered":"Yann LeCun, lors d\u2019une d\u00e9monstration technologique au laboratoire de recherche de Meta, \u00e0 Paris, le 7\u00a0f\u00e9vrier\u00a02025. STEPHANE DE&hellip;\n","protected":false},"author":2,"featured_media":578524,"comment_status":"","ping_status":"","sticky":false,"template":"","format":"standard","meta":{"footnotes":""},"categories":[6],"tags":[35,33,34,1011,27],"class_list":{"0":"post-578523","1":"post","2":"type-post","3":"status-publish","4":"format-standard","5":"has-post-thumbnail","7":"category-economie","8":"tag-business","9":"tag-economie","10":"tag-economy","11":"tag-fr","12":"tag-france"},"share_on_mastodon":{"url":"https:\/\/pubeurope.com\/@fr\/115663732532643977","error":""},"_links":{"self":[{"href":"https:\/\/www.europesays.com\/fr\/wp-json\/wp\/v2\/posts\/578523","targetHints":{"allow":["GET"]}}],"collection":[{"href":"https:\/\/www.europesays.com\/fr\/wp-json\/wp\/v2\/posts"}],"about":[{"href":"https:\/\/www.europesays.com\/fr\/wp-json\/wp\/v2\/types\/post"}],"author":[{"embeddable":true,"href":"https:\/\/www.europesays.com\/fr\/wp-json\/wp\/v2\/users\/2"}],"replies":[{"embeddable":true,"href":"https:\/\/www.europesays.com\/fr\/wp-json\/wp\/v2\/comments?post=578523"}],"version-history":[{"count":0,"href":"https:\/\/www.europesays.com\/fr\/wp-json\/wp\/v2\/posts\/578523\/revisions"}],"wp:featuredmedia":[{"embeddable":true,"href":"https:\/\/www.europesays.com\/fr\/wp-json\/wp\/v2\/media\/578524"}],"wp:attachment":[{"href":"https:\/\/www.europesays.com\/fr\/wp-json\/wp\/v2\/media?parent=578523"}],"wp:term":[{"taxonomy":"category","embeddable":true,"href":"https:\/\/www.europesays.com\/fr\/wp-json\/wp\/v2\/categories?post=578523"},{"taxonomy":"post_tag","embeddable":true,"href":"https:\/\/www.europesays.com\/fr\/wp-json\/wp\/v2\/tags?post=578523"}],"curies":[{"name":"wp","href":"https:\/\/api.w.org\/{rel}","templated":true}]}}