{"id":578525,"date":"2025-12-04T22:47:17","date_gmt":"2025-12-04T22:47:17","guid":{"rendered":"https:\/\/www.europesays.com\/fr\/578525\/"},"modified":"2025-12-04T22:47:17","modified_gmt":"2025-12-04T22:47:17","slug":"trump-et-poutine-sur-la-meme-longueur-donde-et-des-enfants-en-camp-de-reeducation","status":"publish","type":"post","link":"https:\/\/www.europesays.com\/fr\/578525\/","title":{"rendered":"Trump et Poutine sur la m\u00eame longueur d\u2019onde et des enfants en camp de r\u00e9\u00e9ducation"},"content":{"rendered":"<p>Vous avez rat\u00e9 les derniers \u00e9v\u00e9nements sur la <a href=\"https:\/\/www.20minutes.fr\/monde\/ukraine\/\" class=\"c-link c-link--is-underlined\" target=\"_blank\" rel=\"noopener\">guerre en Ukraine<\/a>\u00a0? 20 Minutes fait le point pour vous tous les soirs. Voici l\u2019essentiel de ce mercredi 3\u00a0d\u00e9cembre, au 1.378e jour du conflit.<\/p>\n<p>Le fait du jour<\/p>\n<p>Il ne s\u2019\u00e9tait pas exprim\u00e9 depuis sa rencontre, sans r\u00e9sultat notable, mardi au Kremlin avec Steve Witkoff et Jared Kushner, l\u2019\u00e9missaire et le gendre de <a href=\"https:\/\/www.20minutes.fr\/dossier\/donald_trump\" class=\"c-link c-link--is-underlined\" target=\"_blank\" rel=\"noopener\">Donald Trump<\/a>. <a href=\"https:\/\/www.20minutes.fr\/monde\/vladimir_poutine\/\" class=\"c-link c-link--is-underlined\" target=\"_blank\" rel=\"noopener\">Vladimir Poutine<\/a> a livr\u00e9 son d\u00e9brief depuis l\u2019Inde ce jeudi. \u00ab\u00a0Parvenir \u00e0 un consensus entre des parties en conflit n\u2019est pas chose ais\u00e9e, mais je crois que le pr\u00e9sident Trump s\u2019y emploie sinc\u00e8rement\u00a0\u00bb, a dit le ma\u00eetre du Kremlin. \u00ab\u00a0Je pense que nous devons nous engager dans cet effort plut\u00f4t que d\u2019y faire obstruction\u00a0\u00bb, a-t-il ajout\u00e9, faisant allusion aux Europ\u00e9ens que Moscou accuse de vouloir emp\u00eacher un accord. Un peu plus t\u00f4t dans la journ\u00e9e, Donald Trump a \u00e9voqu\u00e9 de son c\u00f4t\u00e9 \u00ab\u00a0une tr\u00e8s bonne rencontre\u00a0\u00bb, assurant que Vladimir Poutine voulait bien \u00ab\u00a0mettre fin \u00e0 la guerre\u00a0\u00bb.<\/p>\n<p>La lev\u00e9e par les Am\u00e9ricains d\u2019une partie des sanctions frappant le g\u00e9ant du p\u00e9trole russe Lukoil, annonc\u00e9e ce jeudi, n\u2019est peut-\u00eatre pas \u00e9trang\u00e8re \u00e0 ce regain d\u2019optimisme et \u00e0 cet \u00e9change d\u2019amabilit\u00e9s entre les deux superpuissances.<\/p>\n<\/p>\n<p>Par ailleurs, le canal de n\u00e9gociation reste ouvert des deux c\u00f4t\u00e9s puisqu\u2019une d\u00e9l\u00e9gation ukrainienne devait, \u00e0 nouveau, rencontrer les diplomates am\u00e9ricains ce jeudi soir \u00e0 Miami.<\/p>\n<p>La d\u00e9claration du jour<\/p>\n<blockquote class=\"mx-m@xs mx-xxl@md color-ultramarine c-citation\">\n<p class=\"font-weight-regular@xs text-italic font-source-serif-pro text-l@xs c-citation__content\">\u00ab\u00a0La Chine soutient tous les efforts pour la paix\u00a0\u00bb et \u00ab\u00a0continuera \u00e0 jouer un r\u00f4le constructif pour une solution \u00e0 la crise.\u00a0\u00bb<\/p>\n<\/blockquote>\n<p>Press\u00e9 par <a href=\"https:\/\/www.20minutes.fr\/politique\/emmanuel-macron\/\" class=\"c-link c-link--is-underlined\" target=\"_blank\" rel=\"noopener\">Emmanuel Macron<\/a> de jouer un r\u00f4le dans la r\u00e9solution du conflit, le pr\u00e9sident chinois Xi Jinping s\u2019est montr\u00e9 tr\u00e8s mesur\u00e9. \u00ab\u00a0En m\u00eame temps, [la <a href=\"https:\/\/www.20minutes.fr\/dossier\/chine\" class=\"c-link c-link--is-underlined\" target=\"_blank\" rel=\"noopener\">Chine<\/a>] s\u2019oppose fermement \u00e0 toute tentative irresponsable visant \u00e0 rejeter la faute ou \u00e0 diffamer quiconque\u00a0\u00bb, a ajout\u00e9 le dirigeant chinois chez qui le couple Macron est en visite d\u2019Etat.<\/p>\n<p>Le chiffre du jour<\/p>\n<p>20.000. Le nombre d\u2019enfants ukrainiens que Kiev accuse la Russie d\u2019avoir enlev\u00e9s depuis le d\u00e9but de la guerre. Ce jeudi, le m\u00e9diateur ukrainien pour les droits humains, Dmytro Loubinets, a \u00e9voqu\u00e9 de nouvelles \u00ab\u00a0informations\u00a0\u00bb. Elles font \u00e9tat de l\u2019existence de camps de \u00ab\u00a0r\u00e9\u00e9ducation\u00a0\u00bb en Cor\u00e9e du Nord o\u00f9 des enfants ukrainiens sont soumis, selon lui, \u00e0 une \u00ab\u00a0russification\u00a0\u00bb et une \u00ab\u00a0militarisation\u00a0\u00bb forc\u00e9es.<\/p>\n<p>La tendance<\/p>\n<p>Le <a href=\"https:\/\/www.20minutes.fr\/monde\/royaume-uni\/\" class=\"c-link c-link--is-underlined\" target=\"_blank\" rel=\"noopener\">Royaume-Uni<\/a> a convoqu\u00e9 ce jeudi l\u2019ambassadeur russe et sanctionn\u00e9 l\u2019int\u00e9gralit\u00e9 du renseignement militaire de ce pays apr\u00e8s qu\u2019une enqu\u00eate a conclu \u00e0 la \u00ab\u00a0responsabilit\u00e9 morale\u00a0\u00bb du pr\u00e9sident Vladimir Poutine dans la mort d\u2019une Britannique, empoisonn\u00e9e au Novitchok en\u00a02018. Dawn Sturgess, m\u00e8re de famille de 44 ans, est d\u00e9c\u00e9d\u00e9e en juillet\u00a02018 en Angleterre, quelques mois apr\u00e8s la tentative d\u2019empoisonnement de l\u2019ex-agent double russe Sergue\u00ef Skripal et de sa fille Ioulia, qui ont, eux, surv\u00e9cu.<\/p>\n<p>L\u2019affaire avait provoqu\u00e9 une crise diplomatique entre la Russie et le Royaume-Uni, et des expulsions r\u00e9ciproques de diplomates, un fait sans pr\u00e9c\u00e9dent depuis la fin de la guerre froide. Moscou a toujours ni\u00e9 \u00eatre impliqu\u00e9.<\/p>\n<p><a href=\"http:\/\/www.20minutes.fr\/monde\/ukraine\" class=\"c-link c-btn c-btn--primary\" target=\"_blank\" rel=\"noopener\">Notre dossier sur la guerre en Ukraine<\/a><\/p>\n<p>Dawn Sturgess est la \u00ab\u00a0victime innocente d\u2019une tentative d\u2019assassinat men\u00e9e par des agents d\u2019une organisation \u00e9tatique russe dans les rues de Salisbury\u00a0\u00bb, ville du sud-ouest de l\u2019Angleterre, a d\u00e9clar\u00e9 Anthony Hugues, le pr\u00e9sident de l\u2019enqu\u00eate ind\u00e9pendante.<\/p>\n","protected":false},"excerpt":{"rendered":"Vous avez rat\u00e9 les derniers \u00e9v\u00e9nements sur la guerre en Ukraine\u00a0? 20 Minutes fait le point pour vous&hellip;\n","protected":false},"author":2,"featured_media":578526,"comment_status":"","ping_status":"","sticky":false,"template":"","format":"standard","meta":{"footnotes":""},"categories":[5],"tags":[47,11,309,13987,75,73,1011,27,131,14,74,12,473,132,135,28,7084],"class_list":{"0":"post-578525","1":"post","2":"type-post","3":"status-publish","4":"format-standard","5":"has-post-thumbnail","7":"category-international","8":"tag-actualite","9":"tag-actualites","10":"tag-chine","11":"tag-coree-du-nord","12":"tag-donald-trump","13":"tag-etats-unis","14":"tag-fr","15":"tag-france","16":"tag-guerre-en-ukraine","17":"tag-international","18":"tag-monde","19":"tag-news","20":"tag-royaume-uni","21":"tag-russie","22":"tag-vladimir-poutine","23":"tag-world","24":"tag-xi-jinping"},"share_on_mastodon":{"url":"https:\/\/pubeurope.com\/@fr\/115663735811353778","error":""},"_links":{"self":[{"href":"https:\/\/www.europesays.com\/fr\/wp-json\/wp\/v2\/posts\/578525","targetHints":{"allow":["GET"]}}],"collection":[{"href":"https:\/\/www.europesays.com\/fr\/wp-json\/wp\/v2\/posts"}],"about":[{"href":"https:\/\/www.europesays.com\/fr\/wp-json\/wp\/v2\/types\/post"}],"author":[{"embeddable":true,"href":"https:\/\/www.europesays.com\/fr\/wp-json\/wp\/v2\/users\/2"}],"replies":[{"embeddable":true,"href":"https:\/\/www.europesays.com\/fr\/wp-json\/wp\/v2\/comments?post=578525"}],"version-history":[{"count":0,"href":"https:\/\/www.europesays.com\/fr\/wp-json\/wp\/v2\/posts\/578525\/revisions"}],"wp:featuredmedia":[{"embeddable":true,"href":"https:\/\/www.europesays.com\/fr\/wp-json\/wp\/v2\/media\/578526"}],"wp:attachment":[{"href":"https:\/\/www.europesays.com\/fr\/wp-json\/wp\/v2\/media?parent=578525"}],"wp:term":[{"taxonomy":"category","embeddable":true,"href":"https:\/\/www.europesays.com\/fr\/wp-json\/wp\/v2\/categories?post=578525"},{"taxonomy":"post_tag","embeddable":true,"href":"https:\/\/www.europesays.com\/fr\/wp-json\/wp\/v2\/tags?post=578525"}],"curies":[{"name":"wp","href":"https:\/\/api.w.org\/{rel}","templated":true}]}}