{"id":578527,"date":"2025-12-04T22:48:14","date_gmt":"2025-12-04T22:48:14","guid":{"rendered":"https:\/\/www.europesays.com\/fr\/578527\/"},"modified":"2025-12-04T22:48:14","modified_gmt":"2025-12-04T22:48:14","slug":"aucun-repechage-possible-en-dessous-de-8-20-annonce-le-ministre","status":"publish","type":"post","link":"https:\/\/www.europesays.com\/fr\/578527\/","title":{"rendered":"\u00ab\u00a0Aucun rep\u00eachage possible en dessous de 8\/20\u00a0\u00bb, annonce le ministre"},"content":{"rendered":"<p>Le <a href=\"https:\/\/www.20minutes.fr\/dossier\/bac\" class=\"c-link c-link--is-underlined\" target=\"_blank\" rel=\"noopener\">baccalaur\u00e9at<\/a> va devenir plus strict d\u00e8s la session 2026. <a href=\"https:\/\/www.leparisien.fr\/politique\/il-faut-redonner-de-la-credibilite-au-bac-edouard-geffray-ministre-de-leducation-nationale-devoile-ses-chantiers-04-12-2025-SUCLCGYASBDERBR3ODADT6TNNQ.php\" rel=\"nofollow noopener\" target=\"_blank\" class=\"c-link c-link--is-underlined\">Dans un entretien au Parisien<\/a>, le ministre de l\u2019\u00c9ducation \u00c9douard Geffray a annonc\u00e9 un durcissement des r\u00e8gles d\u2019obtention du dipl\u00f4me.<\/p>\n<p>\u00ab\u00a0Il y a un vrai enjeu de cr\u00e9dibilit\u00e9 du baccalaur\u00e9at\u00a0\u00bb, explique-t-il.<\/p>\n<p>Un seuil minimal de 8\/20 pour se pr\u00e9senter au rattrapage<\/p>\n<p>Jusqu\u2019\u00e0 pr\u00e9sent, un candidat pouvait \u00eatre rep\u00each\u00e9 au rattrapage m\u00eame en cas de moyenne tr\u00e8s faible. Ce ne sera plus le cas\u00a0: aucun \u00e9l\u00e8ve ne pourra acc\u00e9der aux oraux s\u2019il obtient moins de 8\/20 \u00e0 l\u2019issue des \u00e9preuves.<\/p>\n<p>Cette mesure, d\u00e9j\u00e0 annonc\u00e9e fin ao\u00fbt par l\u2019ancienne ministre <a href=\"https:\/\/www.20minutes.fr\/politique\/elisabeth-borne\/\" class=\"c-link c-link--is-underlined\" target=\"_blank\" rel=\"noopener\">\u00c9lisabeth Borne<\/a>, devient officielle et doit \u00eatre formalis\u00e9e par d\u00e9cret vendredi 5\u00a0d\u00e9cembre.<\/p>\n<\/p>\n<p>Des consignes de correction plus exigeantes<\/p>\n<p>\u00c9douard Geffray affirme vouloir mettre fin \u00e0 des notations jug\u00e9es trop indulgentes. Il souhaite que les enseignants re\u00e7oivent des consignes claires\u00a0: \u00ab\u00a0J\u2019estime qu\u2019une copie qui n\u2019est pas \u00e9crite de mani\u00e8re intelligible, c\u2019est-\u00e0-dire avec un niveau d\u2019orthographe, de syntaxe et de grammaire absolument d\u00e9plorable, ne peut pas avoir la moyenne.\u00a0\u00bb<\/p>\n<p>L\u2019objectif affich\u00e9\u00a0: restaurer la valeur du dipl\u00f4me et harmoniser les pratiques d\u2019\u00e9valuation.<\/p>\n<p>Le \u00ab\u00a0coup de pouce jury\u00a0\u00bb plafonn\u00e9<\/p>\n<p>Autre changement majeur\u00a0: la limitation des fameux \u00ab\u00a0points jury\u00a0\u00bb, ces points ajout\u00e9s en fin de session pour permettre la r\u00e9ussite ou l\u2019obtention d\u2019une mention. \u00c0 partir du bac 2026, l\u2019aide maximale sera limit\u00e9e \u00ab\u00a0\u00e0 0,5 point sur la moyenne g\u00e9n\u00e9rale\u00a0\u00bb, soit 50 points jury au total.<\/p>\n<p>En\u00a02025, 1,7\u00a0% des admis en voie g\u00e9n\u00e9rale ont obtenu leur bac gr\u00e2ce \u00e0 ces points, et 3,4\u00a0% en voie technologique, selon un bilan publi\u00e9 jeudi par le minist\u00e8re.<\/p>\n<p>Vers un \u00ab\u00a0contr\u00f4le d\u2019honorabilit\u00e9\u00a0\u00bb renforc\u00e9<\/p>\n<p>Interrog\u00e9 sur les r\u00e9cents dossiers d\u2019agressions sexuelles dans l\u2019\u00e9cole et le p\u00e9riscolaire \u00e0 Paris, \u00c9douard Geffray se dit favorable \u00e0 un durcissement du \u00ab\u00a0contr\u00f4le d\u2019honorabilit\u00e9\u00a0\u00bb\u00a0: actuellement effectu\u00e9 en d\u00e9but de carri\u00e8re, il pourrait devenir r\u00e9gulier, tous les deux \u00e0 quatre ans.<\/p>\n<p>\u00ab\u00a0Nous sommes en train d\u2019y travailler\u00a0\u00bb, a assur\u00e9 le ministre.<\/p>\n<p><a href=\"https:\/\/www.20minutes.fr\/dossier\/bac\" class=\"c-link c-btn c-btn--primary\" target=\"_blank\" rel=\"noopener\">Notre dossier sur le baccalaur\u00e9at<\/a>T\u00e9l\u00e9phones portables<\/p>\n<p>Apr\u00e8s les d\u00e9clarations d\u2019<a href=\"https:\/\/www.20minutes.fr\/politique\/emmanuel-macron\/\" class=\"c-link c-link--is-underlined\" target=\"_blank\" rel=\"noopener\">Emmanuel Macron<\/a> la semaine derni\u00e8re sur l\u2019\u00e9largissement de l\u2019interdiction des t\u00e9l\u00e9phones portables au lyc\u00e9e d\u00e8s la prochaine rentr\u00e9e scolaire, \u00c9douard Geffray confirme vouloir avancer sur ce dossier.<\/p>\n<p>Il se dit pr\u00eat \u00e0 proposer aux lyc\u00e9es \u00ab\u00a0volontaires\u00a0\u00bb d\u2019interdire le t\u00e9l\u00e9phone portable d\u00e8s la rentr\u00e9e prochaine, avant une \u00e9ventuelle g\u00e9n\u00e9ralisation.<\/p>\n","protected":false},"excerpt":{"rendered":"Le baccalaur\u00e9at va devenir plus strict d\u00e8s la session 2026. Dans un entretien au Parisien, le ministre de&hellip;\n","protected":false},"author":2,"featured_media":578528,"comment_status":"","ping_status":"","sticky":false,"template":"","format":"standard","meta":{"footnotes":""},"categories":[4],"tags":[47,11,31761,1057,1126,1011,27,5759,3784,12,25,104],"class_list":{"0":"post-578527","1":"post","2":"type-post","3":"status-publish","4":"format-standard","5":"has-post-thumbnail","7":"category-france","8":"tag-actualite","9":"tag-actualites","10":"tag-bac-baccalaureat","11":"tag-education","12":"tag-education-nationale","13":"tag-fr","14":"tag-france","15":"tag-ministere-de-leducation-nationale","16":"tag-ministre","17":"tag-news","18":"tag-republique-francaise","19":"tag-societe"},"share_on_mastodon":{"url":"https:\/\/pubeurope.com\/@fr\/115663739631089811","error":""},"_links":{"self":[{"href":"https:\/\/www.europesays.com\/fr\/wp-json\/wp\/v2\/posts\/578527","targetHints":{"allow":["GET"]}}],"collection":[{"href":"https:\/\/www.europesays.com\/fr\/wp-json\/wp\/v2\/posts"}],"about":[{"href":"https:\/\/www.europesays.com\/fr\/wp-json\/wp\/v2\/types\/post"}],"author":[{"embeddable":true,"href":"https:\/\/www.europesays.com\/fr\/wp-json\/wp\/v2\/users\/2"}],"replies":[{"embeddable":true,"href":"https:\/\/www.europesays.com\/fr\/wp-json\/wp\/v2\/comments?post=578527"}],"version-history":[{"count":0,"href":"https:\/\/www.europesays.com\/fr\/wp-json\/wp\/v2\/posts\/578527\/revisions"}],"wp:featuredmedia":[{"embeddable":true,"href":"https:\/\/www.europesays.com\/fr\/wp-json\/wp\/v2\/media\/578528"}],"wp:attachment":[{"href":"https:\/\/www.europesays.com\/fr\/wp-json\/wp\/v2\/media?parent=578527"}],"wp:term":[{"taxonomy":"category","embeddable":true,"href":"https:\/\/www.europesays.com\/fr\/wp-json\/wp\/v2\/categories?post=578527"},{"taxonomy":"post_tag","embeddable":true,"href":"https:\/\/www.europesays.com\/fr\/wp-json\/wp\/v2\/tags?post=578527"}],"curies":[{"name":"wp","href":"https:\/\/api.w.org\/{rel}","templated":true}]}}