{"id":578529,"date":"2025-12-04T22:49:12","date_gmt":"2025-12-04T22:49:12","guid":{"rendered":"https:\/\/www.europesays.com\/fr\/578529\/"},"modified":"2025-12-04T22:49:12","modified_gmt":"2025-12-04T22:49:12","slug":"lecornu-degaine-sa-note-surprise-puis-un-amendement-inattendu-liberation","status":"publish","type":"post","link":"https:\/\/www.europesays.com\/fr\/578529\/","title":{"rendered":"Lecornu d\u00e9gaine sa note surprise, puis un amendement inattendu \u2013 Lib\u00e9ration"},"content":{"rendered":"<p class=\"sc-cPiKLX AiZTS text-element\">S\u00e9bastien Lecornu leur met la note sous la gorge. Ce jeudi apr\u00e8s-midi, le Premier ministre a transmis aux d\u00e9put\u00e9s <a href=\"https:\/\/www.liberation.fr\/politique\/labsence-dun-budget-conduirait-a-une-perte-de-controle-total-du-pilotage-de-la-securite-sociale-previent-lecornu-20251204_OUWXYC6LCRDI5ENZCKJRGVVDAE\/\" target=\"_blank\" rel=\"noopener\" title=\"https:\/\/www.liberation.fr\/politique\/labsence-dun-budget-conduirait-a-une-perte-de-controle-total-du-pilotage-de-la-securite-sociale-previent-lecornu-20251204_OUWXYC6LCRDI5ENZCKJRGVVDAE\/\">un document demand\u00e9 \u00abde mani\u00e8re urgente\u00bb<\/a> au directeur de la S\u00e9curit\u00e9 sociale, sur les cons\u00e9quences concr\u00e8tes d\u2019un rejet du projet de loi de financement de la S\u00e9curit\u00e9 sociale (PLFSS), en discussion dans l\u2019h\u00e9micycle. L\u2019administration \u00e9voque un d\u00e9ficit \u00absans doute au-del\u00e0 de 30 milliards d\u2019euros\u00bb, une quasi \u00abperte de contr\u00f4le\u00bb qui ferait peser \u00abun risque tr\u00e8s \u00e9lev\u00e9\u00bb sur son financement. L\u2019absence d\u2019un budget de la S\u00e9curit\u00e9 sociale n\u2019emp\u00eacherait pas le versement des prestations ni le remboursement des soins.<\/p>\n<p class=\"sc-cPiKLX AiZTS text-element\">Fa\u00e7on toutefois, pour le Premier ministre, de mettre un maximum de pression sur les d\u00e9put\u00e9s, r\u00e9tifs \u00e0 adopter le texte, lors du vote pr\u00e9vu le mardi 9 d\u00e9cembre. \u00abEst-ce qu\u2019il y a un sch\u00e9ma o\u00f9 on peut se permettre de ne pas avoir de budget de la S\u00e9curit\u00e9 sociale ? La r\u00e9ponse est non\u00bb, a tonn\u00e9 le chef du gouvernement, qui a annul\u00e9 tous ses rendez-vous du jour pour venir batailler en s\u00e9ance au banc des ministres. Et fustig\u00e9<\/p>\n","protected":false},"excerpt":{"rendered":"S\u00e9bastien Lecornu leur met la note sous la gorge. Ce jeudi apr\u00e8s-midi, le Premier ministre a transmis aux&hellip;\n","protected":false},"author":2,"featured_media":578530,"comment_status":"","ping_status":"","sticky":false,"template":"","format":"standard","meta":{"footnotes":""},"categories":[2],"tags":[11,416,25548,1011,27,12,11067],"class_list":{"0":"post-578529","1":"post","2":"type-post","3":"status-publish","4":"format-standard","5":"has-post-thumbnail","7":"category-actualites","8":"tag-actualites","9":"tag-assemblee-nationale","10":"tag-budget-public","11":"tag-fr","12":"tag-france","13":"tag-news","14":"tag-sebastien-lecornu"},"share_on_mastodon":{"url":"https:\/\/pubeurope.com\/@fr\/115663743542725150","error":""},"_links":{"self":[{"href":"https:\/\/www.europesays.com\/fr\/wp-json\/wp\/v2\/posts\/578529","targetHints":{"allow":["GET"]}}],"collection":[{"href":"https:\/\/www.europesays.com\/fr\/wp-json\/wp\/v2\/posts"}],"about":[{"href":"https:\/\/www.europesays.com\/fr\/wp-json\/wp\/v2\/types\/post"}],"author":[{"embeddable":true,"href":"https:\/\/www.europesays.com\/fr\/wp-json\/wp\/v2\/users\/2"}],"replies":[{"embeddable":true,"href":"https:\/\/www.europesays.com\/fr\/wp-json\/wp\/v2\/comments?post=578529"}],"version-history":[{"count":0,"href":"https:\/\/www.europesays.com\/fr\/wp-json\/wp\/v2\/posts\/578529\/revisions"}],"wp:featuredmedia":[{"embeddable":true,"href":"https:\/\/www.europesays.com\/fr\/wp-json\/wp\/v2\/media\/578530"}],"wp:attachment":[{"href":"https:\/\/www.europesays.com\/fr\/wp-json\/wp\/v2\/media?parent=578529"}],"wp:term":[{"taxonomy":"category","embeddable":true,"href":"https:\/\/www.europesays.com\/fr\/wp-json\/wp\/v2\/categories?post=578529"},{"taxonomy":"post_tag","embeddable":true,"href":"https:\/\/www.europesays.com\/fr\/wp-json\/wp\/v2\/tags?post=578529"}],"curies":[{"name":"wp","href":"https:\/\/api.w.org\/{rel}","templated":true}]}}