{"id":578535,"date":"2025-12-04T22:54:21","date_gmt":"2025-12-04T22:54:21","guid":{"rendered":"https:\/\/www.europesays.com\/fr\/578535\/"},"modified":"2025-12-04T22:54:21","modified_gmt":"2025-12-04T22:54:21","slug":"nancy-concert-noah-dillon-john-butler","status":"publish","type":"post","link":"https:\/\/www.europesays.com\/fr\/578535\/","title":{"rendered":"NANCY > CONCERT > NOAH DILLON > JOHN BUTLER"},"content":{"rendered":"<p>John Bulter envo\u00fbte l\u2019Autre Canal : une soir\u00e9e d\u2019\u00e9motions et de virtuosit\u00e9 pr\u00e9c\u00e9d\u00e9e par l\u2019\u00e9nergie de Noah Dillon<\/p>\n<p><a href=\"https:\/\/www.info-lux.com\/wp-content\/uploads\/2025\/12\/IMG_4229-scaled.jpeg\" target=\"_blank\" rel=\"noopener\"><img loading=\"lazy\" decoding=\"async\" width=\"1024\" height=\"683\" src=\"https:\/\/www.europesays.com\/fr\/wp-content\/uploads\/2025\/12\/IMG_4229-1024x683.jpeg\" alt=\"\" class=\"wp-image-1529564\"\/><\/a><\/p>\n<p class=\"has-medium-font-size\">L\u2019Autre Canal a v\u00e9cu ce soir une parenth\u00e8se suspendue, de celles qui rappellent pourquoi la musique live reste un moment unique \u00e0 part enti\u00e8re. John Butler, figure incontournable de la sc\u00e8ne folk-roots internationale, a offert \u00e0 la salle nanc\u00e9ienne un concert d\u2019une intensit\u00e9 rare, marqu\u00e9 par une sinc\u00e9rit\u00e9 brute et une virtuosit\u00e9 que peu d\u2019artistes ma\u00eetrisent avec autant d\u2019aisance.<\/p>\n<p>Noah Dillon ouvre la soir\u00e9e avec fra\u00eecheur et g\u00e9n\u00e9rosit\u00e9<\/p>\n<p><a href=\"https:\/\/www.info-lux.com\/wp-content\/uploads\/2025\/12\/IMG_4255-scaled.jpeg\" target=\"_blank\" rel=\"noopener\"><img loading=\"lazy\" decoding=\"async\" width=\"683\" height=\"1024\" data-id=\"1529538\" src=\"https:\/\/www.europesays.com\/fr\/wp-content\/uploads\/2025\/12\/IMG_4255-683x1024.jpeg\" alt=\"\" class=\"wp-image-1529538\"\/><\/a><\/p>\n<p><a href=\"https:\/\/www.info-lux.com\/wp-content\/uploads\/2025\/12\/IMG_4251-scaled.jpeg\" target=\"_blank\" rel=\"noopener\"><img loading=\"lazy\" decoding=\"async\" width=\"683\" height=\"1024\" data-id=\"1529542\" src=\"https:\/\/www.europesays.com\/fr\/wp-content\/uploads\/2025\/12\/IMG_4251-683x1024.jpeg\" alt=\"\" class=\"wp-image-1529542\"\/><\/a><\/p>\n<p><a href=\"https:\/\/www.info-lux.com\/wp-content\/uploads\/2025\/12\/IMG_4258.jpeg\" target=\"_blank\" rel=\"noopener\"><img loading=\"lazy\" decoding=\"async\" width=\"683\" height=\"1024\" data-id=\"1529576\" src=\"https:\/\/www.europesays.com\/fr\/wp-content\/uploads\/2025\/12\/IMG_4258-683x1024.jpeg\" alt=\"\" class=\"wp-image-1529576\"\/><\/a><\/p>\n<p><a href=\"https:\/\/www.info-lux.com\/wp-content\/uploads\/2025\/12\/IMG_4263-scaled.jpeg\" target=\"_blank\" rel=\"noopener\"><img loading=\"lazy\" decoding=\"async\" width=\"683\" height=\"1024\" data-id=\"1529534\" src=\"https:\/\/www.europesays.com\/fr\/wp-content\/uploads\/2025\/12\/IMG_4263-683x1024.jpeg\" alt=\"\" class=\"wp-image-1529534\"\/><\/a><\/p>\n<p><a href=\"https:\/\/www.info-lux.com\/wp-content\/uploads\/2025\/12\/IMG_4253-scaled.jpeg\" target=\"_blank\" rel=\"noopener\"><img loading=\"lazy\" decoding=\"async\" width=\"1024\" height=\"683\" data-id=\"1529540\" src=\"https:\/\/www.europesays.com\/fr\/wp-content\/uploads\/2025\/12\/IMG_4253-1024x683.jpeg\" alt=\"\" class=\"wp-image-1529540\"\/><\/a><br \/>\nNANCY &gt; CONCERT &gt; NOAH DILLON<\/p>\n<p class=\"has-medium-font-size\">La premi\u00e8re partie \u00e9tait assur\u00e9e par Noah Dillon, jeune auteur-compositeur australien qui a conquis le public d\u00e8s ses premi\u00e8res notes. Avec une pop indie explosive, port\u00e9e par une voix chaleureuse et des textes personnels, il a rapidement install\u00e9 une atmosph\u00e8re lumineuse.<\/p>\n<p class=\"has-medium-font-size\">Son \u00e9nergie communicative et son enthousiasme sinc\u00e8re ont cr\u00e9\u00e9 un vrai lien avec la salle, offrant un d\u00e9marrage parfait \u00e0 la soir\u00e9e.<\/p>\n<p>John Butler : une guitare, mille \u00e9motions<\/p>\n<p><a href=\"https:\/\/www.info-lux.com\/wp-content\/uploads\/2025\/12\/IMG_4218-scaled.jpeg\" target=\"_blank\" rel=\"noopener\"><img loading=\"lazy\" decoding=\"async\" width=\"683\" height=\"1024\" data-id=\"1529575\" src=\"https:\/\/www.europesays.com\/fr\/wp-content\/uploads\/2025\/12\/IMG_4218-683x1024.jpeg\" alt=\"\" class=\"wp-image-1529575\"\/><\/a><\/p>\n<p><a href=\"https:\/\/www.info-lux.com\/wp-content\/uploads\/2025\/12\/IMG_4228-scaled.jpeg\" target=\"_blank\" rel=\"noopener\"><img loading=\"lazy\" decoding=\"async\" width=\"683\" height=\"1024\" data-id=\"1529565\" src=\"https:\/\/www.europesays.com\/fr\/wp-content\/uploads\/2025\/12\/IMG_4228-683x1024.jpeg\" alt=\"\" class=\"wp-image-1529565\"\/><\/a><\/p>\n<p><a href=\"https:\/\/www.info-lux.com\/wp-content\/uploads\/2025\/12\/IMG_4231-scaled.jpeg\" target=\"_blank\" rel=\"noopener\"><img loading=\"lazy\" decoding=\"async\" width=\"683\" height=\"1024\" data-id=\"1529562\" src=\"https:\/\/www.europesays.com\/fr\/wp-content\/uploads\/2025\/12\/IMG_4231-683x1024.jpeg\" alt=\"\" class=\"wp-image-1529562\"\/><\/a><\/p>\n<p><a href=\"https:\/\/www.info-lux.com\/wp-content\/uploads\/2025\/12\/IMG_4234.jpeg\" target=\"_blank\" rel=\"noopener\"><img loading=\"lazy\" decoding=\"async\" width=\"1024\" height=\"683\" data-id=\"1529559\" src=\"https:\/\/www.europesays.com\/fr\/wp-content\/uploads\/2025\/12\/IMG_4234-1024x683.jpeg\" alt=\"\" class=\"wp-image-1529559\"\/><\/a><\/p>\n<p><a href=\"https:\/\/www.info-lux.com\/wp-content\/uploads\/2025\/12\/IMG_4222-scaled.jpeg\" target=\"_blank\" rel=\"noopener\"><img loading=\"lazy\" decoding=\"async\" width=\"683\" height=\"1024\" data-id=\"1529571\" src=\"https:\/\/www.europesays.com\/fr\/wp-content\/uploads\/2025\/12\/IMG_4222-683x1024.jpeg\" alt=\"\" class=\"wp-image-1529571\"\/><\/a><\/p>\n<p><a href=\"https:\/\/www.info-lux.com\/wp-content\/uploads\/2025\/12\/IMG_4237-scaled.jpeg\" target=\"_blank\" rel=\"noopener\"><img loading=\"lazy\" decoding=\"async\" width=\"1024\" height=\"683\" data-id=\"1529556\" src=\"https:\/\/www.europesays.com\/fr\/wp-content\/uploads\/2025\/12\/IMG_4237-1024x683.jpeg\" alt=\"\" class=\"wp-image-1529556\"\/><\/a><br \/>\nNANCY &gt; CONCERT &gt; JOHN BUTLER<\/p>\n<p class=\"has-medium-font-size\">Lorsque John Butler appara\u00eet sur sc\u00e8ne, le silence se fait presque naturellement. Arm\u00e9 de ses guitares embl\u00e9matiques, il d\u00e9roule un set o\u00f9 chaque morceau semble raconter une histoire, un fragment de vie.<\/p>\n<p class=\"has-medium-font-size\">Entre fingerpicking millim\u00e9tr\u00e9, grooves percussifs et envol\u00e9es instrumentales hypnotiques, l\u2019artiste d\u00e9montre \u00e0 nouveau pourquoi il demeure l\u2019un des musiciens les plus respect\u00e9s de sa g\u00e9n\u00e9ration. Le public, attentif et profond\u00e9ment r\u00e9ceptif, a vibr\u00e9 au rythme de titres phares r\u00e9arrang\u00e9s, de compositions plus r\u00e9centes, ainsi que de moments d\u2019improvisation dont Butler a le secret. La salle, pleine d\u2019une \u00e9motion collective palpable, oscillait entre frissons, douceur et puissance.<\/p>\n<p>Une parenth\u00e8se chaleureuse au coeur de l\u2019hiver<\/p>\n<p class=\"has-medium-font-size\">L\u2019Autre Canal a une fois de plus prouv\u00e9 sa capacit\u00e9 \u00e0 accueillir des artistes d\u2019exception, capables de transformer un simple soir de concert en exp\u00e9rience sensorielle et humaine.<\/p>\n<p class=\"has-medium-font-size\">Cette date de John Butler ne fait pas exception : un voyage musical authentique, rempli de nuances et de sensibilit\u00e9.<\/p>\n<p class=\"has-medium-font-size\">La venue de John Butler \u00e0 Nancy restera un moment fort de cette fin d\u2019ann\u00e9e. Entre la d\u00e9couverte prometteuse de Noah Dillon et la performance magistrale du guitariste australien, le public repart avec des images, des sons, et des \u00e9motions plein la t\u00eate. Un concert qui, sans aucun doute, figurera parmi les plus beaux souvenirs de la saison.<\/p>\n<p class=\"has-medium-font-size\">Photographe \u2013 Journaliste : MrzPicture<\/p>\n<p>PHOTOS &gt; NANCY &gt; CONCERT &gt; NOAH DILLON &gt; JOHN BUTLER<\/p>\n<p><a href=\"https:\/\/www.info-lux.com\/wp-content\/uploads\/2025\/12\/IMG_4260-scaled.jpeg\" target=\"_blank\" rel=\"noopener\"><img loading=\"lazy\" decoding=\"async\" width=\"683\" height=\"1024\" data-id=\"1529578\" src=\"https:\/\/www.europesays.com\/fr\/wp-content\/uploads\/2025\/12\/IMG_4260-683x1024.jpeg\" alt=\"\" class=\"wp-image-1529578\"\/><\/a><\/p>\n<p><a href=\"https:\/\/www.info-lux.com\/wp-content\/uploads\/2025\/12\/IMG_4259-scaled.jpeg\" target=\"_blank\" rel=\"noopener\"><img loading=\"lazy\" decoding=\"async\" width=\"683\" height=\"1024\" data-id=\"1529577\" src=\"https:\/\/www.europesays.com\/fr\/wp-content\/uploads\/2025\/12\/IMG_4259-683x1024.jpeg\" alt=\"\" class=\"wp-image-1529577\"\/><\/a><\/p>\n<p><a href=\"https:\/\/www.info-lux.com\/wp-content\/uploads\/2025\/12\/IMG_4258.jpeg\" target=\"_blank\" rel=\"noopener\"><img loading=\"lazy\" decoding=\"async\" width=\"683\" height=\"1024\" data-id=\"1529576\" src=\"https:\/\/www.europesays.com\/fr\/wp-content\/uploads\/2025\/12\/IMG_4258-683x1024.jpeg\" alt=\"\" class=\"wp-image-1529576\"\/><\/a><\/p>\n<p><a href=\"https:\/\/www.info-lux.com\/wp-content\/uploads\/2025\/12\/IMG_4223-scaled.jpeg\" target=\"_blank\" rel=\"noopener\"><img loading=\"lazy\" decoding=\"async\" width=\"683\" height=\"1024\" data-id=\"1529570\" src=\"https:\/\/www.europesays.com\/fr\/wp-content\/uploads\/2025\/12\/IMG_4223-683x1024.jpeg\" alt=\"\" class=\"wp-image-1529570\"\/><\/a><\/p>\n<p><a href=\"https:\/\/www.info-lux.com\/wp-content\/uploads\/2025\/12\/IMG_4218-scaled.jpeg\" target=\"_blank\" rel=\"noopener\"><img loading=\"lazy\" decoding=\"async\" width=\"683\" height=\"1024\" data-id=\"1529575\" src=\"https:\/\/www.europesays.com\/fr\/wp-content\/uploads\/2025\/12\/IMG_4218-683x1024.jpeg\" alt=\"\" class=\"wp-image-1529575\"\/><\/a><\/p>\n<p><a href=\"https:\/\/www.info-lux.com\/wp-content\/uploads\/2025\/12\/IMG_4228-scaled.jpeg\" target=\"_blank\" rel=\"noopener\"><img loading=\"lazy\" decoding=\"async\" width=\"683\" height=\"1024\" data-id=\"1529565\" src=\"https:\/\/www.europesays.com\/fr\/wp-content\/uploads\/2025\/12\/IMG_4228-683x1024.jpeg\" alt=\"\" class=\"wp-image-1529565\"\/><\/a><\/p>\n<p><a href=\"https:\/\/www.info-lux.com\/wp-content\/uploads\/2025\/12\/IMG_4222-scaled.jpeg\" target=\"_blank\" rel=\"noopener\"><img loading=\"lazy\" decoding=\"async\" width=\"683\" height=\"1024\" data-id=\"1529571\" src=\"https:\/\/www.europesays.com\/fr\/wp-content\/uploads\/2025\/12\/IMG_4222-683x1024.jpeg\" alt=\"\" class=\"wp-image-1529571\"\/><\/a><\/p>\n<p><a href=\"https:\/\/www.info-lux.com\/wp-content\/uploads\/2025\/12\/IMG_4221-scaled.jpeg\" target=\"_blank\" rel=\"noopener\"><img loading=\"lazy\" decoding=\"async\" width=\"683\" height=\"1024\" data-id=\"1529572\" src=\"https:\/\/www.europesays.com\/fr\/wp-content\/uploads\/2025\/12\/IMG_4221-683x1024.jpeg\" alt=\"\" class=\"wp-image-1529572\"\/><\/a><\/p>\n<p><a href=\"https:\/\/www.info-lux.com\/wp-content\/uploads\/2025\/12\/IMG_4224-scaled.jpeg\" target=\"_blank\" rel=\"noopener\"><img loading=\"lazy\" decoding=\"async\" width=\"683\" height=\"1024\" data-id=\"1529569\" src=\"https:\/\/www.info-lux.com\/wp-content\/uploads\/2025\/12\/IMG_4224-683x1024.jpeg\" alt=\"\" class=\"wp-image-1529569\"\/><\/a><\/p>\n<p><a href=\"https:\/\/www.info-lux.com\/wp-content\/uploads\/2025\/12\/IMG_4219-scaled.jpeg\" target=\"_blank\" rel=\"noopener\"><img loading=\"lazy\" decoding=\"async\" width=\"683\" height=\"1024\" data-id=\"1529574\" src=\"https:\/\/www.europesays.com\/fr\/wp-content\/uploads\/2025\/12\/IMG_4219-683x1024.jpeg\" alt=\"\" class=\"wp-image-1529574\"\/><\/a><\/p>\n<p><a href=\"https:\/\/www.info-lux.com\/wp-content\/uploads\/2025\/12\/IMG_4225-scaled.jpeg\" target=\"_blank\" rel=\"noopener\"><img loading=\"lazy\" decoding=\"async\" width=\"1024\" height=\"683\" data-id=\"1529568\" src=\"https:\/\/www.europesays.com\/fr\/wp-content\/uploads\/2025\/12\/IMG_4225-1024x683.jpeg\" alt=\"\" class=\"wp-image-1529568\"\/><\/a><\/p>\n<p><a href=\"https:\/\/www.info-lux.com\/wp-content\/uploads\/2025\/12\/IMG_4226-scaled.jpeg\" target=\"_blank\" rel=\"noopener\"><img loading=\"lazy\" decoding=\"async\" width=\"683\" height=\"1024\" data-id=\"1529567\" src=\"https:\/\/www.europesays.com\/fr\/wp-content\/uploads\/2025\/12\/IMG_4226-683x1024.jpeg\" alt=\"\" class=\"wp-image-1529567\"\/><\/a><\/p>\n<p><a href=\"https:\/\/www.info-lux.com\/wp-content\/uploads\/2025\/12\/IMG_4227-scaled.jpeg\" target=\"_blank\" rel=\"noopener\"><img loading=\"lazy\" decoding=\"async\" width=\"683\" height=\"1024\" data-id=\"1529566\" src=\"https:\/\/www.europesays.com\/fr\/wp-content\/uploads\/2025\/12\/IMG_4227-683x1024.jpeg\" alt=\"\" class=\"wp-image-1529566\"\/><\/a><\/p>\n<p><a href=\"https:\/\/www.info-lux.com\/wp-content\/uploads\/2025\/12\/IMG_4233-scaled.jpeg\" target=\"_blank\" rel=\"noopener\"><img loading=\"lazy\" decoding=\"async\" width=\"683\" height=\"1024\" data-id=\"1529560\" src=\"https:\/\/www.europesays.com\/fr\/wp-content\/uploads\/2025\/12\/IMG_4233-683x1024.jpeg\" alt=\"\" class=\"wp-image-1529560\"\/><\/a><\/p>\n<p><a href=\"https:\/\/www.info-lux.com\/wp-content\/uploads\/2025\/12\/IMG_4232.jpeg\" target=\"_blank\" rel=\"noopener\"><img loading=\"lazy\" decoding=\"async\" width=\"683\" height=\"1024\" data-id=\"1529561\" src=\"https:\/\/www.europesays.com\/fr\/wp-content\/uploads\/2025\/12\/IMG_4232-683x1024.jpeg\" alt=\"\" class=\"wp-image-1529561\"\/><\/a><\/p>\n<p><a href=\"https:\/\/www.info-lux.com\/wp-content\/uploads\/2025\/12\/IMG_4231-scaled.jpeg\" target=\"_blank\" rel=\"noopener\"><img loading=\"lazy\" decoding=\"async\" width=\"683\" height=\"1024\" data-id=\"1529562\" src=\"https:\/\/www.europesays.com\/fr\/wp-content\/uploads\/2025\/12\/IMG_4231-683x1024.jpeg\" alt=\"\" class=\"wp-image-1529562\"\/><\/a><\/p>\n<p><a href=\"https:\/\/www.info-lux.com\/wp-content\/uploads\/2025\/12\/IMG_4230-scaled.jpeg\" target=\"_blank\" rel=\"noopener\"><img loading=\"lazy\" decoding=\"async\" width=\"683\" height=\"1024\" data-id=\"1529563\" src=\"https:\/\/www.europesays.com\/fr\/wp-content\/uploads\/2025\/12\/IMG_4230-683x1024.jpeg\" alt=\"\" class=\"wp-image-1529563\"\/><\/a><\/p>\n<p><a href=\"https:\/\/www.info-lux.com\/wp-content\/uploads\/2025\/12\/IMG_4229-scaled.jpeg\" target=\"_blank\" rel=\"noopener\"><img loading=\"lazy\" decoding=\"async\" width=\"1024\" height=\"683\" data-id=\"1529564\" src=\"https:\/\/www.europesays.com\/fr\/wp-content\/uploads\/2025\/12\/IMG_4229-1024x683.jpeg\" alt=\"\" class=\"wp-image-1529564\"\/><\/a><\/p>\n<p><a href=\"https:\/\/www.info-lux.com\/wp-content\/uploads\/2025\/12\/IMG_4234.jpeg\" target=\"_blank\" rel=\"noopener\"><img loading=\"lazy\" decoding=\"async\" width=\"1024\" height=\"683\" data-id=\"1529559\" src=\"https:\/\/www.europesays.com\/fr\/wp-content\/uploads\/2025\/12\/IMG_4234-1024x683.jpeg\" alt=\"\" class=\"wp-image-1529559\"\/><\/a><\/p>\n<p><a href=\"https:\/\/www.info-lux.com\/wp-content\/uploads\/2025\/12\/IMG_4235-scaled.jpeg\" target=\"_blank\" rel=\"noopener\"><img loading=\"lazy\" decoding=\"async\" width=\"683\" height=\"1024\" data-id=\"1529558\" src=\"https:\/\/www.europesays.com\/fr\/wp-content\/uploads\/2025\/12\/IMG_4235-683x1024.jpeg\" alt=\"\" class=\"wp-image-1529558\"\/><\/a><\/p>\n<p><a href=\"https:\/\/www.info-lux.com\/wp-content\/uploads\/2025\/12\/IMG_4236-scaled.jpeg\" target=\"_blank\" rel=\"noopener\"><img loading=\"lazy\" decoding=\"async\" width=\"683\" height=\"1024\" data-id=\"1529557\" src=\"https:\/\/www.europesays.com\/fr\/wp-content\/uploads\/2025\/12\/IMG_4236-683x1024.jpeg\" alt=\"\" class=\"wp-image-1529557\"\/><\/a><\/p>\n<p><a href=\"https:\/\/www.info-lux.com\/wp-content\/uploads\/2025\/12\/IMG_4237-scaled.jpeg\" target=\"_blank\" rel=\"noopener\"><img loading=\"lazy\" decoding=\"async\" width=\"1024\" height=\"683\" data-id=\"1529556\" src=\"https:\/\/www.europesays.com\/fr\/wp-content\/uploads\/2025\/12\/IMG_4237-1024x683.jpeg\" alt=\"\" class=\"wp-image-1529556\"\/><\/a><\/p>\n<p><a href=\"https:\/\/www.info-lux.com\/wp-content\/uploads\/2025\/12\/IMG_4238-scaled.jpeg\" target=\"_blank\" rel=\"noopener\"><img loading=\"lazy\" decoding=\"async\" width=\"683\" height=\"1024\" data-id=\"1529555\" src=\"https:\/\/www.europesays.com\/fr\/wp-content\/uploads\/2025\/12\/IMG_4238-683x1024.jpeg\" alt=\"\" class=\"wp-image-1529555\"\/><\/a><\/p>\n<p><a href=\"https:\/\/www.info-lux.com\/wp-content\/uploads\/2025\/12\/IMG_4243-scaled.jpeg\" target=\"_blank\" rel=\"noopener\"><img loading=\"lazy\" decoding=\"async\" width=\"683\" height=\"1024\" data-id=\"1529550\" src=\"https:\/\/www.europesays.com\/fr\/wp-content\/uploads\/2025\/12\/IMG_4243-683x1024.jpeg\" alt=\"\" class=\"wp-image-1529550\"\/><\/a><\/p>\n<p><a href=\"https:\/\/www.info-lux.com\/wp-content\/uploads\/2025\/12\/IMG_4248-scaled.jpeg\" target=\"_blank\" rel=\"noopener\"><img loading=\"lazy\" decoding=\"async\" width=\"683\" height=\"1024\" data-id=\"1529545\" src=\"https:\/\/www.europesays.com\/fr\/wp-content\/uploads\/2025\/12\/IMG_4248-683x1024.jpeg\" alt=\"\" class=\"wp-image-1529545\"\/><\/a><\/p>\n<p><a href=\"https:\/\/www.info-lux.com\/wp-content\/uploads\/2025\/12\/IMG_4247-scaled.jpeg\" target=\"_blank\" rel=\"noopener\"><img loading=\"lazy\" decoding=\"async\" width=\"1024\" height=\"683\" data-id=\"1529546\" src=\"https:\/\/www.europesays.com\/fr\/wp-content\/uploads\/2025\/12\/IMG_4247-1024x683.jpeg\" alt=\"\" class=\"wp-image-1529546\"\/><\/a><\/p>\n<p><a href=\"https:\/\/www.info-lux.com\/wp-content\/uploads\/2025\/12\/IMG_4253-scaled.jpeg\" target=\"_blank\" rel=\"noopener\"><img loading=\"lazy\" decoding=\"async\" width=\"1024\" height=\"683\" data-id=\"1529540\" src=\"https:\/\/www.europesays.com\/fr\/wp-content\/uploads\/2025\/12\/IMG_4253-1024x683.jpeg\" alt=\"\" class=\"wp-image-1529540\"\/><\/a><\/p>\n<p><a href=\"https:\/\/www.info-lux.com\/wp-content\/uploads\/2025\/12\/IMG_4252-scaled.jpeg\" target=\"_blank\" rel=\"noopener\"><img loading=\"lazy\" decoding=\"async\" width=\"1024\" height=\"683\" data-id=\"1529541\" src=\"https:\/\/www.europesays.com\/fr\/wp-content\/uploads\/2025\/12\/IMG_4252-1024x683.jpeg\" alt=\"\" class=\"wp-image-1529541\"\/><\/a><\/p>\n<p><a href=\"https:\/\/www.info-lux.com\/wp-content\/uploads\/2025\/12\/IMG_4251-scaled.jpeg\" target=\"_blank\" rel=\"noopener\"><img loading=\"lazy\" decoding=\"async\" width=\"683\" height=\"1024\" data-id=\"1529542\" src=\"https:\/\/www.europesays.com\/fr\/wp-content\/uploads\/2025\/12\/IMG_4251-683x1024.jpeg\" alt=\"\" class=\"wp-image-1529542\"\/><\/a><\/p>\n<p><a href=\"https:\/\/www.info-lux.com\/wp-content\/uploads\/2025\/12\/IMG_4246-scaled.jpeg\" target=\"_blank\" rel=\"noopener\"><img loading=\"lazy\" decoding=\"async\" width=\"683\" height=\"1024\" data-id=\"1529547\" src=\"https:\/\/www.europesays.com\/fr\/wp-content\/uploads\/2025\/12\/IMG_4246-683x1024.jpeg\" alt=\"\" class=\"wp-image-1529547\"\/><\/a><\/p>\n<p><a href=\"https:\/\/www.info-lux.com\/wp-content\/uploads\/2025\/12\/IMG_4241.jpeg\" target=\"_blank\" rel=\"noopener\"><img loading=\"lazy\" decoding=\"async\" width=\"1024\" height=\"683\" data-id=\"1529552\" src=\"https:\/\/www.europesays.com\/fr\/wp-content\/uploads\/2025\/12\/IMG_4241-1024x683.jpeg\" alt=\"\" class=\"wp-image-1529552\"\/><\/a><\/p>\n<p><a href=\"https:\/\/www.info-lux.com\/wp-content\/uploads\/2025\/12\/IMG_4240-scaled.jpeg\" target=\"_blank\" rel=\"noopener\"><img loading=\"lazy\" decoding=\"async\" width=\"683\" height=\"1024\" data-id=\"1529553\" src=\"https:\/\/www.europesays.com\/fr\/wp-content\/uploads\/2025\/12\/IMG_4240-683x1024.jpeg\" alt=\"\" class=\"wp-image-1529553\"\/><\/a><\/p>\n<p><a href=\"https:\/\/www.info-lux.com\/wp-content\/uploads\/2025\/12\/IMG_4245-scaled.jpeg\" target=\"_blank\" rel=\"noopener\"><img loading=\"lazy\" decoding=\"async\" width=\"683\" height=\"1024\" data-id=\"1529548\" src=\"https:\/\/www.europesays.com\/fr\/wp-content\/uploads\/2025\/12\/IMG_4245-683x1024.jpeg\" alt=\"\" class=\"wp-image-1529548\"\/><\/a><\/p>\n<p><a href=\"https:\/\/www.info-lux.com\/wp-content\/uploads\/2025\/12\/IMG_4250-scaled.jpeg\" target=\"_blank\" rel=\"noopener\"><img loading=\"lazy\" decoding=\"async\" width=\"1024\" height=\"683\" data-id=\"1529543\" src=\"https:\/\/www.europesays.com\/fr\/wp-content\/uploads\/2025\/12\/IMG_4250-1024x683.jpeg\" alt=\"\" class=\"wp-image-1529543\"\/><\/a><\/p>\n<p><a href=\"https:\/\/www.info-lux.com\/wp-content\/uploads\/2025\/12\/IMG_4242-scaled.jpeg\" target=\"_blank\" rel=\"noopener\"><img loading=\"lazy\" decoding=\"async\" width=\"683\" height=\"1024\" data-id=\"1529551\" src=\"https:\/\/www.europesays.com\/fr\/wp-content\/uploads\/2025\/12\/IMG_4242-683x1024.jpeg\" alt=\"\" class=\"wp-image-1529551\"\/><\/a><\/p>\n<p><a href=\"https:\/\/www.info-lux.com\/wp-content\/uploads\/2025\/12\/IMG_4239-scaled.jpeg\" target=\"_blank\" rel=\"noopener\"><img loading=\"lazy\" decoding=\"async\" width=\"683\" height=\"1024\" data-id=\"1529554\" src=\"https:\/\/www.europesays.com\/fr\/wp-content\/uploads\/2025\/12\/IMG_4239-683x1024.jpeg\" alt=\"\" class=\"wp-image-1529554\"\/><\/a><\/p>\n<p><a href=\"https:\/\/www.info-lux.com\/wp-content\/uploads\/2025\/12\/IMG_4244-scaled.jpeg\" target=\"_blank\" rel=\"noopener\"><img loading=\"lazy\" decoding=\"async\" width=\"1024\" height=\"683\" data-id=\"1529549\" src=\"https:\/\/www.europesays.com\/fr\/wp-content\/uploads\/2025\/12\/IMG_4244-1024x683.jpeg\" alt=\"\" class=\"wp-image-1529549\"\/><\/a><\/p>\n<p><a href=\"https:\/\/www.info-lux.com\/wp-content\/uploads\/2025\/12\/IMG_4249-scaled.jpeg\" target=\"_blank\" rel=\"noopener\"><img loading=\"lazy\" decoding=\"async\" width=\"1024\" height=\"683\" data-id=\"1529544\" src=\"https:\/\/www.europesays.com\/fr\/wp-content\/uploads\/2025\/12\/IMG_4249-1024x683.jpeg\" alt=\"\" class=\"wp-image-1529544\"\/><\/a><\/p>\n<p><a href=\"https:\/\/www.info-lux.com\/wp-content\/uploads\/2025\/12\/IMG_4254-scaled.jpeg\" target=\"_blank\" rel=\"noopener\"><img loading=\"lazy\" decoding=\"async\" width=\"683\" height=\"1024\" data-id=\"1529539\" src=\"https:\/\/www.europesays.com\/fr\/wp-content\/uploads\/2025\/12\/IMG_4254-683x1024.jpeg\" alt=\"\" class=\"wp-image-1529539\"\/><\/a><\/p>\n<p><a href=\"https:\/\/www.info-lux.com\/wp-content\/uploads\/2025\/12\/IMG_4263-scaled.jpeg\" target=\"_blank\" rel=\"noopener\"><img loading=\"lazy\" decoding=\"async\" width=\"683\" height=\"1024\" data-id=\"1529534\" src=\"https:\/\/www.europesays.com\/fr\/wp-content\/uploads\/2025\/12\/IMG_4263-683x1024.jpeg\" alt=\"\" class=\"wp-image-1529534\"\/><\/a><\/p>\n<p><a href=\"https:\/\/www.info-lux.com\/wp-content\/uploads\/2025\/12\/IMG_4255-scaled.jpeg\" target=\"_blank\" rel=\"noopener\"><img loading=\"lazy\" decoding=\"async\" width=\"683\" height=\"1024\" data-id=\"1529538\" src=\"https:\/\/www.europesays.com\/fr\/wp-content\/uploads\/2025\/12\/IMG_4255-683x1024.jpeg\" alt=\"\" class=\"wp-image-1529538\"\/><\/a><\/p>\n<p><a href=\"https:\/\/www.info-lux.com\/wp-content\/uploads\/2025\/12\/IMG_4256-scaled.jpeg\" target=\"_blank\" rel=\"noopener\"><img loading=\"lazy\" decoding=\"async\" width=\"683\" height=\"1024\" data-id=\"1529537\" src=\"https:\/\/www.europesays.com\/fr\/wp-content\/uploads\/2025\/12\/IMG_4256-683x1024.jpeg\" alt=\"\" class=\"wp-image-1529537\"\/><\/a><\/p>\n<p><a href=\"https:\/\/www.info-lux.com\/wp-content\/uploads\/2025\/12\/IMG_4265-scaled.jpeg\" target=\"_blank\" rel=\"noopener\"><img loading=\"lazy\" decoding=\"async\" width=\"683\" height=\"1024\" data-id=\"1529532\" src=\"https:\/\/www.europesays.com\/fr\/wp-content\/uploads\/2025\/12\/IMG_4265-683x1024.jpeg\" alt=\"\" class=\"wp-image-1529532\"\/><\/a><\/p>\n<p><a href=\"https:\/\/www.info-lux.com\/wp-content\/uploads\/2025\/12\/IMG_4266-scaled.jpeg\" target=\"_blank\" rel=\"noopener\"><img loading=\"lazy\" decoding=\"async\" width=\"1024\" height=\"683\" data-id=\"1529531\" src=\"https:\/\/www.europesays.com\/fr\/wp-content\/uploads\/2025\/12\/IMG_4266-1024x683.jpeg\" alt=\"\" class=\"wp-image-1529531\"\/><\/a><\/p>\n<p><a href=\"https:\/\/www.info-lux.com\/wp-content\/uploads\/2025\/12\/IMG_4257-scaled.jpeg\" target=\"_blank\" rel=\"noopener\"><img loading=\"lazy\" decoding=\"async\" width=\"683\" height=\"1024\" data-id=\"1529536\" src=\"https:\/\/www.europesays.com\/fr\/wp-content\/uploads\/2025\/12\/IMG_4257-683x1024.jpeg\" alt=\"\" class=\"wp-image-1529536\"\/><\/a><\/p>\n<p><a href=\"https:\/\/www.info-lux.com\/wp-content\/uploads\/2025\/12\/IMG_4262-scaled.jpeg\" target=\"_blank\" rel=\"noopener\"><img loading=\"lazy\" decoding=\"async\" width=\"1024\" height=\"683\" data-id=\"1529535\" src=\"https:\/\/www.europesays.com\/fr\/wp-content\/uploads\/2025\/12\/IMG_4262-1024x683.jpeg\" alt=\"\" class=\"wp-image-1529535\"\/><\/a><br \/>\nNANCY &gt; CONCERT &gt; NOAH DILLON &gt; JOHN BUTLER<\/p>\n<ul class=\"wp-block-latest-posts__list is-grid columns-3 wp-block-latest-posts\">\n<li><img loading=\"lazy\" decoding=\"async\" width=\"150\" height=\"150\" src=\"https:\/\/www.europesays.com\/fr\/wp-content\/uploads\/2025\/12\/IMG_4241-150x150.jpeg\" class=\"attachment-thumbnail size-thumbnail wp-post-image\" alt=\"\" style=\"\"\/><a class=\"wp-block-latest-posts__post-title\" href=\"https:\/\/www.info-lux.com\/nancy-concert-noah-dillon-john-butler\/themes\/\" target=\"_blank\" rel=\"noopener\">NANCY &gt; CONCERT &gt; NOAH DILLON &gt; JOHN BUTLER<\/a>John Bulter envo\u00fbte l\u2019Autre Canal : une soir\u00e9e d\u2019\u00e9motions et de virtuosit\u00e9 pr\u00e9c\u00e9d\u00e9e par l\u2019\u00e9nergie de Noah Dillon L\u2019Autre Canal\u2026 <a class=\"wp-block-latest-posts__read-more\" href=\"https:\/\/www.info-lux.com\/nancy-concert-noah-dillon-john-butler\/themes\/\" rel=\"noopener noreferrer\" target=\"_blank\">Lire la suite\u00a0: NANCY &gt; CONCERT &gt; NOAH DILLON &gt; JOHN BUTLER<\/a><\/li>\n<li><img loading=\"lazy\" decoding=\"async\" width=\"150\" height=\"150\" src=\"https:\/\/www.europesays.com\/fr\/wp-content\/uploads\/2025\/12\/rosalia-st-2-150x150.jpg\" class=\"attachment-thumbnail size-thumbnail wp-post-image\" alt=\"Rosalia en tenue \u00e9pur\u00e9e inspir\u00e9e de l\u2019esth\u00e9tique de LUX, micro \u00e0 la main, \u00e9clairage dor\u00e9, concert d\u2019Anvers 2026.\" style=\"\"\/><a class=\"wp-block-latest-posts__post-title\" href=\"https:\/\/www.info-lux.com\/anvers-concert-rosalia-lux-tour-2026\/activite-a-faire-en\/agenda\/agenda-concerts\/\" target=\"_blank\" rel=\"noopener\">Anvers &gt; Concert &gt; Rosalia  &gt;LUX Tour 2026<\/a>Anvers \u00b7 Concert \u00b7 Rosalia LUX Tour 2026 Le LUX Tour 2026 de Rosalia arrive en Belgique, et c\u2019est au\u2026 <a class=\"wp-block-latest-posts__read-more\" href=\"https:\/\/www.info-lux.com\/anvers-concert-rosalia-lux-tour-2026\/activite-a-faire-en\/agenda\/agenda-concerts\/\" rel=\"noopener noreferrer\" target=\"_blank\">Lire la suite\u00a0: Anvers &gt; Concert &gt; Rosalia  &gt;LUX Tour 2026<\/a><\/li>\n<li><img loading=\"lazy\" decoding=\"async\" width=\"150\" height=\"150\" src=\"https:\/\/www.europesays.com\/fr\/wp-content\/uploads\/2025\/12\/Race-Across-belgium00007-150x150.jpg\" class=\"attachment-thumbnail size-thumbnail wp-post-image\" alt=\"\" style=\"\"\/><a class=\"wp-block-latest-posts__post-title\" href=\"https:\/\/www.info-lux.com\/arlon-amsterdam-luxembourg-race-across-benelux\/pays\/belgique\/wallonie\/province-de-luxembourg\/foret-d-anlier\/arlon\/\" target=\"_blank\" rel=\"noopener\">Arlon &gt; Amsterdam &gt; Luxembourg &gt; Race Across BENELUX<\/a>\n<p>L\u2019aventure du Benelux \u00e0 v\u00e9lo, entre plaines du Nord et vall\u00e9es ardennaises, d\u2019Amsterdam \u00e0 Arlon en passant par le Luxembourg!<\/p>\n<\/li>\n<li><img loading=\"lazy\" decoding=\"async\" width=\"150\" height=\"150\" src=\"https:\/\/www.europesays.com\/fr\/wp-content\/uploads\/2025\/12\/Bandeau-1-150x150.jpg\" class=\"attachment-thumbnail size-thumbnail wp-post-image\" alt=\"\" style=\"\"\/><a class=\"wp-block-latest-posts__post-title\" href=\"https:\/\/www.info-lux.com\/douche-neuronale-nettoyage-cerveau-glymphatique\/actualites\/rubriques\/sante\/\" target=\"_blank\" rel=\"noopener\">SANT\u00c9 &gt; M\u00c9DECINE &gt; LA DOUCHE NEURONALE<\/a>\n<p>L\u2019article d\u00e9crit le syst\u00e8me glymphatique, surnomm\u00e9 la \u201cdouche neuronale\u201d, comme le m\u00e9canisme essentiel de d\u00e9toxification du cerveau qui \u00e9limine les d\u00e9chets m\u00e9taboliques, principalement pendant le sommeil profond. La respiration (l\u2019inspiration) est \u00e9galement identifi\u00e9e comme un moteur principal de ce flux, agissant comme une pompe pour la circulation du liquide c\u00e9phalo-rachidien (LCR). Pour soutenir ce processus vital pour la m\u00e9moire et la clart\u00e9 mentale, l\u2019article recommande d\u2019int\u00e9grer six leviers simples dans la vie quotidienne, notamment la qualit\u00e9 du sommeil, la respiration nasale lente, le mouvement et la gestion du stress.<\/p>\n<\/li>\n<li><img loading=\"lazy\" decoding=\"async\" width=\"150\" height=\"150\" src=\"https:\/\/www.europesays.com\/fr\/wp-content\/uploads\/2025\/12\/Photo-accroche-150x150.jpg\" class=\"attachment-thumbnail size-thumbnail wp-post-image\" alt=\"\" style=\"\"\/><a class=\"wp-block-latest-posts__post-title\" href=\"https:\/\/www.info-lux.com\/filmcritiqueles-enfants-vont-biennathan-ambrosioni\/actualites\/rubriques\/cinemas\/critique-du-jeudi\/\" target=\"_blank\" rel=\"noopener\">FILM&gt;CRITIQUE&gt;LES ENFANTS VONT BIEN&gt;NATHAN AMBROSIONI<\/a>LA CRITIQUE DU JEUDI PAR THIBAUT DEMEYER \u00ab\u00a0LES ENFANTS VONT BIEN\u00a0\u00bb de Nathan Ambrosioni Drame Dur\u00e9e\u00a0: 1h51 Synopsis\u00a0: Un soir\u2026 <a class=\"wp-block-latest-posts__read-more\" href=\"https:\/\/www.info-lux.com\/filmcritiqueles-enfants-vont-biennathan-ambrosioni\/actualites\/rubriques\/cinemas\/critique-du-jeudi\/\" rel=\"noopener noreferrer\" target=\"_blank\">Lire la suite\u00a0: FILM&gt;CRITIQUE&gt;LES ENFANTS VONT BIEN&gt;NATHAN AMBROSIONI<\/a><\/li>\n<li><img loading=\"lazy\" decoding=\"async\" width=\"150\" height=\"150\" src=\"https:\/\/www.europesays.com\/fr\/wp-content\/uploads\/2025\/12\/Ajoutllller-un-titre-1-150x150.jpg\" class=\"attachment-thumbnail size-thumbnail wp-post-image\" alt=\"\" style=\"\"\/><a class=\"wp-block-latest-posts__post-title\" href=\"https:\/\/www.info-lux.com\/leglise-marche-noel-2025\/pays\/belgique\/\" target=\"_blank\" rel=\"noopener\">L\u00e9glise &gt; March\u00e9 &gt; No\u00ebl 2025<\/a>\n<p>L\u2019esprit de No\u00ebl s\u2019invite \u00e0 L\u00e9glise avec un March\u00e9 du Terroir festif, gourmand et chaleureux o\u00f9 producteurs et artisans locaux c\u00e9l\u00e8brent la fin de saison.<\/p>\n<\/li>\n<li><img loading=\"lazy\" decoding=\"async\" width=\"150\" height=\"150\" src=\"https:\/\/www.europesays.com\/fr\/wp-content\/uploads\/2025\/12\/1111-150x150.jpg\" class=\"attachment-thumbnail size-thumbnail wp-post-image\" alt=\"\" style=\"\"\/><a class=\"wp-block-latest-posts__post-title\" href=\"https:\/\/www.info-lux.com\/paris-concert-generation-celine\/themes\/cultures\/concerts\/\" target=\"_blank\" rel=\"noopener\">Paris &gt; Concert &gt; G\u00e9n\u00e9ration C\u00e9line<\/a>\n<p>Le D\u00f4me de Paris accueillera en f\u00e9vrier 2026 un spectacle grandiose d\u00e9di\u00e9 \u00e0 l\u2019univers de C\u00e9line Dion, interpr\u00e9t\u00e9 par quatre voix d\u2019exception pour un hommage vibrant et contemporain.<\/p>\n<\/li>\n<li><img loading=\"lazy\" decoding=\"async\" width=\"150\" height=\"150\" src=\"https:\/\/www.europesays.com\/fr\/wp-content\/uploads\/2025\/12\/stomp_galerie6659ba910acdc51.03766954-150x150.jpeg\" class=\"attachment-thumbnail size-thumbnail wp-post-image\" alt=\"\" style=\"\"\/><a class=\"wp-block-latest-posts__post-title\" href=\"https:\/\/www.info-lux.com\/paris-stomp-la-cigale\/actualites\/\" target=\"_blank\" rel=\"noopener\">Paris &gt; STOMP &gt; La Cigale<\/a>\n<p>Le ph\u00e9nom\u00e8ne britannique Stomp revient \u00e0 Paris \u00e0 La Cigale pour les f\u00eates de fin d\u2019ann\u00e9e, dans une explosion de rythme, d\u2019\u00e9nergie et d\u2019humour.<\/p>\n<\/li>\n<li><img loading=\"lazy\" decoding=\"async\" width=\"150\" height=\"150\" src=\"https:\/\/www.europesays.com\/fr\/wp-content\/uploads\/2025\/12\/ChatGPT-Image-3-dec.-2025-18_37_18-150x150.jpg\" class=\"attachment-thumbnail size-thumbnail wp-post-image\" alt=\"\" style=\"\"\/><a class=\"wp-block-latest-posts__post-title\" href=\"https:\/\/www.info-lux.com\/gaming-consoles-nintendo-switch-2\/actualites\/\" target=\"_blank\" rel=\"noopener\">Gaming &gt; Consoles &gt; Nintendo Switch 2<\/a>\n<p>AMAZON LANCE UNE OFFRE DE NO\u00cbL EXCEPTIONNELLE SUR LA NINTENDO SWITCH 2 AVEC MARIO KART WORLD, UN PACK ID\u00c9AL POUR CEUX QUI VEULENT PROFITER DU GAMING SANS SE RUINER<\/p>\n<\/li>\n<li><img loading=\"lazy\" decoding=\"async\" width=\"150\" height=\"150\" src=\"https:\/\/www.europesays.com\/fr\/wp-content\/uploads\/2025\/12\/MIT-2470-HVGO-01-150x150.jpg\" class=\"attachment-thumbnail size-thumbnail wp-post-image\" alt=\"\" style=\"\"\/><a class=\"wp-block-latest-posts__post-title\" href=\"https:\/\/www.info-lux.com\/metz-moselle-incroyables-talents\/les-arenes\/\" target=\"_blank\" rel=\"noopener\">METZ &gt; MOSELLE INCROYABLES TALENTS<\/a>Une journ\u00e9e historique aux Ar\u00e8nes de Metz : la Moselle r\u00e9v\u00e8le ses talents, ses voix et son \u00e9nergie Il y\u2026 <a class=\"wp-block-latest-posts__read-more\" href=\"https:\/\/www.info-lux.com\/metz-moselle-incroyables-talents\/les-arenes\/\" rel=\"noopener noreferrer\" target=\"_blank\">Lire la suite\u00a0: METZ &gt; MOSELLE INCROYABLES TALENTS<\/a><\/li>\n<li><img loading=\"lazy\" decoding=\"async\" width=\"150\" height=\"150\" src=\"https:\/\/www.europesays.com\/fr\/wp-content\/uploads\/2025\/12\/AFFICHE-COUP-DE-BLUFF-AU-CABARET-HD-scaled-1-757x1024-1-150x150.jpeg\" class=\"attachment-thumbnail size-thumbnail wp-post-image\" alt=\"\" style=\"\"\/><a class=\"wp-block-latest-posts__post-title\" href=\"https:\/\/www.info-lux.com\/yutz-theatre-coup-de-bluff-au-cabaret\/pays\/france\/grand-est\/moselle-grand-est\/yutz\/\" target=\"_blank\" rel=\"noopener\">Yutz &gt; Th\u00e9\u00e2tre &gt; Coup de Bluff au Cabaret<\/a>La pi\u00e8ce de th\u00e9\u00e2tre Coup de Bluff au Cabaret \u00e0 l\u2019Amphy de Yutz Les amateurs de th\u00e9\u00e2tre s\u2019\u00e9taient donn\u00e9 rendez-vous\u2026 <a class=\"wp-block-latest-posts__read-more\" href=\"https:\/\/www.info-lux.com\/yutz-theatre-coup-de-bluff-au-cabaret\/pays\/france\/grand-est\/moselle-grand-est\/yutz\/\" rel=\"noopener noreferrer\" target=\"_blank\">Lire la suite\u00a0: Yutz &gt; Th\u00e9\u00e2tre &gt; Coup de Bluff au Cabaret<\/a><\/li>\n<li><img loading=\"lazy\" decoding=\"async\" width=\"150\" height=\"150\" src=\"https:\/\/www.europesays.com\/fr\/wp-content\/uploads\/2025\/12\/cliff-150x150.png\" class=\"attachment-thumbnail size-thumbnail wp-post-image\" alt=\"\" style=\"\"\/><a class=\"wp-block-latest-posts__post-title\" href=\"https:\/\/www.info-lux.com\/hommage-jimmy-cliff\/musique-2\/\" target=\"_blank\" rel=\"noopener\">HOMMAGE &gt; JIMMY CLIFF<\/a>Jimmy Cliff : l\u2019\u00e9ternel pionnier qui a offert le reggae au monde Le 24 novembre 2025, Jimmy Cliff nous a\u2026 <a class=\"wp-block-latest-posts__read-more\" href=\"https:\/\/www.info-lux.com\/hommage-jimmy-cliff\/musique-2\/\" rel=\"noopener noreferrer\" target=\"_blank\">Lire la suite\u00a0: HOMMAGE &gt; JIMMY CLIFF<\/a><\/li>\n<\/ul>\n","protected":false},"excerpt":{"rendered":"John Bulter envo\u00fbte l\u2019Autre Canal : une soir\u00e9e d\u2019\u00e9motions et de virtuosit\u00e9 pr\u00e9c\u00e9d\u00e9e par l\u2019\u00e9nergie de Noah Dillon&hellip;\n","protected":false},"author":2,"featured_media":578536,"comment_status":"","ping_status":"","sticky":false,"template":"","format":"standard","meta":{"footnotes":""},"categories":[9635],"tags":[1111,11,1697,1777,674,1011,27,775,19085,64349,873,1702,12,1756,2189,25],"class_list":{"0":"post-578535","1":"post","2":"type-post","3":"status-publish","4":"format-standard","5":"has-post-thumbnail","7":"category-nancy","8":"tag-actu","9":"tag-actualites","10":"tag-concert","11":"tag-eu","12":"tag-europe","13":"tag-fr","14":"tag-france","15":"tag-grand-est","16":"tag-lautre-canal","17":"tag-mrzpicture","18":"tag-musique","19":"tag-nancy","20":"tag-news","21":"tag-photographie","22":"tag-photos","23":"tag-republique-francaise"},"share_on_mastodon":{"url":"https:\/\/pubeurope.com\/@fr\/115663770825698694","error":""},"_links":{"self":[{"href":"https:\/\/www.europesays.com\/fr\/wp-json\/wp\/v2\/posts\/578535","targetHints":{"allow":["GET"]}}],"collection":[{"href":"https:\/\/www.europesays.com\/fr\/wp-json\/wp\/v2\/posts"}],"about":[{"href":"https:\/\/www.europesays.com\/fr\/wp-json\/wp\/v2\/types\/post"}],"author":[{"embeddable":true,"href":"https:\/\/www.europesays.com\/fr\/wp-json\/wp\/v2\/users\/2"}],"replies":[{"embeddable":true,"href":"https:\/\/www.europesays.com\/fr\/wp-json\/wp\/v2\/comments?post=578535"}],"version-history":[{"count":0,"href":"https:\/\/www.europesays.com\/fr\/wp-json\/wp\/v2\/posts\/578535\/revisions"}],"wp:featuredmedia":[{"embeddable":true,"href":"https:\/\/www.europesays.com\/fr\/wp-json\/wp\/v2\/media\/578536"}],"wp:attachment":[{"href":"https:\/\/www.europesays.com\/fr\/wp-json\/wp\/v2\/media?parent=578535"}],"wp:term":[{"taxonomy":"category","embeddable":true,"href":"https:\/\/www.europesays.com\/fr\/wp-json\/wp\/v2\/categories?post=578535"},{"taxonomy":"post_tag","embeddable":true,"href":"https:\/\/www.europesays.com\/fr\/wp-json\/wp\/v2\/tags?post=578535"}],"curies":[{"name":"wp","href":"https:\/\/api.w.org\/{rel}","templated":true}]}}