{"id":578537,"date":"2025-12-04T22:55:28","date_gmt":"2025-12-04T22:55:28","guid":{"rendered":"https:\/\/www.europesays.com\/fr\/578537\/"},"modified":"2025-12-04T22:55:28","modified_gmt":"2025-12-04T22:55:28","slug":"photos-une-ceremonie-en-lhonneur-des-ambassadeurs-sportifs","status":"publish","type":"post","link":"https:\/\/www.europesays.com\/fr\/578537\/","title":{"rendered":"Photos. Une c\u00e9r\u00e9monie en l\u2019honneur des Ambassadeurs sportifs"},"content":{"rendered":"<p>La soir\u00e9e de c\u00e9l\u00e9bration a distingu\u00e9 les ambassadeurs individuels repr\u00e9sentant chaque discipline par club, avant de donner la parole \u00e0 Anne-Sophie Mathis, ancienne championne du monde de boxe et invit\u00e9e d\u2019honneur. Les ambassadeurs collectifs issus des \u00e9quipes de haut niveau (SLUC, ASNL, GNVB, VNVB) ont ensuite \u00e9t\u00e9 mis en lumi\u00e8re. Chaque sportif a re\u00e7u un pr\u00e9sent symbolique, signe de reconnaissance institutionnelle, avant un cocktail dinatoire qui a cl\u00f4tur\u00e9 l\u2019\u00e9v\u00e9nement.<\/p>\n","protected":false},"excerpt":{"rendered":"La soir\u00e9e de c\u00e9l\u00e9bration a distingu\u00e9 les ambassadeurs individuels repr\u00e9sentant chaque discipline par club, avant de donner la&hellip;\n","protected":false},"author":2,"featured_media":578538,"comment_status":"","ping_status":"","sticky":false,"template":"","format":"standard","meta":{"footnotes":""},"categories":[9635],"tags":[1111,11,1704,1777,674,1701,1011,27,2798,775,1702,12,25,517,65189],"class_list":{"0":"post-578537","1":"post","2":"type-post","3":"status-publish","4":"format-standard","5":"has-post-thumbnail","7":"category-nancy","8":"tag-actu","9":"tag-actualites","10":"tag-edition-nancy-et-agglomeration","11":"tag-eu","12":"tag-europe","13":"tag-fil-info-sport","14":"tag-fr","15":"tag-france","16":"tag-galerie-photo","17":"tag-grand-est","18":"tag-nancy","19":"tag-news","20":"tag-republique-francaise","21":"tag-sport","22":"tag-trophees-sportifs"},"share_on_mastodon":{"url":"https:\/\/pubeurope.com\/@fr\/115663770882569366","error":""},"_links":{"self":[{"href":"https:\/\/www.europesays.com\/fr\/wp-json\/wp\/v2\/posts\/578537","targetHints":{"allow":["GET"]}}],"collection":[{"href":"https:\/\/www.europesays.com\/fr\/wp-json\/wp\/v2\/posts"}],"about":[{"href":"https:\/\/www.europesays.com\/fr\/wp-json\/wp\/v2\/types\/post"}],"author":[{"embeddable":true,"href":"https:\/\/www.europesays.com\/fr\/wp-json\/wp\/v2\/users\/2"}],"replies":[{"embeddable":true,"href":"https:\/\/www.europesays.com\/fr\/wp-json\/wp\/v2\/comments?post=578537"}],"version-history":[{"count":0,"href":"https:\/\/www.europesays.com\/fr\/wp-json\/wp\/v2\/posts\/578537\/revisions"}],"wp:featuredmedia":[{"embeddable":true,"href":"https:\/\/www.europesays.com\/fr\/wp-json\/wp\/v2\/media\/578538"}],"wp:attachment":[{"href":"https:\/\/www.europesays.com\/fr\/wp-json\/wp\/v2\/media?parent=578537"}],"wp:term":[{"taxonomy":"category","embeddable":true,"href":"https:\/\/www.europesays.com\/fr\/wp-json\/wp\/v2\/categories?post=578537"},{"taxonomy":"post_tag","embeddable":true,"href":"https:\/\/www.europesays.com\/fr\/wp-json\/wp\/v2\/tags?post=578537"}],"curies":[{"name":"wp","href":"https:\/\/api.w.org\/{rel}","templated":true}]}}