{"id":578548,"date":"2025-12-04T23:03:12","date_gmt":"2025-12-04T23:03:12","guid":{"rendered":"https:\/\/www.europesays.com\/fr\/578548\/"},"modified":"2025-12-04T23:03:12","modified_gmt":"2025-12-04T23:03:12","slug":"pro-d2-sous-la-pluie-et-a-lusure-colomiers-fait-exploser-grenoble-et-remonte-sur-le-podium","status":"publish","type":"post","link":"https:\/\/www.europesays.com\/fr\/578548\/","title":{"rendered":"Pro D2 \u2013 Sous la pluie et \u00e0 l\u2019usure, Colomiers fait exploser Grenoble et remonte sur le podium"},"content":{"rendered":"<p>\n                Dans des conditions d\u00e9licates, Colomiers, gr\u00e2ce notamment \u00e0 un doubl\u00e9 de Dulon, s\u2019est impos\u00e9 avec le bonus offensif face \u00e0 Grenoble (43-7). Port\u00e9s par Timu et Nu\u2019u, les Haut-Garonnais remontent provisoirement sur le podium du championnat.\n            <\/p>\n<p>Pour ce rendez-vous entre ambitieux, il n\u2019y avait plus de temps \u00e0 perdre. Colomiers, avec deux revers \u00e0 domicile face \u00e0 Vannes et Provence Rugby, avait d\u00e9j\u00e0 grill\u00e9 ses jokers \u00e0 Michel-Bendichou. Grenoble, dans le ventre mou, se devait une revanche\u00a0apr\u00e8s trois d\u00e9placements \u00e0 vide.<\/p>\n<p>Dans une rencontre h\u00e2ch\u00e9e en raison des mauvaises conditons climatiques, <strong><a href=\"https:\/\/www.rugbyrama.fr\/2025\/12\/04\/en-direct-colomiers-grenoble-le-fcg-veut-apprendre-a-voyager-suivez-le-premier-match-de-la-13e-journee-13090313.php\" target=\"_self\" rel=\"noopener\">Colomiers, plus constant sur la dur\u00e9e, a su faire craquer Grenoble (43-7).<\/a><\/strong> Gr\u00e2ce \u00e0 cette victoire bonifi\u00e9e, les prot\u00e9g\u00e9s de Nicot, en attendant les autres r\u00e9sultats de cette journ\u00e9e, remontent sur le podium (2e, 42 points). Ils ne sont plus qu\u2019\u00e0 deux longueurs du leader vannetais (1er, 44 points). Pour Grenoble (9e, 28 points), les six premi\u00e8res places vont s\u2019\u00e9loigner. Avant cette rencontre, la bande \u00e0 Soury comptait un point de retard sur Nevers (6e, 29 points).<\/p>\n<p>La troisi\u00e8me ligne de Colomiers a brill\u00e9<\/p>\n<p>D\u2019embl\u00e9e, Colomiers a pris la rencontre par le bon bout. \u00c0 cinq m\u00e8tres, sur une p\u00e9nalit\u00e9 jou\u00e9e \u00e0 la main, les Haut-Garonnais ont\u00a0fait mine de partir sur la droite pour d\u00e9clencher \u00e0 gauche. B\u00e9chu, adroit, a mis Timu dans l\u2019intervalle \u00e0 l\u2019aide d\u2019une passe vers\u00a0l\u2019int\u00e9rieur. Le troisi\u00e8me ligne centre a r\u00e9sist\u00e9 au dernier d\u00e9fenseur pour filer en terre promise (7-0, 10e).<\/p>\n<p>Sans son capitaine Soury, touch\u00e9 au mollet droit, Grenoble a c\u00e9d\u00e9 \u00e0 nouveau. Lors d\u2019un lancement en premi\u00e8re main, Nu\u2019u a cass\u00e9 la ligne de d\u00e9fense. Juste avant d\u2019aller au sol, il a transmis la balle \u00e0 Timu. Le troisi\u00e8me ligne a fait vivre l\u2019action, debout, vers Dulon. Repris \u00e0 cinq m\u00e8tres, le centre a bien pr\u00e9sent\u00e9 le ballon. Venu \u00e0 hauteur, Bazin, dans la dynamique, a marqu\u00e9 facilement (14-0, 20e).<\/p>\n<p>Dans la deuxi\u00e8me moiti\u00e9 de la premi\u00e8re p\u00e9riode, les Is\u00e9rois ont sonn\u00e9 la r\u00e9volte avec le huit de devant. Le paquet d\u2019avants a multipli\u00e9\u00a0les mauls port\u00e9s. \u00c0 proximit\u00e9 de ses gros, \u00e0 quelques centim\u00e8tres de l\u2019en-but, \u00c9ric Escande, en filou, a pos\u00e9 la pointe du ballon sur la ligne (14-7, 28e).<\/p>\n<p>Le p\u00e9ch\u00e9 de gourmandise de Costa-Storti a co\u00fbt\u00e9 cher \u00e0\u00a0Grenoble<\/p>\n<p>Au retour des vestiaires, Grenoble a domin\u00e9 outrageusement, mais a manqu\u00e9 de pr\u00e9cision dans la zone de marque. Giral ne s\u2019est pas fait prier pour ajouter trois points (17-7, 45e).<\/p>\n<p>La partie a connu son tournant \u00e0 l\u2019heure de jeu.\u00a0En contre-attaque, les Colum\u00e9rins ont assomm\u00e9 les Grenoblois. Servi \u00e0 hauteur par Megdoud, Costa Storti a transperc\u00e9 le rideau d\u00e9fensif sur plusieurs m\u00e8tres. Mais, \u00e0 la lisi\u00e8re des 22 m\u00e8tres, il n\u2019a pas servi, dans le bon tempo, Couilloud. Dans un second temps, le demi de m\u00eal\u00e9e a tent\u00e9 de chercher l\u2019ext\u00e9rieur, mais il est tomb\u00e9 sur Dulon. Apr\u00e8s un sprint de 80 m\u00e8tres, le centre a conclu le coup (24-7, 62e).<\/p>\n<p>Derri\u00e8re, les Is\u00e9rois ont baiss\u00e9 les armes.\u00a0Sur un ballon vol\u00e9 en touche par Martins, dans les 22 m\u00e8tres grenoblois, Nu\u2019u a donn\u00e9 sa carte de visite \u00e0 trois Grenoblois dont Romain Trouilloud pour aplatir l\u2019essai du bonus offensif (31-7, 70e). Quelques minutes plus tard, Dulon, sur une superbe diagonale au pied de Giral, a inscrit un doubl\u00e9 (38-7, 73e). \u00c0 la sir\u00e8ne, sur un service au pied parfait de Nu\u2019u, Borie a tir\u00e9 le bouquet final (43-7, 80e +\u00a01).\u00a0Dans huit jours, Colomiers se d\u00e9placera du c\u00f4t\u00e9 de Dax. Un peu plus t\u00f4t dans la soir\u00e9e, Grenoble ira \u00e0 Valence Romans.<\/p>\n","protected":false},"excerpt":{"rendered":"Dans des conditions d\u00e9licates, Colomiers, gr\u00e2ce notamment \u00e0 un doubl\u00e9 de Dulon, s\u2019est impos\u00e9 avec le bonus offensif&hellip;\n","protected":false},"author":2,"featured_media":578549,"comment_status":"","ping_status":"","sticky":false,"template":"","format":"standard","meta":{"footnotes":""},"categories":[9566],"tags":[1111,11,2430,1777,674,1011,27,2731,12,2308,25,68796],"class_list":{"0":"post-578548","1":"post","2":"type-post","3":"status-publish","4":"format-standard","5":"has-post-thumbnail","7":"category-grenoble","8":"tag-actu","9":"tag-actualites","10":"tag-auvergne-rhone-alpes","11":"tag-eu","12":"tag-europe","13":"tag-fr","14":"tag-france","15":"tag-grenoble","16":"tag-news","17":"tag-pro-d2","18":"tag-republique-francaise","19":"tag-rugby-u00e0-xv"},"share_on_mastodon":{"url":"","error":""},"_links":{"self":[{"href":"https:\/\/www.europesays.com\/fr\/wp-json\/wp\/v2\/posts\/578548","targetHints":{"allow":["GET"]}}],"collection":[{"href":"https:\/\/www.europesays.com\/fr\/wp-json\/wp\/v2\/posts"}],"about":[{"href":"https:\/\/www.europesays.com\/fr\/wp-json\/wp\/v2\/types\/post"}],"author":[{"embeddable":true,"href":"https:\/\/www.europesays.com\/fr\/wp-json\/wp\/v2\/users\/2"}],"replies":[{"embeddable":true,"href":"https:\/\/www.europesays.com\/fr\/wp-json\/wp\/v2\/comments?post=578548"}],"version-history":[{"count":0,"href":"https:\/\/www.europesays.com\/fr\/wp-json\/wp\/v2\/posts\/578548\/revisions"}],"wp:featuredmedia":[{"embeddable":true,"href":"https:\/\/www.europesays.com\/fr\/wp-json\/wp\/v2\/media\/578549"}],"wp:attachment":[{"href":"https:\/\/www.europesays.com\/fr\/wp-json\/wp\/v2\/media?parent=578548"}],"wp:term":[{"taxonomy":"category","embeddable":true,"href":"https:\/\/www.europesays.com\/fr\/wp-json\/wp\/v2\/categories?post=578548"},{"taxonomy":"post_tag","embeddable":true,"href":"https:\/\/www.europesays.com\/fr\/wp-json\/wp\/v2\/tags?post=578548"}],"curies":[{"name":"wp","href":"https:\/\/api.w.org\/{rel}","templated":true}]}}