{"id":578550,"date":"2025-12-04T23:04:26","date_gmt":"2025-12-04T23:04:26","guid":{"rendered":"https:\/\/www.europesays.com\/fr\/578550\/"},"modified":"2025-12-04T23:04:26","modified_gmt":"2025-12-04T23:04:26","slug":"municipales-2026-jai-besoin-de-liberte-cet-elu-breton-passe-enfin-la-main-apres","status":"publish","type":"post","link":"https:\/\/www.europesays.com\/fr\/578550\/","title":{"rendered":"Municipales 2026 : \u00ab\u00a0J\u2019ai besoin de libert\u00e9\u00a0\u00bb&#8230; Cet \u00e9lu Breton passe enfin la main apr\u00e8s"},"content":{"rendered":"<p>\u00ab\u00a0\u00c0 mon \u00e2ge, il faut savoir s\u2019arr\u00eater. Ne pas faire le mandat de trop\u00a0\u00bb, annonce <a href=\"https:\/\/fougeres.maville.com\/actu\/actudet_-le-chatellier.-a-mi-mandat-pierre-sourdin-fait-le-point-sur-sa-commune-_7-5773940_actu.Htm\" target=\"_blank\" rel=\"noopener\">le maire sortant Le Ch\u00e2tellier <\/a>(Ille-et-Vilaine) Pierre Sourdin. \u00c9lu depuis 1983, et maire depuis 2008, il a d\u00e9cid\u00e9 de ne pas se repr\u00e9senter aux prochaines \u00e9lections de mars\u00a02026. \u00ab\u00a0J\u2019aurais souhait\u00e9 me d\u00e9sengager lors des municipales de mars\u00a02020. Par conviction, j\u2019ai d\u00e9cid\u00e9 de poursuivre mon engagement, faute de candidat d\u00e9clar\u00e9 au poste.\u00a0\u00bb Une situation qui n\u2019a pas \u00e9volu\u00e9 au cours de ces six derni\u00e8res ann\u00e9es.<\/p>\n<p>Aujourd\u2019hui, parm<a href=\"https:\/\/fougeres.maville.com\/actu\/actudet_-municipales-au-chatellier.-pierre-sourdin-devoile-sa-liste-aux-elections_7-3996636_actu.Htm\" target=\"_blank\" rel=\"noopener\">i la moiti\u00e9 des conseillers pr\u00eats \u00e0 poursuivre leur engagement<\/a>, aucun n\u2019a \u00e9mis l\u2019hypoth\u00e8se de conduire la nouvelle liste. Le nouveau mode de scrutin de liste paritaire sera appliqu\u00e9 pour la premi\u00e8re fois dans la commune qui compte 427\u00a0habitants. Au Ch\u00e2tellier la liste paritaire devra comporter 11\u00a0candidats.<\/p>\n<p>Une hausse des incivilit\u00e9s<\/p>\n<p>L\u2019\u00e9dile c\u00e9dera son \u00e9charpe avec le sentiment du devoir accompli.\u00a0J\u2019ai \u00e9prouv\u00e9 beaucoup de passion dans l\u2019exercice, le travail en \u00e9quipe et le sentiment de m\u2019\u00eatre rendu utile dans l\u2019\u00e9volution de la commune, \u00e9voque-t-il.\u00a0 Aujourd\u2019hui, j\u2019ai besoin de s\u00e9r\u00e9nit\u00e9, de libert\u00e9 et de temps \u00e0 consacrer \u00e0 ma famille. Mais quelle satisfaction de voir aboutir la r\u00e9alisation d\u2019un projet quelle que soit son importance.\u00a0<\/p>\n<p>Au cours de ses mandats, l\u2019\u00e9dile d\u00e9plore tout de m\u00eame la hausse des incivilit\u00e9s.\u00a0J\u2019\u00e9prouve un regret, le respect d\u2019autrui est tourment\u00e9 de nos jours. J\u2019ai subi des incivilit\u00e9s \u00e0 caract\u00e8re personnel de la part d\u2019une poign\u00e9e d\u2019habitants et c\u2019est inacceptable.\u00a0<\/p>\n<p>Des projets de construction<\/p>\n<p>Parmi les principaux dossiers men\u00e9s au cours de ces dix-huit\u00a0ann\u00e9es \u00e0 la t\u00eate de la commune, le maire retient la vente du restaurant \u00e0 la communaut\u00e9 des communes<a href=\"https:\/\/fougeres.maville.com\/actu\/actudet_-bientot-des-panneaux-photovoltaiques-sur-l-eglise-et-d-autres-batiments-communaux-au-chatellier-_7-6133602_actu.Htm\" target=\"_blank\" rel=\"noopener\">, la r\u00e9novation des logements communaux, la r\u00e9habilitation de l\u2019ancien presbyt\u00e8re en salles associatives et g\u00eete communal, de la salle des f\u00eates Saint-Maurice<\/a> et le raccordement de la fibre optique.<\/p>\n<p>La nouvelle \u00e9quipe devra finaliser le projet de r\u00e9novation des murs int\u00e9rieurs de l\u2019\u00e9glise. L\u2019installation de panneaux solaires sur le g\u00eete communal est act\u00e9e.<\/p>\n<p>Avant la fin de son mandat, le maire ambitionne que la courbe d\u00e9mographique de la commune ne fl\u00e9chisse pas. \u00ab\u00a0Dans le cadre du plan local d\u2019urbanisme intercommunal (PLUi) et la r\u00e9vision du sch\u00e9ma de coh\u00e9rence territoriale (ScoT), je souhaite, avec l\u2019accord des propri\u00e9taires, que des terrains situ\u00e9s dans le p\u00e9rim\u00e8tre des grands hameaux puissent \u00eatre \u00e9ligibles \u00e0 la construction neuve.\u00a0\u00bb<\/p>\n<p>\u00a0<\/p>\n","protected":false},"excerpt":{"rendered":"\u00ab\u00a0\u00c0 mon \u00e2ge, il faut savoir s\u2019arr\u00eater. Ne pas faire le mandat de trop\u00a0\u00bb, annonce le maire sortant&hellip;\n","protected":false},"author":2,"featured_media":578551,"comment_status":"","ping_status":"","sticky":false,"template":"","format":"standard","meta":{"footnotes":""},"categories":[2821],"tags":[5734,15749,1111,11,1764,26269,829,6978,14192,6596,1777,674,1011,27,848,27870,10041,3554,12,5242,584,25],"class_list":{"0":"post-578550","1":"post","2":"type-post","3":"status-publish","4":"format-standard","5":"has-post-thumbnail","7":"category-rennes","8":"tag-5734","9":"tag-15749","10":"tag-actu","11":"tag-actualites","12":"tag-ans","13":"tag-besoin","14":"tag-bretagne","15":"tag-breton","16":"tag-elu","17":"tag-enfin","18":"tag-eu","19":"tag-europe","20":"tag-fr","21":"tag-france","22":"tag-ille-et-vilaine","23":"tag-liberte","24":"tag-main","25":"tag-municipales","26":"tag-news","27":"tag-passe","28":"tag-rennes","29":"tag-republique-francaise"},"share_on_mastodon":{"url":"https:\/\/pubeurope.com\/@fr\/115663802451563983","error":""},"_links":{"self":[{"href":"https:\/\/www.europesays.com\/fr\/wp-json\/wp\/v2\/posts\/578550","targetHints":{"allow":["GET"]}}],"collection":[{"href":"https:\/\/www.europesays.com\/fr\/wp-json\/wp\/v2\/posts"}],"about":[{"href":"https:\/\/www.europesays.com\/fr\/wp-json\/wp\/v2\/types\/post"}],"author":[{"embeddable":true,"href":"https:\/\/www.europesays.com\/fr\/wp-json\/wp\/v2\/users\/2"}],"replies":[{"embeddable":true,"href":"https:\/\/www.europesays.com\/fr\/wp-json\/wp\/v2\/comments?post=578550"}],"version-history":[{"count":0,"href":"https:\/\/www.europesays.com\/fr\/wp-json\/wp\/v2\/posts\/578550\/revisions"}],"wp:featuredmedia":[{"embeddable":true,"href":"https:\/\/www.europesays.com\/fr\/wp-json\/wp\/v2\/media\/578551"}],"wp:attachment":[{"href":"https:\/\/www.europesays.com\/fr\/wp-json\/wp\/v2\/media?parent=578550"}],"wp:term":[{"taxonomy":"category","embeddable":true,"href":"https:\/\/www.europesays.com\/fr\/wp-json\/wp\/v2\/categories?post=578550"},{"taxonomy":"post_tag","embeddable":true,"href":"https:\/\/www.europesays.com\/fr\/wp-json\/wp\/v2\/tags?post=578550"}],"curies":[{"name":"wp","href":"https:\/\/api.w.org\/{rel}","templated":true}]}}