{"id":578553,"date":"2025-12-04T23:06:17","date_gmt":"2025-12-04T23:06:17","guid":{"rendered":"https:\/\/www.europesays.com\/fr\/578553\/"},"modified":"2025-12-04T23:06:17","modified_gmt":"2025-12-04T23:06:17","slug":"derriere-le-crepi-limmeuble-est-a-pans-de-bois","status":"publish","type":"post","link":"https:\/\/www.europesays.com\/fr\/578553\/","title":{"rendered":"derri\u00e8re le cr\u00e9pi, l\u2019immeuble est&#8230; \u00e0 pans de bois"},"content":{"rendered":"<p>Samedi 29\u00a0novembre, le drame a \u00e9t\u00e9 \u00e9vit\u00e9 de justesse. <a href=\"https:\/\/www.dna.fr\/faits-divers-justice\/2025\/11\/29\/la-facade-d-un-immeuble-commence-a-s-effondrer-les-pompiers-interviennent\" target=\"_blank\" rel=\"noopener\">L\u2019effondrement d\u2019un pan de fa\u00e7ade<\/a> de l\u2019immeuble situ\u00e9 au 11, route du G\u00e9n\u00e9ral-de-Gaulle n\u2019a pas caus\u00e9 de bless\u00e9s.<\/p>\n<p>Le premier adjoint Patrick Maciejewski vient de recevoir le rapport de l\u2019expert diligent\u00e9 par le tribunal \u00e0 la suite de l\u2019arr\u00eat\u00e9 de p\u00e9ril imminent pris dimanche par la maire <a href=\"https:\/\/www.dna.fr\/p\/danielle-dambach\" target=\"_blank\" rel=\"noopener\">Danielle Dambach<\/a>. Il est tomb\u00e9 des nues.<\/p>\n<p>Il y a un mois, constatant que la fa\u00e7ade de l\u2019immeuble \u00e9tait bomb\u00e9e, l\u2019\u00e9lu schilikois avait pris un arr\u00eat\u00e9 de p\u00e9ril. Mais il ne se doutait pas de la fragilit\u00e9 de l\u2019\u00e9difice\u00a0: \u00ab\u00a0Je d\u00e9couvre \u00e0 la lecture du rapport qu\u2019il s\u2019agit d\u2019un b\u00e2timent \u00e0 pans de bois qui a \u00e9t\u00e9 compl\u00e8tement recouvert d\u2019un cr\u00e9pi entoil\u00e9, chose qu\u2019il ne faut jamais faire, sinon la structure bois pourrit\u00a0\u00bb.<\/p>\n<p>\u00ab\u00a0On ne savait pas que c\u2019\u00e9tait une maison \u00e0 pans de bois camoufl\u00e9e comme si c\u2019\u00e9tait un immeuble en briques. Les briques servaient juste \u00e0 remplir l\u2019espace entre les pans de bois\u00a0\u00bb, pr\u00e9cise le premier adjoint. \u00ab\u00a0Ce que l\u2019on voit \u00e0 l\u2019arri\u00e8re, ce sont juste des plaques de pl\u00e2tre. \u00bb<\/p>\n<p>  Des \u00e9chafaudages en attendant de conna\u00eetre l\u2019avenir du b\u00e2timent<\/p>\n<p>Quelles seront les suites\u00a0? Impossible de savoir \u00e0 ce jour s\u2019il faudra d\u00e9molir l\u2019immeuble. L\u2019expert recommande des mesures imm\u00e9diates de stabilisation de la fa\u00e7ade. Pour permettre aux locataires de r\u00e9cup\u00e9rer leurs affaires, \u00ab\u00a0il va falloir mettre le long de la fa\u00e7ade des \u00e9chafaudages qui passent sous le plancher\u00a0\u00bb, r\u00e9v\u00e8le le premier adjoint.<\/p>\n<p>Concernant le premier arr\u00eat\u00e9 pris il y a un mois, Patrick Maciejewski d\u00e9plore que \u00ab\u00a0le syndic de copropri\u00e9t\u00e9\u00a0\u00bb n\u2019ait pas \u00ab\u00a0transmis l\u2019arr\u00eat\u00e9 aux copropri\u00e9taires\u00a0\u00bb. <a href=\"https:\/\/www.dna.fr\/societe\/2023\/01\/10\/un-accompagnement-adapte-pour-les-familles-ukrainiennes\" target=\"_blank\" rel=\"noopener\">L\u2019Arsea<\/a> (*), qui louait une partie de l\u2019immeuble pour h\u00e9berger des mineurs prot\u00e9g\u00e9s, n\u2019avait pas \u00e9t\u00e9 avertie, r\u00e9v\u00e8le son directeur g\u00e9n\u00e9ral Ren\u00e9 Bandol. Les cinq jeunes ont depuis \u00e9t\u00e9 relog\u00e9s par l\u2019Arsea.<\/p>\n<p>Par mesure de pr\u00e9caution, l\u2019association a \u00e9galement fait d\u00e9m\u00e9nager six jeunes qui habitaient dans l\u2019immeuble contigu, au n\u00b0\u00a09. Concernant ce dernier b\u00e2timent, la maire de Schiltigheim\u00a0Danielle Dambach pr\u00e9cise n\u00e9anmoins que \u00ab\u00a0les gens ne sont pas en danger\u00a0\u00bb et qu&rsquo;il \u00ab\u00a0n&rsquo;est pas pr\u00e9vu de l&rsquo;\u00e9vacuer\u00a0\u00bb.<\/p>\n<p><a href=\"https:\/\/www.dna.fr\/transport\/2025\/12\/01\/la-route-du-general-de-gaulle-a-nouveau-fermee-a-la-circulation\" target=\"_blank\" rel=\"noopener\">Depuis dimanche, l\u2019entr\u00e9e sud de la route du G\u00e9n\u00e9ral-de-Gaulle est bloqu\u00e9e \u00e0 toute circulation<\/a> jusqu\u2019au carrefour avec la rue H\u00e9l\u00e8ne Schweitzer. Seuls les riverains sont autoris\u00e9s \u00e0 franchir, \u00e0 pied, les barri\u00e8res. La circulation des bus est d\u00e9vi\u00e9e par la route de Bischwiller. Cette interdiction est insuffisamment respect\u00e9e. \u00ab\u00a0Les gens font le forcing. Si l\u2019immeuble s\u2019\u00e9croulait au moment o\u00f9 ils passent, je m\u2019en voudrais\u00a0\u00bb, explique la maire Danielle Dambach.<\/p>\n<p>  Deux barri\u00e9rages demand\u00e9s<\/p>\n<p>L\u2019expert mandat\u00e9 par le tribunal a demand\u00e9 deux nouveaux barri\u00e9rages, qui ont \u00e9t\u00e9 pos\u00e9s ce jeudi 4 d\u00e9cembre. Ils sont pr\u00e9vus pour rendre \u00ab l\u2019approche impossible pour les v\u00e9los, trottinettes et autres, seuls les pi\u00e9tons riverains pouvant avoir acc\u00e8s \u00bb, et sont visibles de nuit.<\/p>\n<p class=\"note\">* Arsea : Association r\u00e9gionale sp\u00e9cialis\u00e9e d\u2019action sociale, d\u2019\u00e9ducation et d\u2019animation.<\/p>\n","protected":false},"excerpt":{"rendered":"Samedi 29\u00a0novembre, le drame a \u00e9t\u00e9 \u00e9vit\u00e9 de justesse. L\u2019effondrement d\u2019un pan de fa\u00e7ade de l\u2019immeuble situ\u00e9 au&hellip;\n","protected":false},"author":2,"featured_media":578554,"comment_status":"","ping_status":"","sticky":false,"template":"","format":"standard","meta":{"footnotes":""},"categories":[2820],"tags":[1111,11,4749,2880,1777,674,274,107,1011,27,775,12,25,5512,640,3265],"class_list":{"0":"post-578553","1":"post","2":"type-post","3":"status-publish","4":"format-standard","5":"has-post-thumbnail","7":"category-strasbourg","8":"tag-actu","9":"tag-actualites","10":"tag-btp-et-chantiers","11":"tag-edition-strasbourg","12":"tag-eu","13":"tag-europe","14":"tag-faits-divers-justice","15":"tag-fil-info","16":"tag-fr","17":"tag-france","18":"tag-grand-est","19":"tag-news","20":"tag-republique-francaise","21":"tag-schiltigheim","22":"tag-strasbourg","23":"tag-strasbourg-nord"},"share_on_mastodon":{"url":"https:\/\/pubeurope.com\/@fr\/115663810407816547","error":""},"_links":{"self":[{"href":"https:\/\/www.europesays.com\/fr\/wp-json\/wp\/v2\/posts\/578553","targetHints":{"allow":["GET"]}}],"collection":[{"href":"https:\/\/www.europesays.com\/fr\/wp-json\/wp\/v2\/posts"}],"about":[{"href":"https:\/\/www.europesays.com\/fr\/wp-json\/wp\/v2\/types\/post"}],"author":[{"embeddable":true,"href":"https:\/\/www.europesays.com\/fr\/wp-json\/wp\/v2\/users\/2"}],"replies":[{"embeddable":true,"href":"https:\/\/www.europesays.com\/fr\/wp-json\/wp\/v2\/comments?post=578553"}],"version-history":[{"count":0,"href":"https:\/\/www.europesays.com\/fr\/wp-json\/wp\/v2\/posts\/578553\/revisions"}],"wp:featuredmedia":[{"embeddable":true,"href":"https:\/\/www.europesays.com\/fr\/wp-json\/wp\/v2\/media\/578554"}],"wp:attachment":[{"href":"https:\/\/www.europesays.com\/fr\/wp-json\/wp\/v2\/media?parent=578553"}],"wp:term":[{"taxonomy":"category","embeddable":true,"href":"https:\/\/www.europesays.com\/fr\/wp-json\/wp\/v2\/categories?post=578553"},{"taxonomy":"post_tag","embeddable":true,"href":"https:\/\/www.europesays.com\/fr\/wp-json\/wp\/v2\/tags?post=578553"}],"curies":[{"name":"wp","href":"https:\/\/api.w.org\/{rel}","templated":true}]}}