{"id":578555,"date":"2025-12-04T23:07:23","date_gmt":"2025-12-04T23:07:23","guid":{"rendered":"https:\/\/www.europesays.com\/fr\/578555\/"},"modified":"2025-12-04T23:07:23","modified_gmt":"2025-12-04T23:07:23","slug":"strasbourg-le-nouveau-bowling-de-lorangerie-ouvre-ce-vendredi","status":"publish","type":"post","link":"https:\/\/www.europesays.com\/fr\/578555\/","title":{"rendered":"Strasbourg. Le nouveau bowling de l\u2019Orangerie ouvre ce vendredi"},"content":{"rendered":"<p>On n\u2019y avait plus vu tomber aucune quille depuis d\u00e9cembre\u00a02022. D\u00e9moli en octobre\u00a02024 pour \u00eatre reconstruit au go\u00fbt du jour en un temps record <a href=\"https:\/\/www.dna.fr\/economie\/2025\/05\/26\/a-l-orangerie-un-nouveau-bowling-decarbone-pousse-entre-les-arbres\" target=\"_blank\" rel=\"noopener\">\u2013 \u00e0 peine huit mois se sont \u00e9coul\u00e9s entre le premier pan de b\u00e9ton d\u00e9carbon\u00e9<\/a> et le passage de la commission de s\u00e9curit\u00e9 \u2013, le nouveau bowling du parc de l\u2019Orangerie, \u00e0 Strasbourg, ouvre ses portes ce vendredi 5\u00a0d\u00e9cembre \u00e0 14\u00a0h.<\/p>\n<p><a href=\"https:\/\/www.dna.fr\/economie\/2025\/11\/17\/nouveau-bowling-de-l-orangerie-l-ouverture-ce-sera-le-5-decembre\" target=\"_blank\" rel=\"noopener\">Avec ses 32 pistes, ses \u00e9crans LED, sa salle de fl\u00e9chettes et \u2013 d\u2019ici quelques jours \u2013 son restaurant attenant de 180 couverts donnant sur le parc<\/a>, ce beau b\u00e9b\u00e9 aura co\u00fbt\u00e9 13\u00a0millions d\u2019euros. G\u00e9r\u00e9 par la soci\u00e9t\u00e9 Rimea, qui a sign\u00e9 un bail emphyt\u00e9otique avec la Ville, adapt\u00e9 \u00e0 l\u2019accueil de comp\u00e9titions internationales, il a \u00e9t\u00e9 inaugur\u00e9 ce jeudi soir par une maire qui a fr\u00f4l\u00e9 le strike (d\u2019une quille).<\/p>\n<p>L\u2019occasion pour son concepteur, Richard Meyer, et l\u2019ensemble des intervenants, architectes (le cabinet Wolfrom et Schmitt) compris, de saluer \u00ab\u00a0la prouesse\u00a0\u00bb, voire \u00ab\u00a0l\u2019exploit\u00a0\u00bb, des 150 ouvriers qui se sont affair\u00e9s sur ce chantier hors norme. No\u00ebl avant l\u2019heure, en somme, avec \u00e0 la cl\u00e9, un cadeau tr\u00e8s attendu pour un parc qui le vaut bien\u00a0!<\/p>\n","protected":false},"excerpt":{"rendered":"On n\u2019y avait plus vu tomber aucune quille depuis d\u00e9cembre\u00a02022. D\u00e9moli en octobre\u00a02024 pour \u00eatre reconstruit au go\u00fbt&hellip;\n","protected":false},"author":2,"featured_media":578556,"comment_status":"","ping_status":"","sticky":false,"template":"","format":"standard","meta":{"footnotes":""},"categories":[2820],"tags":[1111,11,2389,6621,4749,4406,33,2880,1777,674,107,1011,27,775,12,25,517,640,2879],"class_list":{"0":"post-578555","1":"post","2":"type-post","3":"status-publish","4":"format-standard","5":"has-post-thumbnail","7":"category-strasbourg","8":"tag-actu","9":"tag-actualites","10":"tag-alsace","11":"tag-boules","12":"tag-btp-et-chantiers","13":"tag-commerce-et-services","14":"tag-economie","15":"tag-edition-strasbourg","16":"tag-eu","17":"tag-europe","18":"tag-fil-info","19":"tag-fr","20":"tag-france","21":"tag-grand-est","22":"tag-news","23":"tag-republique-francaise","24":"tag-sport","25":"tag-strasbourg","26":"tag-strasbourg-ville"},"share_on_mastodon":{"url":"https:\/\/pubeurope.com\/@fr\/115663814367361173","error":""},"_links":{"self":[{"href":"https:\/\/www.europesays.com\/fr\/wp-json\/wp\/v2\/posts\/578555","targetHints":{"allow":["GET"]}}],"collection":[{"href":"https:\/\/www.europesays.com\/fr\/wp-json\/wp\/v2\/posts"}],"about":[{"href":"https:\/\/www.europesays.com\/fr\/wp-json\/wp\/v2\/types\/post"}],"author":[{"embeddable":true,"href":"https:\/\/www.europesays.com\/fr\/wp-json\/wp\/v2\/users\/2"}],"replies":[{"embeddable":true,"href":"https:\/\/www.europesays.com\/fr\/wp-json\/wp\/v2\/comments?post=578555"}],"version-history":[{"count":0,"href":"https:\/\/www.europesays.com\/fr\/wp-json\/wp\/v2\/posts\/578555\/revisions"}],"wp:featuredmedia":[{"embeddable":true,"href":"https:\/\/www.europesays.com\/fr\/wp-json\/wp\/v2\/media\/578556"}],"wp:attachment":[{"href":"https:\/\/www.europesays.com\/fr\/wp-json\/wp\/v2\/media?parent=578555"}],"wp:term":[{"taxonomy":"category","embeddable":true,"href":"https:\/\/www.europesays.com\/fr\/wp-json\/wp\/v2\/categories?post=578555"},{"taxonomy":"post_tag","embeddable":true,"href":"https:\/\/www.europesays.com\/fr\/wp-json\/wp\/v2\/tags?post=578555"}],"curies":[{"name":"wp","href":"https:\/\/api.w.org\/{rel}","templated":true}]}}