{"id":578557,"date":"2025-12-04T23:08:19","date_gmt":"2025-12-04T23:08:19","guid":{"rendered":"https:\/\/www.europesays.com\/fr\/578557\/"},"modified":"2025-12-04T23:08:19","modified_gmt":"2025-12-04T23:08:19","slug":"incidents-apres-lorient-nice-le-prefet-soutient-les-policiers-nationaux","status":"publish","type":"post","link":"https:\/\/www.europesays.com\/fr\/578557\/","title":{"rendered":"Incidents apr\u00e8s Lorient-Nice : Le pr\u00e9fet soutient les policiers nationaux (\u2026)"},"content":{"rendered":"<p>                    <img loading=\"lazy\" decoding=\"async\" src=\"https:\/\/www.europesays.com\/fr\/wp-content\/uploads\/2025\/12\/8bd743caa4c03f4650da8b804fc331.jpg\" class=\"img-responsive post-image\" width=\"680\" height=\"510\" alt=\"Incidents apr\u00e8s Lorient-N\" title=\"Incidents apr\u00e8s Lorient-Nice : Le pr\u00e9fet soutient les policiers nationaux sur place\"\/><\/p>\n<p class=\"chapo\">Les communiqu\u00e9s de presse s\u2019encha\u00eenent depuis les incidents qui ont \u00e9clat\u00e9 lors du retour des joueurs de l\u2019OGC Nice au centre d\u2019entra\u00eenement apr\u00e8s leur d\u00e9placement \u00e0 Lorient, le dimanche 30 novembre.<\/p>\n<p class=\"texte\">Apr\u00e8s ceux du club, de la Ligue de football professionnel, du syndicat des joueurs et <a href=\"https:\/\/www.petitesaffiches.fr\/sport,015\/plusieurs-joueurs-et-dirigeants-de,39138.html\" target=\"_blank\" rel=\"noopener\">des joueurs de l\u2019OGCN eux-m\u00eames<\/a>, c\u2019est au tour du pr\u00e9fet des Alpes-Maritimes de condamner ce jeudi \u00ab\u00a0tr\u00e8s fermement toute forme de violence\u00a0\u00bb et en m\u00eame temps d\u2019apporter \u00ab\u00a0son plein soutien aux effectifs de la police nationale, injustement mis en cause\u00a0\u00a0\u00bb. <strong>Laurent Hottiaux <\/strong> rel\u00e8ve \u00ab\u00a0\u00a0qu\u2019un dispositif de s\u00e9curit\u00e9 adapt\u00e9 a \u00e9t\u00e9 mis en place dimanche soir d\u00e8s lors qu\u2019il a \u00e9t\u00e9 port\u00e9 \u00e0 sa connaissance un risque de trouble \u00e0 l\u2019arriv\u00e9e du bus de l\u2019OGC Nice\u00a0\u00bb. Le pr\u00e9fet pr\u00e9cise qu\u2019un \u00ab\u00a0dispositif de la police nationale \u00e9tait pr\u00e9sent sur place, est intervenu rapidement et est rest\u00e9 en permanence en relation avec les dirigeants du club\u00a0\u00bb. Il assure qu\u2019en vue \u00ab\u00a0\u00a0du prochain match de l\u2019OGC Nice qui accueille le club d\u2019Angers ce dimanche 7 d\u00e9cembre \u00e0 Nice, le dispositif de s\u00e9curit\u00e9 prendra \u00e9galement en compte les risques particuliers de troubles entre supporters et membres du club de l\u2019OGC\u00a0Nice \u00a0\u00bb.<\/p>\n<p>Mercredi soir, dans un communiqu\u00e9 diffus\u00e9 sur le site du club, les joueurs ont d\u00e9plor\u00e9 \u00ab\u00a0avec la plus grande fermet\u00e9 les d\u00e9faillances constat\u00e9es dans l\u2019organisation et la gestion du dispositif de s\u00e9curit\u00e9. Compte tenu du contexte, du nombre de supporters pr\u00e9sents (entre 200 et 400, NDLR) et de leur virulence manifeste, les mesures mises en place \u00e9taient largement insuffisantes pour garantir la s\u00e9curit\u00e9 des joueurs, du staff et de l\u2019ensemble des acteurs de la rencontre\u00a0\u00bb. Toujours selon le communiqu\u00e9 des joueurs, le directeur sportif <strong>Florian Maurice<\/strong> et les joueurs <strong>Terem Moffi, J\u00e9r\u00e9mie Boga<\/strong> et <strong>Jonathan Clauss<\/strong> \u00ab\u00a0ont notamment \u00e9t\u00e9 pris \u00e0 partie dans des conditions inacceptables\u00a0\u00bb. <a href=\"https:\/\/www.petitesaffiches.fr\/actualites,069\/droit,044\/incidents-apres-lorient-nice,39106.html\" target=\"_blank\" rel=\"noopener\">Terem Moffi et J\u00e9r\u00e9mie Boga ont port\u00e9 plainte.<\/a><\/p>\n","protected":false},"excerpt":{"rendered":"Les communiqu\u00e9s de presse s\u2019encha\u00eenent depuis les incidents qui ont \u00e9clat\u00e9 lors du retour des joueurs de l\u2019OGC&hellip;\n","protected":false},"author":2,"featured_media":578558,"comment_status":"","ping_status":"","sticky":false,"template":"","format":"standard","meta":{"footnotes":""},"categories":[2819],"tags":[1111,11,2408,1777,674,1011,27,12,2401,882,25],"class_list":{"0":"post-578557","1":"post","2":"type-post","3":"status-publish","4":"format-standard","5":"has-post-thumbnail","7":"category-nice","8":"tag-actu","9":"tag-actualites","10":"tag-appels-d","11":"tag-eu","12":"tag-europe","13":"tag-fr","14":"tag-france","15":"tag-news","16":"tag-nice","17":"tag-provence-alpes-cote-dazur","18":"tag-republique-francaise"},"share_on_mastodon":{"url":"https:\/\/pubeurope.com\/@fr\/115663819128656184","error":""},"_links":{"self":[{"href":"https:\/\/www.europesays.com\/fr\/wp-json\/wp\/v2\/posts\/578557","targetHints":{"allow":["GET"]}}],"collection":[{"href":"https:\/\/www.europesays.com\/fr\/wp-json\/wp\/v2\/posts"}],"about":[{"href":"https:\/\/www.europesays.com\/fr\/wp-json\/wp\/v2\/types\/post"}],"author":[{"embeddable":true,"href":"https:\/\/www.europesays.com\/fr\/wp-json\/wp\/v2\/users\/2"}],"replies":[{"embeddable":true,"href":"https:\/\/www.europesays.com\/fr\/wp-json\/wp\/v2\/comments?post=578557"}],"version-history":[{"count":0,"href":"https:\/\/www.europesays.com\/fr\/wp-json\/wp\/v2\/posts\/578557\/revisions"}],"wp:featuredmedia":[{"embeddable":true,"href":"https:\/\/www.europesays.com\/fr\/wp-json\/wp\/v2\/media\/578558"}],"wp:attachment":[{"href":"https:\/\/www.europesays.com\/fr\/wp-json\/wp\/v2\/media?parent=578557"}],"wp:term":[{"taxonomy":"category","embeddable":true,"href":"https:\/\/www.europesays.com\/fr\/wp-json\/wp\/v2\/categories?post=578557"},{"taxonomy":"post_tag","embeddable":true,"href":"https:\/\/www.europesays.com\/fr\/wp-json\/wp\/v2\/tags?post=578557"}],"curies":[{"name":"wp","href":"https:\/\/api.w.org\/{rel}","templated":true}]}}