{"id":578572,"date":"2025-12-04T23:18:22","date_gmt":"2025-12-04T23:18:22","guid":{"rendered":"https:\/\/www.europesays.com\/fr\/578572\/"},"modified":"2025-12-04T23:18:22","modified_gmt":"2025-12-04T23:18:22","slug":"ce-samedi-le-slay-club-lille-vous-invite-a-sa-nouvelle-soiree-drag-la-cocorico-04-12-2025","status":"publish","type":"post","link":"https:\/\/www.europesays.com\/fr\/578572\/","title":{"rendered":"Ce samedi, le Slay Club Lille vous invite \u00e0 sa nouvelle soir\u00e9e drag La Cocorico &#8211; 04\/12\/2025"},"content":{"rendered":"<p>Avec La Cocorico, la bo\u00eete de nuit LBGT+ de Lille veut proposer un nouveau rendez-vous r\u00e9gulier avec des shows de candidates de Drag Race France ou Belgique et de drags locales. On vous file les noms de la deuxi\u00e8me \u00e9dition qui a lieu ce samedi 6 d\u00e9cembre.<\/p>\n<p>\u00ab\u00a0Les drags, \u00e7a slay.\u00a0\u00bb Quatre mots suffisent pour comprendre pourquoi Thierry, le co-g\u00e9rant du Slay Club dans le Vieux-Lille, a d\u00e9cid\u00e9 de lancer une nouvelle soir\u00e9e drag r\u00e9guli\u00e8re, qui a fait sa premi\u00e8re \u00e9dition le 31 octobre et qui revient pour un \u00e9pisode 2 ce samedi 6 d\u00e9cembre.\u00a0<\/p>\n<p>\u00ab\u00a0Une nuit c&rsquo;est long et on ne peut pas demander \u00e0 une seule drag d&rsquo;animer et de faire des shows tout du long, explique plus en d\u00e9tail le co-g\u00e9rant du club LGBT+ qui a ouvert en <a target=\"_blank\" href=\"https:\/\/www.vozer.fr\/2025\/03\/19\/dans-le-vieux-lille-le-slay-club-ouvre-officiellement-ses-portes-ce-jeudi-20-mars\/\" rel=\"noopener\">mars 2025<\/a>. Alors on a d\u00e9cid\u00e9 d&rsquo;organiser une soir\u00e9e avec plusieurs drags.\u00a0\u00bb<\/p>\n<p>Et pas n&rsquo;importe lesquelles. Tous les mois ou tous les deux mois (selon les tarifs des drags) de nouvelles invit\u00e9es viennent faire leur show et vous donner envie de danser all night long. Et \u00e0 chaque fois, on part sur un combo drag lilloise et candidate de l&rsquo;\u00e9mission Drag Race France ou Belgique. \u00ab\u00a0La seule drag qui ne change pas, c&rsquo;est Miss Coco Kennedy qui sera l&rsquo;host \u00e0 chaque fois.\u00a0\u00bb<\/p>\n<p>      <a data-fslightbox=\"lightbox-74342\" data-caption=\"On vous pr&#xE9;sente Miss Coco Kennedy. &#xA9;Miss Coco Kennedy\" href=\"https:\/\/vozer.s3.eu-west-3.amazonaws.com\/production\/1764673945\/lwgf78mhfzqkl9t966yt47lvqn2w\/1000132382.jpg\" target=\"_blank\" rel=\"noopener\"><br \/>\n        <img decoding=\"async\" class=\"mw-100 lazy\" alt=\"On vous pr&#xE9;sente Miss Coco Kennedy. &#xA9;Miss Coco Kennedy\" lazy=\"true\" src=\"https:\/\/www.europesays.com\/fr\/wp-content\/uploads\/2025\/12\/1000132382.webp.webp\"\/><br \/>\n      <\/a><br \/>\n        On vous pr\u00e9sente Miss Coco Kennedy. \u00a9Miss Coco Kennedy<\/p>\n<p>  Les invit\u00e9es du 6 d\u00e9cembre<\/p>\n<p>Pour la deuxi\u00e8me \u00e9dition de \u00ab\u00a0La Cocorico\u00a0\u00bb,\u00a0<a target=\"_blank\" href=\"https:\/\/www.instagram.com\/miss_coco_kennedy\/\" rel=\"noopener\">Miss Coco Kennedy<\/a>\u00a0accueillera\u00a0<a target=\"_blank\" href=\"https:\/\/www.instagram.com\/karmiiia\/\" rel=\"noopener\">Karmia<\/a>, que vous connaissez pour ses soir\u00e9es Khaos au Slalom et *roulements de tambours*\u00a0<a target=\"_blank\" href=\"https:\/\/www.instagram.com\/vespi__\/\" rel=\"noopener\">Vespi<\/a>, candidate de la saison 2 fran\u00e7aise, \u00e9limin\u00e9e au deuxi\u00e8me tour. \u00ab\u00a0Chacune fera son show et il y aura un final avec les trois drags.\u00a0\u00bb<\/p>\n<p>Du c\u00f4t\u00e9 des platines, on retrouvera DJ Spades qui vous fera danser sur de la musique pop et \u00ab\u00a0des sons qu&rsquo;on n&rsquo;entend pas partout.\u00a0\u00bb<\/p>\n<p>Si la soir\u00e9e vous int\u00e9resse, voici les tarifs : 12,99\u20ac si vous arrivez avant 1h du matin et 15,99\u20ac si vous voulez venir \u00e0 n&rsquo;importe quel moment. On vous file le lien de la billetterie dans les infos pratiques.\u00a0<\/p>\n<p>    <script async src=\"\/\/www.instagram.com\/embed.js\"><\/script><\/p>\n","protected":false},"excerpt":{"rendered":"Avec La Cocorico, la bo\u00eete de nuit LBGT+ de Lille veut proposer un nouveau rendez-vous r\u00e9gulier avec des&hellip;\n","protected":false},"author":2,"featured_media":578573,"comment_status":"","ping_status":"","sticky":false,"template":"","format":"standard","meta":{"footnotes":""},"categories":[2815],"tags":[1111,11,1777,674,1011,27,811,1307,12,25],"class_list":{"0":"post-578572","1":"post","2":"type-post","3":"status-publish","4":"format-standard","5":"has-post-thumbnail","7":"category-lille","8":"tag-actu","9":"tag-actualites","10":"tag-eu","11":"tag-europe","12":"tag-fr","13":"tag-france","14":"tag-hauts-de-france","15":"tag-lille","16":"tag-news","17":"tag-republique-francaise"},"share_on_mastodon":{"url":"https:\/\/pubeurope.com\/@fr\/115663857741461476","error":""},"_links":{"self":[{"href":"https:\/\/www.europesays.com\/fr\/wp-json\/wp\/v2\/posts\/578572","targetHints":{"allow":["GET"]}}],"collection":[{"href":"https:\/\/www.europesays.com\/fr\/wp-json\/wp\/v2\/posts"}],"about":[{"href":"https:\/\/www.europesays.com\/fr\/wp-json\/wp\/v2\/types\/post"}],"author":[{"embeddable":true,"href":"https:\/\/www.europesays.com\/fr\/wp-json\/wp\/v2\/users\/2"}],"replies":[{"embeddable":true,"href":"https:\/\/www.europesays.com\/fr\/wp-json\/wp\/v2\/comments?post=578572"}],"version-history":[{"count":0,"href":"https:\/\/www.europesays.com\/fr\/wp-json\/wp\/v2\/posts\/578572\/revisions"}],"wp:featuredmedia":[{"embeddable":true,"href":"https:\/\/www.europesays.com\/fr\/wp-json\/wp\/v2\/media\/578573"}],"wp:attachment":[{"href":"https:\/\/www.europesays.com\/fr\/wp-json\/wp\/v2\/media?parent=578572"}],"wp:term":[{"taxonomy":"category","embeddable":true,"href":"https:\/\/www.europesays.com\/fr\/wp-json\/wp\/v2\/categories?post=578572"},{"taxonomy":"post_tag","embeddable":true,"href":"https:\/\/www.europesays.com\/fr\/wp-json\/wp\/v2\/tags?post=578572"}],"curies":[{"name":"wp","href":"https:\/\/api.w.org\/{rel}","templated":true}]}}