{"id":578576,"date":"2025-12-04T23:20:13","date_gmt":"2025-12-04T23:20:13","guid":{"rendered":"https:\/\/www.europesays.com\/fr\/578576\/"},"modified":"2025-12-04T23:20:13","modified_gmt":"2025-12-04T23:20:13","slug":"le-mact-veut-inciter-les-marseillais-a-donner-pour-le-telethon","status":"publish","type":"post","link":"https:\/\/www.europesays.com\/fr\/578576\/","title":{"rendered":"le MACT veut inciter les Marseillais \u00e0 donner pour le T\u00e9l\u00e9thon"},"content":{"rendered":"<p>Un moment de d\u00e9tente et une bonne action. <a href=\"https:\/\/www.laprovence.com\/actu\/en-direct\/4654480\/breve-regate-a-marseille.html\" target=\"_blank\" rel=\"noopener\">La soci\u00e9t\u00e9 nautique du MACT<\/a> (Marseille, accueil, culture et traditions) se mobilise pour le T\u00e9l\u00e9thon et propose, comme l&rsquo;an dernier, une op\u00e9ration \u00ab\u00a0Embarquement imm\u00e9diat\u00a0\u00bb.<\/p>\n<p><a href=\"https:\/\/www.laprovence.com\/article\/sante\/1766850442076614\/telethon-2025-la-provence-en-immersion-au-genethon-ce-laboratoire-de-tous-les-espoirs-implante-en-banlieue-parisienne\" target=\"_blank\" rel=\"noopener\">Pour tout don de 10\u20ac minimum<\/a>, il sera possible d&#8217;embarquer pour une visite guid\u00e9e du Vieux-Port \u00e0 bord de petits bateaux. En barquette ou en zodiaque, c&rsquo;est l&rsquo;occasion de voir la rade du centre-ville marseillais sous un autre angle.<\/p>\n<p>Une vente de peluches et de gaufres sera organis\u00e9e en marge de cet \u00e9v\u00e9nement similaire \u00e0 <a href=\"https:\/\/www.laprovence.com\/article\/region\/3964669606667814\/embarquez-pour-la-fete-de-la-barquette-sur-le-vieux-port-de-marseille\" target=\"_blank\" rel=\"noopener\">la F\u00eate de la Barquette de septembre dernier<\/a>, et tous les b\u00e9n\u00e9fices seront revers\u00e9s au T\u00e9l\u00e9thon.<\/p>\n<p>L&rsquo;op\u00e9ration se d\u00e9roule ce vendredi 5 d\u00e9cembre 2025, de 14h \u00e0 18h, et ce samedi 6 d\u00e9cembre de 10h \u00e0 18h. Rendez-vous est donn\u00e9 \u00e0 l&#8217;embarcad\u00e8re du MACT, en face du restaurant Au Doyen, au 176 quai du Port (2e arrondissement).<\/p>\n","protected":false},"excerpt":{"rendered":"Un moment de d\u00e9tente et une bonne action. La soci\u00e9t\u00e9 nautique du MACT (Marseille, accueil, culture et traditions)&hellip;\n","protected":false},"author":2,"featured_media":578577,"comment_status":"","ping_status":"","sticky":false,"template":"","format":"standard","meta":{"footnotes":""},"categories":[2814],"tags":[15157,17,1111,11,1777,674,1011,27,61823,69271,884,12,882,16,25,96,9870,1179,510],"class_list":{"0":"post-578576","1":"post","2":"type-post","3":"status-publish","4":"format-standard","5":"has-post-thumbnail","7":"category-marseille","8":"tag-inciter","9":"tag-17","10":"tag-actu","11":"tag-actualites","12":"tag-eu","13":"tag-europe","14":"tag-fr","15":"tag-france","16":"tag-guidee","17":"tag-mact","18":"tag-marseille","19":"tag-news","20":"tag-provence-alpes-cote-dazur","21":"tag-region","22":"tag-republique-francaise","23":"tag-une","24":"tag-veut","25":"tag-vieux-port","26":"tag-visite"},"share_on_mastodon":{"url":"https:\/\/pubeurope.com\/@fr\/115663865438722016","error":""},"_links":{"self":[{"href":"https:\/\/www.europesays.com\/fr\/wp-json\/wp\/v2\/posts\/578576","targetHints":{"allow":["GET"]}}],"collection":[{"href":"https:\/\/www.europesays.com\/fr\/wp-json\/wp\/v2\/posts"}],"about":[{"href":"https:\/\/www.europesays.com\/fr\/wp-json\/wp\/v2\/types\/post"}],"author":[{"embeddable":true,"href":"https:\/\/www.europesays.com\/fr\/wp-json\/wp\/v2\/users\/2"}],"replies":[{"embeddable":true,"href":"https:\/\/www.europesays.com\/fr\/wp-json\/wp\/v2\/comments?post=578576"}],"version-history":[{"count":0,"href":"https:\/\/www.europesays.com\/fr\/wp-json\/wp\/v2\/posts\/578576\/revisions"}],"wp:featuredmedia":[{"embeddable":true,"href":"https:\/\/www.europesays.com\/fr\/wp-json\/wp\/v2\/media\/578577"}],"wp:attachment":[{"href":"https:\/\/www.europesays.com\/fr\/wp-json\/wp\/v2\/media?parent=578576"}],"wp:term":[{"taxonomy":"category","embeddable":true,"href":"https:\/\/www.europesays.com\/fr\/wp-json\/wp\/v2\/categories?post=578576"},{"taxonomy":"post_tag","embeddable":true,"href":"https:\/\/www.europesays.com\/fr\/wp-json\/wp\/v2\/tags?post=578576"}],"curies":[{"name":"wp","href":"https:\/\/api.w.org\/{rel}","templated":true}]}}