{"id":578578,"date":"2025-12-04T23:21:33","date_gmt":"2025-12-04T23:21:33","guid":{"rendered":"https:\/\/www.europesays.com\/fr\/578578\/"},"modified":"2025-12-04T23:21:33","modified_gmt":"2025-12-04T23:21:33","slug":"decollages-twin-jet-va-ouvrir-la-ligne-biarritz-marseille","status":"publish","type":"post","link":"https:\/\/www.europesays.com\/fr\/578578\/","title":{"rendered":"D\u00c9COLLAGES \u2013 Twin Jet va ouvrir la ligne Biarritz-Marseille"},"content":{"rendered":"<p>Twin Jet inaugurera des vols trois fois par semaine tout au long de l\u2019ann\u00e9e, les lundis, mercredis et vendredis. Les billets sont d\u2019ores et d\u00e9j\u00e0 disponibles \u00e0 la vente sur le site de la compagnie.<br \/>\u00a0<br \/>Une tr\u00e8s bonne nouvelle\u00a0: les voyageurs pourront aller d\u2019une r\u00e9gion \u00e0 l\u2019autre en un peu plus d\u2019une heure trente.<br \/>\u00a0<br \/>D\u00e9part de Biarritz : lundi \u00e0 8h45 (arriv\u00e9e 10h20);\u00a0mercredi et vendredi \u00e0 14h (arriv\u00e9e 15h35)<br \/>D\u00e9part de Marseille : lundi \u00e0 6h40 (arriv\u00e9e 8h15);\u00a0mercredi et vendredi \u00e0 11h55 (arriv\u00e9e 13h30)\u2028<br \/>Les billets sont disponibles aupr\u00e8s de toutes les agences de voyages, sur le site Internet de la compagnie <a target=\"_blank\" rel=\"noopener noreferrer nofollow\" href=\"https:\/\/www.twinjet.fr\/\">www.twinjet.fr<\/a>, et en appelant la centrale de r\u00e9servation Twin Jet au 0892.707.737\u00a0\u00a0<br \/>\u00a0<br \/>L\u2019a\u00e9roport de Biarritz-Pays Basque propose d\u00e9sormais 25 liaisons directe, dont les derni\u00e8res annonc\u00e9es\u00a0: Marrakech (Transavia), Lyon (easyJet), Amsterdam (KLM), Bastia (Transavia) et Figari (Air France). Au total, 10 compagnies a\u00e9riennes assurent ces destinations\u00a0: KLM, Air France, easyJet, Ryanair, Luxair, Swiss, SAS, Lufthansa et Edelweiss.<\/p>\n","protected":false},"excerpt":{"rendered":"Twin Jet inaugurera des vols trois fois par semaine tout au long de l\u2019ann\u00e9e, les lundis, mercredis et&hellip;\n","protected":false},"author":2,"featured_media":578579,"comment_status":"","ping_status":"","sticky":false,"template":"","format":"standard","meta":{"footnotes":""},"categories":[2814],"tags":[1111,11,663,3463,1777,674,1011,27,884,12,9203,11480,882,25],"class_list":{"0":"post-578578","1":"post","2":"type-post","3":"status-publish","4":"format-standard","5":"has-post-thumbnail","7":"category-marseille","8":"tag-actu","9":"tag-actualites","10":"tag-aeroport","11":"tag-biarritz","12":"tag-eu","13":"tag-europe","14":"tag-fr","15":"tag-france","16":"tag-marseille","17":"tag-news","18":"tag-pays-basque","19":"tag-politiques","20":"tag-provence-alpes-cote-dazur","21":"tag-republique-francaise"},"share_on_mastodon":{"url":"https:\/\/pubeurope.com\/@fr\/115663869281343748","error":""},"_links":{"self":[{"href":"https:\/\/www.europesays.com\/fr\/wp-json\/wp\/v2\/posts\/578578","targetHints":{"allow":["GET"]}}],"collection":[{"href":"https:\/\/www.europesays.com\/fr\/wp-json\/wp\/v2\/posts"}],"about":[{"href":"https:\/\/www.europesays.com\/fr\/wp-json\/wp\/v2\/types\/post"}],"author":[{"embeddable":true,"href":"https:\/\/www.europesays.com\/fr\/wp-json\/wp\/v2\/users\/2"}],"replies":[{"embeddable":true,"href":"https:\/\/www.europesays.com\/fr\/wp-json\/wp\/v2\/comments?post=578578"}],"version-history":[{"count":0,"href":"https:\/\/www.europesays.com\/fr\/wp-json\/wp\/v2\/posts\/578578\/revisions"}],"wp:featuredmedia":[{"embeddable":true,"href":"https:\/\/www.europesays.com\/fr\/wp-json\/wp\/v2\/media\/578579"}],"wp:attachment":[{"href":"https:\/\/www.europesays.com\/fr\/wp-json\/wp\/v2\/media?parent=578578"}],"wp:term":[{"taxonomy":"category","embeddable":true,"href":"https:\/\/www.europesays.com\/fr\/wp-json\/wp\/v2\/categories?post=578578"},{"taxonomy":"post_tag","embeddable":true,"href":"https:\/\/www.europesays.com\/fr\/wp-json\/wp\/v2\/tags?post=578578"}],"curies":[{"name":"wp","href":"https:\/\/api.w.org\/{rel}","templated":true}]}}