{"id":578585,"date":"2025-12-04T23:27:16","date_gmt":"2025-12-04T23:27:16","guid":{"rendered":"https:\/\/www.europesays.com\/fr\/578585\/"},"modified":"2025-12-04T23:27:16","modified_gmt":"2025-12-04T23:27:16","slug":"les-influenceurs-contre-les-representants-au-sein-de-la-coalition-maga","status":"publish","type":"post","link":"https:\/\/www.europesays.com\/fr\/578585\/","title":{"rendered":"Les influenceurs contre les repr\u00e9sentants au sein de la coalition MAGA"},"content":{"rendered":"<p>                        Les influenceurs contre les repr\u00e9sentants au sein de la coalition MAGA<\/p>\n<p class=\"byline author vcard\">Par    <a href=\"https:\/\/aoc.media\/auteur\/albert-ogien\/\" title=\"Articles par Albert Ogien\" class=\"author url fn\" rel=\"author noopener\" target=\"_blank\">Albert Ogien<\/a><\/p>\n<p>Ces derni\u00e8res ann\u00e9es, les influenceurs \u2013 personnalit\u00e9s de r\u00e9seaux sociaux ou de podcasts \u2013 occupent une place importante dans la vie politique am\u00e9ricaine et dans la strat\u00e9gie du camp r\u00e9publicain. Cette appropriation politique des r\u00e9seaux sociaux par des acteurs sans formation partisane ou militante traduit-elle une r\u00e9ponse \u00e0 la crise de la repr\u00e9sentation d\u00e9mocratique ?<\/p>\n<p class=\"first-paragraph\">Qui suit au jour le jour les p\u00e9rip\u00e9ties de la vie politique am\u00e9ricaine remarque vite l\u2019importance qu\u2019une cat\u00e9gorie sp\u00e9ciale d\u2019animateurs de r\u00e9seaux sociaux ou de podcasts a prise dans le choix des orientations suivies par le camp r\u00e9publicain. Les noms qui reviennent le plus souvent dans cette actualit\u00e9 sont ceux de Charlie Kirk, Joe Rogan, Tucker Carlson, Steve Bannon, Ben Shapiro, Laura Loomer, Candace Owens ou Christopher F. Rufo. Toutes ces personnes ont d\u2019abord \u00e9t\u00e9 massivement financ\u00e9es par des milliardaires r\u00e9publicains, dont les largesses leur ont permis de se professionnaliser et de fid\u00e9liser, en une dizaine d\u2019ann\u00e9es, des centaines de milliers d\u2019abonn\u00e9s, parfois plusieurs millions.<\/p>\n<p><a href=\"https:\/\/eloquence.pantheonsorbonne.fr\/leloquence-paris-1-pantheon-sorbonne\/convaincre-et-emouvoir-podcast\" target=\"_blank\" rel=\"noopener\"><img fetchpriority=\"high\" decoding=\"async\" class=\"wp-image-280413 size-full\" src=\"https:\/\/www.europesays.com\/fr\/wp-content\/uploads\/2025\/12\/25-063-AOC-Encart.png\" alt=\"\" width=\"300\" height=\"250\"\/><\/a>publicit\u00e9<\/p>\n<p>Fortes de l\u2019audience qu\u2019elles se sont constitu\u00e9e, elles ont d\u00e9couvert que leurs propos repr\u00e9sentaient mieux les aspirations des sympathisants du Parti r\u00e9publicain que les discours de ses \u00e9lus et de ses caciques<a href=\"#_edn1\" name=\"_ednref1\">[1]<\/a>. Et un dernier entrant dans cette liste, Elon Musk, y a pris place en s\u2019offrant le r\u00e9seau des r\u00e9seaux (Twitter) pour le mettre au service de la victoire \u00e9lectorale de 2024.<\/p>\n<p>Trump a consacr\u00e9 la toute-puissance de ces influenceurs en appelant quelques-uns d\u2019entre eux \u00e0 si\u00e9ger au sein de son ex\u00e9cutif ou \u00e0 occuper des fonctions de direction dans la nouvelle administration, avec pour seul titre la c\u00e9l\u00e9brit\u00e9 qu\u2019ils ont acquise sur le net ou sur Fox News et leur ind\u00e9fectible loyaut\u00e9 \u00e0 celui qui les a adoub\u00e9s. Celles et ceux qui n\u2019ont pas eu cette fortune ne se g\u00eanent pas pour court-circuiter les canaux officiels et venir murmurer directement \u00e0 l\u2019oreille du pr\u00e9sident afin d\u2019emporter la signature d\u2019un d\u00e9cret ou d\u2019obtenir des limogeages de fonctionnaires accus\u00e9s d\u2019\u00eatre des taupes d\u00e9mocrates ou r\u00e9tifs \u00e0 la ligne MAGA (Make America Great Again).<\/p>\n<p>Le plus souvent, l\u2019activit\u00e9 politique qui se d\u00e9ploie sur les r\u00e9seaux sociaux est rapport\u00e9e aux effets de manipulation des opinions et de subornation des esprits que permettent les ruses des algorithmes, l\u2019enfermement dans des \u00ab\u00a0bull<\/p>\n<p class=\"author_name\">\n                <a href=\"https:\/\/aoc.media\/auteur\/albert-ogien\/\" target=\"_blank\" rel=\"noopener\">Albert Ogien<\/a>\n            <\/p>\n<p class=\"author_func\">\n                Sociologue, Directeur de recherche au CNRS \u2013 CEMS            <\/p>\n","protected":false},"excerpt":{"rendered":"Les influenceurs contre les repr\u00e9sentants au sein de la coalition MAGA Par Albert Ogien Ces derni\u00e8res ann\u00e9es, les&hellip;\n","protected":false},"author":2,"featured_media":578586,"comment_status":"","ping_status":"","sticky":false,"template":"","format":"standard","meta":{"footnotes":""},"categories":[1888],"tags":[1111,1928,11,1927,782,73,1777,674,1011,27,14,310,23795,12,1926,626,1925,25,938],"class_list":{"0":"post-578585","1":"post","2":"type-post","3":"status-publish","4":"format-standard","5":"has-post-thumbnail","7":"category-paris","8":"tag-actu","9":"tag-actu-paris","10":"tag-actualites","11":"tag-actualites-paris","12":"tag-ameriques","13":"tag-etats-unis","14":"tag-eu","15":"tag-europe","16":"tag-fr","17":"tag-france","18":"tag-international","19":"tag-internet","20":"tag-medias-et-numerique","21":"tag-news","22":"tag-news-paris","23":"tag-paris","24":"tag-paris-news","25":"tag-republique-francaise","26":"tag-reseaux-sociaux"},"share_on_mastodon":{"url":"https:\/\/pubeurope.com\/@fr\/115663892988055118","error":""},"_links":{"self":[{"href":"https:\/\/www.europesays.com\/fr\/wp-json\/wp\/v2\/posts\/578585","targetHints":{"allow":["GET"]}}],"collection":[{"href":"https:\/\/www.europesays.com\/fr\/wp-json\/wp\/v2\/posts"}],"about":[{"href":"https:\/\/www.europesays.com\/fr\/wp-json\/wp\/v2\/types\/post"}],"author":[{"embeddable":true,"href":"https:\/\/www.europesays.com\/fr\/wp-json\/wp\/v2\/users\/2"}],"replies":[{"embeddable":true,"href":"https:\/\/www.europesays.com\/fr\/wp-json\/wp\/v2\/comments?post=578585"}],"version-history":[{"count":0,"href":"https:\/\/www.europesays.com\/fr\/wp-json\/wp\/v2\/posts\/578585\/revisions"}],"wp:featuredmedia":[{"embeddable":true,"href":"https:\/\/www.europesays.com\/fr\/wp-json\/wp\/v2\/media\/578586"}],"wp:attachment":[{"href":"https:\/\/www.europesays.com\/fr\/wp-json\/wp\/v2\/media?parent=578585"}],"wp:term":[{"taxonomy":"category","embeddable":true,"href":"https:\/\/www.europesays.com\/fr\/wp-json\/wp\/v2\/categories?post=578585"},{"taxonomy":"post_tag","embeddable":true,"href":"https:\/\/www.europesays.com\/fr\/wp-json\/wp\/v2\/tags?post=578585"}],"curies":[{"name":"wp","href":"https:\/\/api.w.org\/{rel}","templated":true}]}}