{"id":578589,"date":"2025-12-04T23:29:19","date_gmt":"2025-12-04T23:29:19","guid":{"rendered":"https:\/\/www.europesays.com\/fr\/578589\/"},"modified":"2025-12-04T23:29:19","modified_gmt":"2025-12-04T23:29:19","slug":"face-a-la-baisse-des-subventions-la-mutation-des-associations-culturelles","status":"publish","type":"post","link":"https:\/\/www.europesays.com\/fr\/578589\/","title":{"rendered":"Face \u00e0 la baisse des subventions, la mutation des associations culturelles"},"content":{"rendered":"<p>Du 2 septembre au 15 octobre derniers, la Coordination des f\u00e9d\u00e9rations et associations de culture et de communication (Cofac) a proc\u00e9d\u00e9 \u00e0 une enqu\u00eate en ligne aupr\u00e8s de ses adh\u00e9rents pour \u00e9laborer son 10\u00e8me\u00a0 barom\u00e8tre. Il en ressort : un sujet d\u2019inqui\u00e9tude, l\u2019aggravation de leurs difficult\u00e9s, et un constat positif, leur capacit\u00e9 \u00e0 faire \u00e9voluer leur mod\u00e8le.<\/p>\n<p>Malgr\u00e9 la crise, le soutien du bloc local r\u00e9siste<\/p>\n<p>Sans surprise, le bloc local joue un r\u00f4le de pilier financier, puisque 62% des associations sont soutenues en 2025 par les communes et les intercos. Parmi ces associations, 58% font \u00e9tat de la stabilit\u00e9 des subventions per\u00e7ues. 20% indiquent m\u00eame une progression.<\/p>\n<p>Ce r\u00e9sultat confirme la stabilit\u00e9 du soutien financier du bloc local \u00e0 la culture, d\u00e9j\u00e0 mis en lumi\u00e8re en juillet dernier par le &#8230;<\/p>\n<p class=\"blocCut__title\">\n\t\t\t\t\t\t\t\t\t[90% reste \u00e0 lire]\n\t\t\t\t\t\t\t<\/p>\n<p class=\"blocCut__title--type2\">Article r\u00e9serv\u00e9 aux abonn\u00e9s<\/p>\n<p class=\"blocCut__title--type3\">Gazette des Communes<\/p>\n<p class=\"blocCut__title--type2\">VOUS N&rsquo;\u00eaTES PAS ABONN\u00e9 ?<\/p>\n<p class=\"blocCut__title--type4\">D\u00e9couvrez nos formules et acc\u00e9dez aux articles en illimit\u00e9<\/p>\n<p>\t\t\t\t\t\t\t\t<a href=\"https:\/\/www.abonnement.infopro-digital.com\/la-gazette-des-communes\/formule\/1111\/CTA-P\" target=\"_blank\" class=\"btn__full buttonTypeA buttonTypeA--1\" rel=\"noopener\">Je m\u2019abonne<\/a><\/p>\n","protected":false},"excerpt":{"rendered":"Du 2 septembre au 15 octobre derniers, la Coordination des f\u00e9d\u00e9rations et associations de culture et de communication&hellip;\n","protected":false},"author":2,"featured_media":578590,"comment_status":"","ping_status":"","sticky":false,"template":"","format":"standard","meta":{"footnotes":""},"categories":[1888],"tags":[47,3824,11,2349,2350,1777,674,1011,27,69272,12,23704,626,63031,25],"class_list":{"0":"post-578589","1":"post","2":"type-post","3":"status-publish","4":"format-standard","5":"has-post-thumbnail","7":"category-paris","8":"tag-actualite","9":"tag-actualite-culture","10":"tag-actualites","11":"tag-articles-reserves","12":"tag-association-et-mouvement-associatif","13":"tag-eu","14":"tag-europe","15":"tag-fr","16":"tag-france","17":"tag-hgirard","18":"tag-news","19":"tag-non-classe","20":"tag-paris","21":"tag-politiques-culturelles","22":"tag-republique-francaise"},"share_on_mastodon":{"url":"https:\/\/pubeurope.com\/@fr\/115663900954988664","error":""},"_links":{"self":[{"href":"https:\/\/www.europesays.com\/fr\/wp-json\/wp\/v2\/posts\/578589","targetHints":{"allow":["GET"]}}],"collection":[{"href":"https:\/\/www.europesays.com\/fr\/wp-json\/wp\/v2\/posts"}],"about":[{"href":"https:\/\/www.europesays.com\/fr\/wp-json\/wp\/v2\/types\/post"}],"author":[{"embeddable":true,"href":"https:\/\/www.europesays.com\/fr\/wp-json\/wp\/v2\/users\/2"}],"replies":[{"embeddable":true,"href":"https:\/\/www.europesays.com\/fr\/wp-json\/wp\/v2\/comments?post=578589"}],"version-history":[{"count":0,"href":"https:\/\/www.europesays.com\/fr\/wp-json\/wp\/v2\/posts\/578589\/revisions"}],"wp:featuredmedia":[{"embeddable":true,"href":"https:\/\/www.europesays.com\/fr\/wp-json\/wp\/v2\/media\/578590"}],"wp:attachment":[{"href":"https:\/\/www.europesays.com\/fr\/wp-json\/wp\/v2\/media?parent=578589"}],"wp:term":[{"taxonomy":"category","embeddable":true,"href":"https:\/\/www.europesays.com\/fr\/wp-json\/wp\/v2\/categories?post=578589"},{"taxonomy":"post_tag","embeddable":true,"href":"https:\/\/www.europesays.com\/fr\/wp-json\/wp\/v2\/tags?post=578589"}],"curies":[{"name":"wp","href":"https:\/\/api.w.org\/{rel}","templated":true}]}}