{"id":57859,"date":"2025-04-27T22:50:16","date_gmt":"2025-04-27T22:50:16","guid":{"rendered":"https:\/\/www.europesays.com\/fr\/57859\/"},"modified":"2025-04-27T22:50:16","modified_gmt":"2025-04-27T22:50:16","slug":"parthenay-de-bretagne-engagee-pour-un-logement-accessible-et-durable","status":"publish","type":"post","link":"https:\/\/www.europesays.com\/fr\/57859\/","title":{"rendered":"Parthenay-de-Bretagne, engag\u00e9e pour un logement accessible et durable"},"content":{"rendered":"<p>\u00c0 l\u2019occasion de la signature de la convention du Plan local de l\u2019habitat (PLH) de Rennes M\u00e9tropole, vendredi 25\u00a0avril 2025, Parthenay-de-Bretagne r\u00e9affirme son engagement en faveur d\u2019un accueil digne et \u00e9quilibr\u00e9 des nouveaux habitants.<\/p>\n<p><strong>\u00ab\u00a0Construire 100\u00a0logements, dont 17\u00a0logements sociaux, peut sembler modeste \u00e0 l\u2019\u00e9chelle m\u00e9tropolitaine, mais pour une commune de 700\u00a0logements, c\u2019est un engagement fort\u00a0<\/strong> <strong>\u00bb<\/strong>, souligne le maire, Khalil Bettal.<\/p>\n<p>Des familles jeunes avec enfants<\/p>\n<p>Ce d\u00e9veloppement s\u2019inscrit dans une dynamique locale soutenue\u00a0: Parthenay-de-Bretagne, pass\u00e9e de 560 \u00e0 bient\u00f4t 2\u00a0000\u00a0habitants en vingt-cinq\u00a0ans, attire de jeunes familles, avec une population moyenne de 32\u00a0ans et une \u00e9cole comptant d\u00e9j\u00e0 255\u00a0\u00e9l\u00e8ves.<\/p>\n<p><strong>\u00ab\u00a0Nous avons choisi d\u2019agir, d\u00e8s la premi\u00e8re \u00e9tape du PLH. Et nous demandons aujourd\u2019hui un accompagnement adapt\u00e9 \u00e0 la r\u00e9alit\u00e9 de nos communes rurbaines. La municipalit\u00e9 salue le soutien de Rennes M\u00e9tropole, notamment \u00e0 travers le Fonds m\u00e9tropolitain pour la transition \u00e9nerg\u00e9tique (FMTE). L\u2019avenir du logement se construit localement, avec pragmatisme et solidarit\u00e9. Nous serons toujours au rendez-vous\u00a0\u00bb, <\/strong>termine le maire.<\/p>\n<p>\u00a0<\/p>\n","protected":false},"excerpt":{"rendered":"\u00c0 l\u2019occasion de la signature de la convention du Plan local de l\u2019habitat (PLH) de Rennes M\u00e9tropole, vendredi&hellip;\n","protected":false},"author":2,"featured_media":57860,"comment_status":"","ping_status":"","sticky":false,"template":"","format":"standard","meta":{"footnotes":""},"categories":[2821],"tags":[12506,1111,11,829,12223,15385,1777,674,1011,27,1908,12,15384,584,25],"class_list":{"0":"post-57859","1":"post","2":"type-post","3":"status-publish","4":"format-standard","5":"has-post-thumbnail","7":"category-rennes","8":"tag-accessible","9":"tag-actu","10":"tag-actualites","11":"tag-bretagne","12":"tag-durable","13":"tag-engagee","14":"tag-eu","15":"tag-europe","16":"tag-fr","17":"tag-france","18":"tag-logement","19":"tag-news","20":"tag-parthenay-de-bretagne","21":"tag-rennes","22":"tag-republique-francaise"},"share_on_mastodon":{"url":"https:\/\/pubeurope.com\/@fr\/114412376914048580","error":""},"_links":{"self":[{"href":"https:\/\/www.europesays.com\/fr\/wp-json\/wp\/v2\/posts\/57859","targetHints":{"allow":["GET"]}}],"collection":[{"href":"https:\/\/www.europesays.com\/fr\/wp-json\/wp\/v2\/posts"}],"about":[{"href":"https:\/\/www.europesays.com\/fr\/wp-json\/wp\/v2\/types\/post"}],"author":[{"embeddable":true,"href":"https:\/\/www.europesays.com\/fr\/wp-json\/wp\/v2\/users\/2"}],"replies":[{"embeddable":true,"href":"https:\/\/www.europesays.com\/fr\/wp-json\/wp\/v2\/comments?post=57859"}],"version-history":[{"count":0,"href":"https:\/\/www.europesays.com\/fr\/wp-json\/wp\/v2\/posts\/57859\/revisions"}],"wp:featuredmedia":[{"embeddable":true,"href":"https:\/\/www.europesays.com\/fr\/wp-json\/wp\/v2\/media\/57860"}],"wp:attachment":[{"href":"https:\/\/www.europesays.com\/fr\/wp-json\/wp\/v2\/media?parent=57859"}],"wp:term":[{"taxonomy":"category","embeddable":true,"href":"https:\/\/www.europesays.com\/fr\/wp-json\/wp\/v2\/categories?post=57859"},{"taxonomy":"post_tag","embeddable":true,"href":"https:\/\/www.europesays.com\/fr\/wp-json\/wp\/v2\/tags?post=57859"}],"curies":[{"name":"wp","href":"https:\/\/api.w.org\/{rel}","templated":true}]}}