{"id":578591,"date":"2025-12-04T23:30:23","date_gmt":"2025-12-04T23:30:23","guid":{"rendered":"https:\/\/www.europesays.com\/fr\/578591\/"},"modified":"2025-12-04T23:30:23","modified_gmt":"2025-12-04T23:30:23","slug":"municipales-2026-a-paris-le-candidat-ecologiste-david-belliard-propose-la-gratuite-des-bus","status":"publish","type":"post","link":"https:\/\/www.europesays.com\/fr\/578591\/","title":{"rendered":"Municipales 2026 \u00e0 Paris : Le candidat \u00e9cologiste David Belliard propose la gratuit\u00e9 des bus"},"content":{"rendered":"<p class=\"mb-4 text-lg md:leading-8 break-words\"><strong>Accessibilit\u00e9 &#8211; David Belliard, candidat \u00e9cologiste \u00e0 la Mairie de Paris, propose un \u00ab\u00a0Passe Navigo bus\u00a0\u00bb gratuit pour les Parisiens. Un investissement de 40\u00a0millions d\u2019euros par an, destin\u00e9 \u00e0 rendre le bus plus rapide, plus populaire et accessible aux publics les plus fragiles<\/strong><\/p>\n<p class=\"mb-4 text-lg md:leading-8 break-words\">Le candidat \u00e9cologiste \u00e0 la Mairie de Paris, <a href=\"https:\/\/www.20minutes.fr\/politique\/david-belliard\/?at_medium=RSS%20feed&amp;at_campaign=ynews&amp;utm_source=yahoo&amp;utm_medium=rss&amp;utm_campaign=news_feed&amp;utm_content=in_article_link\" rel=\"nofollow noopener\" target=\"_blank\" data-ylk=\"slk:David Belliard;elm:context_link;itc:0;sec:content-canvas\" class=\"link \">David Belliard<\/a>, a pr\u00e9sent\u00e9 ce jeudi 4\u00a0d\u00e9cembre une mesure phare de son programme\u00a0: la cr\u00e9ation d\u2019un \u00ab\u00a0Passe Navigo bus\u00a0\u00bb gratuit pour les Parisiens, financ\u00e9 par la Ville et destin\u00e9 \u00e0 redonner de l\u2019attractivit\u00e9 au bus, un mode de transport qu\u2019il juge \u00ab\u00a0100\u00a0% accessible\u00a0\u00bb mais encore trop lent.<\/p>\n<p class=\"mb-4 text-lg md:leading-8 break-words\">\u00ab\u00a0Ce que nous allons r\u00e9aliser, ce sont des bus rapides et gratuits pour tous les Parisiens et les Parisiennes\u00a0\u00bb, a d\u00e9clar\u00e9 l\u2019actuel adjoint aux transports lors d\u2019une conf\u00e9rence de presse, se revendiquant d\u2019une \u00ab\u00a0\u00e9cologie populaire\u00a0\u00bb.<\/p>\n<p>Un public d\u00e9j\u00e0 tr\u00e8s d\u00e9pendant du bus<\/p>\n<p class=\"mb-4 text-lg md:leading-8 break-words\">Selon lui, les usagers du bus sont majoritairement des femmes, personnes pr\u00e9caires, personnes \u00e0 mobilit\u00e9 r\u00e9duite, familles et \u00e9tudiants. L\u2019ambition est donc d\u2019en faire \u00ab\u00a0une vraie alternative, qui soit vraiment populaire et surtout rapide et efficace\u00a0\u00bb, alors que ce mode de transport souffre d\u2019une mauvaise image.<\/p>\n<p class=\"mb-4 text-lg md:leading-8 break-words\">Anne-Claire Boux, adjointe \u00e9cologiste \u00e0 la Sant\u00e9, a rappel\u00e9 que ce plan vise avant tout \u00ab\u00a0les personnes les plus pr\u00e9caires, les plus vuln\u00e9rables\u00a0\u00bb, d\u2019autant que l\u2019abonnement annuel <a href=\"https:\/\/www.20minutes.fr\/dossier\/pass_navigo?at_medium=RSS%20feed&amp;at_campaign=ynews&amp;utm_source=yahoo&amp;utm_medium=rss&amp;utm_campaign=news_feed&amp;utm_content=in_article_link\" rel=\"nofollow noopener\" target=\"_blank\" data-ylk=\"slk:Navigo;elm:context_link;itc:0;sec:content-canvas\" class=\"link \">Navigo<\/a> atteindra 998,80 euros en\u00a02026, soit 22 euros de plus qu\u2019en\u00a02025.<\/p>\n<p>Un remboursement financ\u00e9 par la Ville<\/p>\n<p class=\"mb-4 text-lg md:leading-8 break-words\">La gratuit\u00e9 fonctionnerait via un remboursement des frais engag\u00e9s pour les Parisiens, sur pr\u00e9sentation d\u2019un justificatif de domicile, \u00e0 l\u2019image du dispositif d\u00e9j\u00e0 en place pour les jeunes.<\/p>\n<p class=\"mb-4 text-lg md:leading-8 break-words\">Le montant de l\u2019investissement est \u00e9valu\u00e9 \u00e0 40\u00a0millions d\u2019euros. \u00ab\u00a0Cela peut para\u00eetre beauco(&#8230;)<\/p>\n<p class=\"mb-4 text-lg md:leading-8 break-words\"><a href=\"https:\/\/www.20minutes.fr\/politique\/4189794-20251204-municipales-2026-paris-candidat-ecologiste-david-belliard-propose-gratuite-bus?at_medium=RSS%20feed&amp;at_campaign=ynews&amp;utm_source=yahoo&amp;utm_medium=rss&amp;utm_campaign=news_feed&amp;utm_content=read_more_link&quot;\" rel=\"nofollow noopener\" target=\"_blank\" data-ylk=\"slk:Lire la suite sur 20minutes;elm:context_link;itc:0;sec:content-canvas\" class=\"link \">Lire la suite sur 20minutes<\/a><\/p>\n<p>\u00c0 lire aussi :<br \/><a href=\"https:\/\/www.20minutes.fr\/paris\/4184913-20251111-municipales-2026-david-belliard-candidat-ecologiste-veut-ouvrir-six-nouvelles-salles-shoot-capitale?at_medium=RSS%20feed&amp;at_campaign=ynews&amp;utm_source=yahoo&amp;utm_medium=rss&amp;utm_campaign=news_feed&amp;utm_content=related_content_link\" rel=\"nofollow noopener\" target=\"_blank\" data-ylk=\"slk:Municipales\u00a02026\u00a0: David Belliard, candidat \u00e9cologiste, veut ouvrir six nouvelles \u00ab\u00a0salles de shoot\u00a0\u00bb dans la capitale;elm:context_link;itc:0;sec:content-canvas\" class=\"link \">Municipales\u00a02026\u00a0: David Belliard, candidat \u00e9cologiste, veut ouvrir six nouvelles \u00ab\u00a0salles de shoot\u00a0\u00bb dans la capitale<\/a><br \/><a href=\"https:\/\/www.20minutes.fr\/politique\/david-belliard\/4135561-20250126-municipales-2026-paris-david-belliard-candidat-tour-primaire-ecologiste?at_medium=RSS%20feed&amp;at_campaign=ynews&amp;utm_source=yahoo&amp;utm_medium=rss&amp;utm_campaign=news_feed&amp;utm_content=related_content_link\" rel=\"nofollow noopener\" target=\"_blank\" data-ylk=\"slk:Municipales\u00a02026 \u00e0 Paris\u00a0: David Belliard candidat \u00e0 son tour \u00e0 la primaire \u00e9cologiste;elm:context_link;itc:0;sec:content-canvas\" class=\"link \">Municipales\u00a02026 \u00e0 Paris\u00a0: David Belliard candidat \u00e0 son tour \u00e0 la primaire \u00e9cologiste<\/a><\/p>\n","protected":false},"excerpt":{"rendered":"Accessibilit\u00e9 &#8211; David Belliard, candidat \u00e9cologiste \u00e0 la Mairie de Paris, propose un \u00ab\u00a0Passe Navigo bus\u00a0\u00bb gratuit pour&hellip;\n","protected":false},"author":2,"featured_media":412191,"comment_status":"","ping_status":"","sticky":false,"template":"","format":"standard","meta":{"footnotes":""},"categories":[1888],"tags":[11,426,69273,30253,1777,674,1011,27,2381,12,626,59245,25],"class_list":{"0":"post-578591","1":"post","2":"type-post","3":"status-publish","4":"format-standard","5":"has-post-thumbnail","7":"category-paris","8":"tag-actualites","9":"tag-candidat","10":"tag-candidat-ecologiste","11":"tag-david-belliard","12":"tag-eu","13":"tag-europe","14":"tag-fr","15":"tag-france","16":"tag-mairie-de-paris","17":"tag-news","18":"tag-paris","19":"tag-passe-navigo","20":"tag-republique-francaise"},"share_on_mastodon":{"url":"https:\/\/pubeurope.com\/@fr\/115663904651717477","error":""},"_links":{"self":[{"href":"https:\/\/www.europesays.com\/fr\/wp-json\/wp\/v2\/posts\/578591","targetHints":{"allow":["GET"]}}],"collection":[{"href":"https:\/\/www.europesays.com\/fr\/wp-json\/wp\/v2\/posts"}],"about":[{"href":"https:\/\/www.europesays.com\/fr\/wp-json\/wp\/v2\/types\/post"}],"author":[{"embeddable":true,"href":"https:\/\/www.europesays.com\/fr\/wp-json\/wp\/v2\/users\/2"}],"replies":[{"embeddable":true,"href":"https:\/\/www.europesays.com\/fr\/wp-json\/wp\/v2\/comments?post=578591"}],"version-history":[{"count":0,"href":"https:\/\/www.europesays.com\/fr\/wp-json\/wp\/v2\/posts\/578591\/revisions"}],"wp:featuredmedia":[{"embeddable":true,"href":"https:\/\/www.europesays.com\/fr\/wp-json\/wp\/v2\/media\/412191"}],"wp:attachment":[{"href":"https:\/\/www.europesays.com\/fr\/wp-json\/wp\/v2\/media?parent=578591"}],"wp:term":[{"taxonomy":"category","embeddable":true,"href":"https:\/\/www.europesays.com\/fr\/wp-json\/wp\/v2\/categories?post=578591"},{"taxonomy":"post_tag","embeddable":true,"href":"https:\/\/www.europesays.com\/fr\/wp-json\/wp\/v2\/tags?post=578591"}],"curies":[{"name":"wp","href":"https:\/\/api.w.org\/{rel}","templated":true}]}}