{"id":578592,"date":"2025-12-04T23:32:13","date_gmt":"2025-12-04T23:32:13","guid":{"rendered":"https:\/\/www.europesays.com\/fr\/578592\/"},"modified":"2025-12-04T23:32:13","modified_gmt":"2025-12-04T23:32:13","slug":"la-russie-pourrait-atteindre-la-frontiere-roumaine-par-la-paix-ou-par-la-force","status":"publish","type":"post","link":"https:\/\/www.europesays.com\/fr\/578592\/","title":{"rendered":"La Russie pourrait atteindre la fronti\u00e8re roumaine, par la paix ou par la force"},"content":{"rendered":"<blockquote>\n<p data-end=\"794\" data-start=\"348\">\u00ab La Russie lib\u00e9rera le Donbass et la Novorossia par des moyens militaires ou autrement \u00bb, a d\u00e9clar\u00e9 Vladimir Poutine dans une interview accord\u00e9e \u00e0 India Today avant sa visite officielle en Inde. \u00ab Tout revient \u00e0 cela : soit nous lib\u00e9rons ces territoires par la force arm\u00e9e, soit les troupes ukrainiennes quittent ces zones et cessent le combat \u00bb, a insist\u00e9 Poutine. Cette d\u00e9claration change radicalement la perspective sur le conflit en Ukraine.<\/p>\n<\/blockquote>\n<p data-end=\"1073\" data-start=\"796\">Historiquement, les dirigeants russes ambitionnent d\u2019atteindre les embouchures du Danube depuis la fondation de la Russie imp\u00e9riale. Cet objectif fut formalis\u00e9 par Catherine II, dite Catherine la Grande, qui fonda \u00e9galement la ville d\u2019Odessa telle qu\u2019on la conna\u00eet aujourd\u2019hui.<\/p>\n<p data-end=\"1685\" data-start=\"1075\">Les Russes consid\u00e8rent depuis longtemps ces territoires comme les leurs, m\u00eame si l\u2019histoire contredit la version du Kremlin. Le terme \u00ab Novorossia \u00bb (Nouvelle Russie) a \u00e9t\u00e9 utilis\u00e9 jusqu\u2019au d\u00e9but du XX\u1d49 si\u00e8cle et provient du gouvernorat de Novorossia, qui exista de 1764 \u00e0 1775 sous Catherine II, puis de 1796 \u00e0 1802 sous Paul I\u1d49\u02b3. Il englobait des territoires de la c\u00f4te nord de la mer Noire acquis par l\u2019Empire russe \u00e0 la suite des guerres russo-turques du XVIII\u1d49 si\u00e8cle. Si la Russie atteignait les embouchures du Danube, la Roumanie partagerait alors directement une fronti\u00e8re avec la F\u00e9d\u00e9ration de Russie.<\/p>\n<p data-end=\"2016\" data-start=\"1687\">Apr\u00e8s l\u2019invasion \u00e0 grande \u00e9chelle, plusieurs voix du Kremlin ont relay\u00e9 l\u2019id\u00e9e de cr\u00e9er cette \u00ab Novorossia \u00bb. Au-del\u00e0 de sa port\u00e9e historique, Odessa est un carrefour \u00e9conomique vital pour l\u2019Ukraine : troisi\u00e8me ville du pays, principal port, elle constitue le point central d\u2019exportation du bl\u00e9 et d\u2019autres r\u00e9coltes ukrainiennes.<\/p>\n<p data-end=\"2370\" data-start=\"2018\">\u00ab Depuis le milieu du XX\u1d49 si\u00e8cle, cette r\u00e9gion est d\u00e9finie comme la c\u00f4te nord de la mer Noire ou l\u2019Ukraine du Sud. Aujourd\u2019hui, on parle d\u2019Ukraine du Sud-Est. Le terme Novorossia est d\u00e9sormais utilis\u00e9 par les partisans d\u2019une f\u00e9d\u00e9ralisation de l\u2019Ukraine. Le pr\u00e9sident russe Vladimir Poutine lui-m\u00eame a qualifi\u00e9 le Sud-Est de l\u2019Ukraine de \u201cNovorossia\u201d. \u00bb<\/p>\n<p data-end=\"2853\" data-start=\"2372\">Histoire r\u00e9cente<br data-end=\"2391\" data-start=\"2388\"\/><br \/>\nEn 2014, la p\u00e9riode post-sovi\u00e9tique de l\u2019Ukraine s\u2019est assombrie avec l\u2019annexion de la Crim\u00e9e et la cr\u00e9ation des \u00ab r\u00e9publiques \u00bb s\u00e9paratistes de Louhansk et Donetsk. Toutefois, des s\u00e9paratistes prorusses proches de la fronti\u00e8re roumaine ont aussi tent\u00e9 de cr\u00e9er un \u00ab \u00c9tat \u00bb dans la r\u00e9gion d\u2019Odessa. Un groupe de manifestants cherchant \u00e0 p\u00e9n\u00e9trer dans l\u2019administration r\u00e9gionale a \u00e9t\u00e9 repouss\u00e9 par la force, et un drapeau russe hiss\u00e9 sur le b\u00e2timent a \u00e9t\u00e9 retir\u00e9.<\/p>\n<p data-end=\"3496\" data-start=\"2855\">L\u2019ancien Premier ministre moldave Mircea Druc a expliqu\u00e9 dans un entretien \u00e0 Digi24 que le plan de Poutine consistait \u00e0 isoler l\u2019Ukraine en lui coupant l\u2019acc\u00e8s \u00e0 la mer Noire et aux embouchures du Danube gr\u00e2ce \u00e0 un corridor pro-russe Crim\u00e9e-Odessa-Mykola\u00efv-Transnistrie, atteignant ainsi la fronti\u00e8re roumaine. Druc a soulign\u00e9 que ce plan \u00e9choue sans Odessa et Mykola\u00efv. Selon lui, cette strat\u00e9gie visait \u00e0 relier la Transnistrie et \u00e0 former un nouvel \u00c9tat de la mer Noire \u2014 Malorossia ou Novorossia \u2014 non officiellement rattach\u00e9 \u00e0 la Russie mais enti\u00e8rement contr\u00f4l\u00e9 par elle, tout en repoussant l\u2019Ukraine loin de la mer Noire et du Danube.<\/p>\n<p data-end=\"4373\" data-start=\"3498\">Ambitions militaires russes<br data-end=\"3528\" data-start=\"3525\"\/><br \/>\nDes images publi\u00e9es le 30 ao\u00fbt par le minist\u00e8re russe de la D\u00e9fense ont suscit\u00e9 des inqui\u00e9tudes internationales. Lors d\u2019un briefing militaire, derri\u00e8re le chef d\u2019\u00e9tat-major Valeri Guerassimov, une carte sugg\u00e9rait des ambitions territoriales \u00e9largies. Outre les r\u00e9gions officiellement revendiqu\u00e9es \u2014 Donetsk, Louhansk, Kherson et Zaporijjia \u2014 la carte incluait Odessa et Kharkiv, sous contr\u00f4le ukrainien, laissant entrevoir une extension russe jusqu\u2019\u00e0 la fronti\u00e8re roumaine. M\u00eame si la Russie ne contr\u00f4le qu\u2019environ 4 % de Kharkiv et qu\u2019Odessa reste sous administration ukrainienne, la conqu\u00eate de ces zones offrirait des avantages strat\u00e9giques majeurs : acc\u00e8s total \u00e0 la c\u00f4te de la mer Noire, contr\u00f4le de n\u0153uds de transport et de centres industriels vitaux, et une pr\u00e9sence jusqu\u2019aux embouchures du Danube, directement sur la fronti\u00e8re roumaine.<\/p>\n<p data-end=\"4830\" data-start=\"4375\">La diplomatie roumaine envisage depuis longtemps ce sc\u00e9nario comme le pire possible. L\u2019ancienne ministre des Affaires \u00e9trang\u00e8res Lumini\u021ba Odobescu a d\u00e9clar\u00e9 \u00e0 Digi24 que cela signifierait la Russie \u00e0 la fronti\u00e8re de la Roumanie ou des navires russes patrouillant le Danube. Elle a soulign\u00e9 l\u2019enjeu humain, rappelant que l\u2019Ukraine d\u00e9fend sa souverainet\u00e9 et sa population, et a insist\u00e9 sur l\u2019importance d\u2019un soutien constant de la Roumanie et de ses alli\u00e9s.<\/p>\n<p data-end=\"5457\" data-start=\"4832\">Medvedev menace \u00ab l\u2019UE folle \u00bb<br data-end=\"4865\" data-start=\"4862\"\/><br \/>\nDans le m\u00eame temps, Dmitri Medvedev, vice-pr\u00e9sident du Conseil de s\u00e9curit\u00e9 de la Russie, a affirm\u00e9 que si l\u2019Union europ\u00e9enne saisissait les avoirs russes gel\u00e9s, Moscou pourrait consid\u00e9rer cet acte comme un motif de guerre. \u00ab Si l\u2019UE folle vole les avoirs russes gel\u00e9s pour un \u201ccr\u00e9dit de r\u00e9parations\u201d, nous pourrions consid\u00e9rer cela comme un casus belli, avec toutes les cons\u00e9quences pour Bruxelles &amp; Co. Ces fonds devront alors \u00eatre restitu\u00e9s, non pas par voie judiciaire, mais sous forme de r\u00e9parations r\u00e9elles pay\u00e9es en nature par les ennemis vaincus de la Russie \u00bb, a \u00e9crit Medvedev sur X.<\/p>\n<p data-end=\"6049\" data-is-last-node=\"\" data-is-only-node=\"\" data-start=\"5459\">La Commission europ\u00e9enne a approuv\u00e9 un \u00ab cr\u00e9dit de r\u00e9parations potentiel \u00bb pour l\u2019Ukraine, impliquant l\u2019utilisation des avoirs russes gel\u00e9s. Ursula von der Leyen a expliqu\u00e9 le plan : selon le FMI, l\u2019Ukraine aura besoin de 135 milliards d\u2019euros pour 2026 et 2027 pour maintenir ses fonctions \u00e9tatiques et poursuivre sa d\u00e9fense. L\u2019UE a propos\u00e9 un pr\u00eat de 90 milliards couvrant les deux tiers des besoins de Kyiv. La plupart des pays membres soutiennent le projet, mais la Belgique l\u2019a critiqu\u00e9, \u00e9voquant des risques pour la paix \u00e0 court terme et d\u2019\u00e9ventuelles actions en justice de la Russie.<\/p>\n<p data-end=\"6049\" data-is-last-node=\"\" data-is-only-node=\"\" data-start=\"5459\" class=\"p-empty\">\u00a0<\/p>\n<p data-end=\"6049\" data-is-last-node=\"\" data-is-only-node=\"\" data-start=\"5459\">Source : <a href=\"https:\/\/www.romaniajournal.ro\/politics\/putin-warns-russia-may-reach-romanias-border-diplomatically-or-by-force\/\" target=\"_blank\" rel=\"noopener\">Romania Journal.ro<\/a><\/p>\n","protected":false},"excerpt":{"rendered":"\u00ab La Russie lib\u00e9rera le Donbass et la Novorossia par des moyens militaires ou autrement \u00bb, a d\u00e9clar\u00e9&hellip;\n","protected":false},"author":2,"featured_media":578593,"comment_status":"","ping_status":"","sticky":false,"template":"","format":"standard","meta":{"footnotes":""},"categories":[1591],"tags":[11,1887,12,1885,1886,132],"class_list":{"0":"post-578592","1":"post","2":"type-post","3":"status-publish","4":"format-standard","5":"has-post-thumbnail","7":"category-russie","8":"tag-actualites","9":"tag-federation-de-russie","10":"tag-news","11":"tag-russia","12":"tag-russian-federation","13":"tag-russie"},"share_on_mastodon":{"url":"https:\/\/pubeurope.com\/@fr\/115663912623903692","error":""},"_links":{"self":[{"href":"https:\/\/www.europesays.com\/fr\/wp-json\/wp\/v2\/posts\/578592","targetHints":{"allow":["GET"]}}],"collection":[{"href":"https:\/\/www.europesays.com\/fr\/wp-json\/wp\/v2\/posts"}],"about":[{"href":"https:\/\/www.europesays.com\/fr\/wp-json\/wp\/v2\/types\/post"}],"author":[{"embeddable":true,"href":"https:\/\/www.europesays.com\/fr\/wp-json\/wp\/v2\/users\/2"}],"replies":[{"embeddable":true,"href":"https:\/\/www.europesays.com\/fr\/wp-json\/wp\/v2\/comments?post=578592"}],"version-history":[{"count":0,"href":"https:\/\/www.europesays.com\/fr\/wp-json\/wp\/v2\/posts\/578592\/revisions"}],"wp:featuredmedia":[{"embeddable":true,"href":"https:\/\/www.europesays.com\/fr\/wp-json\/wp\/v2\/media\/578593"}],"wp:attachment":[{"href":"https:\/\/www.europesays.com\/fr\/wp-json\/wp\/v2\/media?parent=578592"}],"wp:term":[{"taxonomy":"category","embeddable":true,"href":"https:\/\/www.europesays.com\/fr\/wp-json\/wp\/v2\/categories?post=578592"},{"taxonomy":"post_tag","embeddable":true,"href":"https:\/\/www.europesays.com\/fr\/wp-json\/wp\/v2\/tags?post=578592"}],"curies":[{"name":"wp","href":"https:\/\/api.w.org\/{rel}","templated":true}]}}