{"id":578598,"date":"2025-12-04T23:35:16","date_gmt":"2025-12-04T23:35:16","guid":{"rendered":"https:\/\/www.europesays.com\/fr\/578598\/"},"modified":"2025-12-04T23:35:16","modified_gmt":"2025-12-04T23:35:16","slug":"royaume-uni-les-agriculteurs-face-a-lune-des-pires-annees-de-recolte-depuis-plus-de-40-ans","status":"publish","type":"post","link":"https:\/\/www.europesays.com\/fr\/578598\/","title":{"rendered":"Royaume-Uni: les agriculteurs face \u00e0 l&rsquo;une des pires ann\u00e9es de r\u00e9colte depuis plus de 40 ans"},"content":{"rendered":"<p class=\"mb-4 text-lg md:leading-8 break-words\">Avec notre correspondante \u00e0 Londres, <strong>Sara Menai<\/strong><\/p>\n<p class=\"mb-4 text-lg md:leading-8 break-words\">\u00ab Je fais ce m\u00e9tier depuis plus de trente ans et cela doit \u00eatre l&rsquo;une des deux ou trois pires r\u00e9coltes de ma carri\u00e8re, explique Roger, un agriculteur britannique. C&rsquo;est un d\u00e9sastre. \u00bb<\/p>\n<p class=\"mb-4 text-lg md:leading-8 break-words\">Depuis cinq ans, les saisons passent et se ressemblent pour les agriculteurs britanniques. Le grand coupable, c&rsquo;est <a href=\"https:\/\/www.rfi.fr\/fr\/tag\/changement-climatique\/\" rel=\"nofollow noopener\" target=\"_blank\" data-ylk=\"slk:le climat;elm:context_link;itc:0;sec:content-canvas\" class=\"link \"><strong>le climat<\/strong><\/a> et ses fluctuations : des hivers tr\u00e8s pluvieux qui inondent les sols, puis des printemps et des \u00e9t\u00e9s secs qui les ass\u00e8chent terriblement&#8230;<\/p>\n<p class=\"mb-4 text-lg md:leading-8 break-words\">Cette ann\u00e9e 2025 n&rsquo;aura pas d\u00e9rog\u00e9 \u00e0 la r\u00e8gle. Elle a m\u00eame battu des records. La Grande-Bretagne a connu le printemps le plus chaud et le plus sec jamais enregistr\u00e9 et l&rsquo;\u00e9t\u00e9 le plus chaud depuis plus d&rsquo;un si\u00e8cle. R\u00e9sultat : c&rsquo;est la deuxi\u00e8me pire r\u00e9colte depuis 1984 avec une production de bl\u00e9, d&rsquo;avoine, d&rsquo;orge et de colza qui a chut\u00e9 de 20% par rapport \u00e0 la moyenne sur dix ans.<\/p>\n<p>Une hausse du prix des denr\u00e9es alimentaires<\/p>\n<p class=\"mb-4 text-lg md:leading-8 break-words\">Aujourd&rsquo;hui, comme Roger, <a href=\"https:\/\/www.rfi.fr\/fr\/tag\/agriculture-et-p\u00eache\/\" rel=\"nofollow noopener\" target=\"_blank\" data-ylk=\"slk:les agriculteurs;elm:context_link;itc:0;sec:content-canvas\" class=\"link \"><strong>les agriculteurs<\/strong><\/a> britanniques sont nombreux \u00e0 ne pas atteindre leur seuil de rentabilit\u00e9. Du c\u00f4t\u00e9 des consommateurs, cette baisse des r\u00e9coltes provoque une hausse du prix des denr\u00e9es alimentaires : \u00ab Il va falloir importer de l&rsquo;\u00e9tranger pour fournir les supermarch\u00e9s. Apr\u00e8s, ces l\u00e9gumes achemin\u00e9s, \u00e0 l&rsquo;arriv\u00e9e, co\u00fbteront environ trois fois plus cher qu&rsquo;une carotte produite \u00e0 domicile. \u00bb<\/p>\n<p class=\"mb-4 text-lg md:leading-8 break-words\">En 2025 au <a href=\"https:\/\/www.rfi.fr\/fr\/tag\/royaume-uni\/\" rel=\"nofollow noopener\" target=\"_blank\" data-ylk=\"slk:Royaume-Uni;elm:context_link;itc:0;sec:content-canvas\" class=\"link \"><strong>Royaume-Uni<\/strong><\/a>, le prix du beurre, du b\u0153uf et du lait ont augment\u00e9 de 15,6% contre 2,8% pour les autres aliments. De mauvaises nouvelles pour des m\u00e9nages britanniques d\u00e9j\u00e0 accabl\u00e9s par le recul de leur pouvoir d&rsquo;achat.<\/p>\n<p class=\"mb-4 text-lg md:leading-8 break-words\">\u00c0 lire aussi<a href=\"https:\/\/www.rfi.fr\/fr\/europe\/20250523-le-nord-de-l-europe-frapp\u00e9-par-une-s\u00e9cheresse-jamais-vue-depuis-des-d\u00e9cennies\" class=\"link \" rel=\"nofollow noopener\" target=\"_blank\" data-ylk=\"slk:Le nord de l&#039;Europe frapp\u00e9 par une s\u00e9cheresse jamais vue depuis des d\u00e9cennies;elm:context_link;itc:0;sec:content-canvas\">Le nord de l&rsquo;Europe frapp\u00e9 par une s\u00e9cheresse jamais vue depuis des d\u00e9cennies<\/a><\/p>\n","protected":false},"excerpt":{"rendered":"Avec notre correspondante \u00e0 Londres, Sara Menai \u00ab Je fais ce m\u00e9tier depuis plus de trente ans et&hellip;\n","protected":false},"author":2,"featured_media":578599,"comment_status":"","ping_status":"","sticky":false,"template":"","format":"standard","meta":{"footnotes":""},"categories":[1588],"tags":[11,2572,33087,1777,674,69276,12,473,1853,35307,69275,1851,1850,1852],"class_list":{"0":"post-578598","1":"post","2":"type-post","3":"status-publish","4":"format-standard","5":"has-post-thumbnail","7":"category-royaume-uni","8":"tag-actualites","9":"tag-agriculteurs","10":"tag-denrees-alimentaires","11":"tag-eu","12":"tag-europe","13":"tag-les-saisons","14":"tag-news","15":"tag-royaume-uni","16":"tag-royaume-uni-de-grande-bretagne-et-dirlande-du-nord","17":"tag-sara-menai","18":"tag-seuil-de-rentabilite","19":"tag-uk","20":"tag-united-kingdom","21":"tag-united-kingdom-of-great-britain-and-northern-ireland"},"share_on_mastodon":{"url":"https:\/\/pubeurope.com\/@fr\/115663924386903412","error":""},"_links":{"self":[{"href":"https:\/\/www.europesays.com\/fr\/wp-json\/wp\/v2\/posts\/578598","targetHints":{"allow":["GET"]}}],"collection":[{"href":"https:\/\/www.europesays.com\/fr\/wp-json\/wp\/v2\/posts"}],"about":[{"href":"https:\/\/www.europesays.com\/fr\/wp-json\/wp\/v2\/types\/post"}],"author":[{"embeddable":true,"href":"https:\/\/www.europesays.com\/fr\/wp-json\/wp\/v2\/users\/2"}],"replies":[{"embeddable":true,"href":"https:\/\/www.europesays.com\/fr\/wp-json\/wp\/v2\/comments?post=578598"}],"version-history":[{"count":0,"href":"https:\/\/www.europesays.com\/fr\/wp-json\/wp\/v2\/posts\/578598\/revisions"}],"wp:featuredmedia":[{"embeddable":true,"href":"https:\/\/www.europesays.com\/fr\/wp-json\/wp\/v2\/media\/578599"}],"wp:attachment":[{"href":"https:\/\/www.europesays.com\/fr\/wp-json\/wp\/v2\/media?parent=578598"}],"wp:term":[{"taxonomy":"category","embeddable":true,"href":"https:\/\/www.europesays.com\/fr\/wp-json\/wp\/v2\/categories?post=578598"},{"taxonomy":"post_tag","embeddable":true,"href":"https:\/\/www.europesays.com\/fr\/wp-json\/wp\/v2\/tags?post=578598"}],"curies":[{"name":"wp","href":"https:\/\/api.w.org\/{rel}","templated":true}]}}