{"id":578612,"date":"2025-12-04T23:42:16","date_gmt":"2025-12-04T23:42:16","guid":{"rendered":"https:\/\/www.europesays.com\/fr\/578612\/"},"modified":"2025-12-04T23:42:16","modified_gmt":"2025-12-04T23:42:16","slug":"scheffler-samuse-deja-aux-bahamas","status":"publish","type":"post","link":"https:\/\/www.europesays.com\/fr\/578612\/","title":{"rendered":"Scheffler s&rsquo;amuse d\u00e9j\u00e0 aux Bahamas"},"content":{"rendered":"<p>\t\t\t\t\t\t<img width=\"770\" height=\"566\" src=\"https:\/\/www.europesays.com\/fr\/wp-content\/uploads\/2025\/12\/afp__20251204__2249992847__v2__highres__heroworldchallenge2025roundone-770x566.jpg\" class=\"img-responsive wp-post-image\" alt=\"\" decoding=\"async\" fetchpriority=\"high\"  \/>\t\t\t\t\t<\/p>\n<p>\t\t\t\t\t\t Partager cet article <\/p>\n<p class=\"screen-reader-text juiz_sps_maybe_hidden_text\">Partager la publication \u00ab\u00a0Scheffler s\u2019amuse d\u00e9j\u00e0 aux Bahamas\u00a0\u00bb<\/p>\n<p><strong>La saison sur le PGA Tour est termin\u00e9e\u2026 mais pas tout \u00e0 fait. Le d\u00e9sormais install\u00e9 tournoi de Tiger Woods, le Hero World Challenge, offre une derni\u00e8re occasion de victoire en 2025 \u00e0 20 joueurs. Dont Scottie Scheffler, le n\u00b01 mondial, qui est d\u00e9j\u00e0 aux avant-postes d\u2019un tournoi men\u00e9 aussi par quatre autres joueurs.<\/strong><\/p>\n<p>C\u2019est peut-\u00eatre la semaine de comp\u00e9tition la plus bizarre de l\u2019ann\u00e9e dans le golf mondial. Tandis que le <strong>DP World Tour<\/strong> propose\u2026 deux tournois au programme, alors qu\u2019il y a des trous b\u00e9ants dans son agenda plus t\u00f4t dans la saison, le <strong>PGA Tour<\/strong> est de retour pour un dernier tour de table o\u00f9 sont r\u00e9unis 20 joueurs invit\u00e9s par l\u2019h\u00f4te du tournoi, un certain <strong>Tiger Woods<\/strong>.<\/p>\n<p>Et pourtant le circuit du PGA Tour 2025 s\u2019est officiellement achev\u00e9 avec le verdict de la <strong>FedEx Cup<\/strong>, \u00e0 l\u2019issue du <strong>RSM Classic<\/strong>. Ici au Bahamas, les participants du <strong>Hero World Challenge<\/strong> ne tentent pas de sauver leur carte, ni de gagner des droits de jeu suppl\u00e9mentaires pour 2026, mais juste de briller (ou mieux de gagner) dans un tournoi lucratif organis\u00e9 par le \u2018Big Cat\u2019 en personne.<\/p>\n<p>Le n\u00b01 mondial <strong>Scottie Scheffler<\/strong> chasse une septi\u00e8me victoire en 2025, ce qui lui permettrait de faire aussi bien qu\u2019en 2024 (sans compter son titre olympique). En l\u2019absence notamment de <strong>Rory McIlroy<\/strong>, qui a pr\u00e9f\u00e9r\u00e9 Melbourne \u00e0 Albany, il est le grand favori.<\/p>\n<p>\t\t\t\t\t<a id=\"190113\" href=\"https:\/\/abacussportswear.com\/en\/france\" target=\"_blank\" rel=\"sponsorised noopener\"><img decoding=\"async\" src=\"data:image\/svg+xml,%3Csvg%20xmlns=\" http:=\"\" class=\"img-responsive\" alt=\"\" data-lazy-src=\"https:\/\/www.europesays.com\/fr\/wp-content\/uploads\/2025\/10\/abacus-e06-portrush-1170x275-1.gif\"\/><\/a><br \/>\nUn nouveau sept d\u2019or pour Scheffler ?<\/p>\n<p>Les choses sont d\u00e9j\u00e0 tr\u00e8s bien engag\u00e9es pour lui avec un superbe premier tour jou\u00e9 en 66 (-6) avec un seul faux-pas, sur le trou n\u00b018. Du Scheffler dans le texte, avec 15 greens en r\u00e9gulation touch\u00e9s. Et seulement deux fairways manqu\u00e9s, alors qu\u2019il teste cette semaine un nouvel outil, le driver TaylorMade Qi4D.<\/p>\n<p>Si l\u2019on excepte un dernier coup de fer approximatif trop \u00e0 droite sur la derni\u00e8re attaque de green, tout est au point dans le jeu du double vainqueur en majeur en 2025. <\/p>\n<p>Un autre joueur sacr\u00e9 en Grand Chelem cette ann\u00e9e m\u00e8ne le bal \u00e0 ses c\u00f4t\u00e9s. Le roi de l\u2019U.S. Open, <strong>J.J. Spaun<\/strong>, a lui aussi tr\u00e9buch\u00e9 sur le 18e trou avec un bogey qui le laisse \u00e0 -6. A leurs c\u00f4t\u00e9s, l\u2019Autrichien <strong>Sepp Straka<\/strong>, et les compatriotes de Spaun et de Scheffler, <strong>Wyndham Clark<\/strong> et <strong>Akshay Bhatia<\/strong> (avec sur le sac son nouveau caddie <strong>Joe Greiner<\/strong>, ex-caddie de Max Homa) sont eux aussi en t\u00eate.<\/p>\n<p>A la faveur d\u2019un tr\u00e8s beau finish, le Canadien <strong>Corey Conners<\/strong> (-5) et l\u2019Anglais <strong>Justin Rose<\/strong> (-4 avec cinq birdies de suite entre le 13 et le 17) sont aussi tr\u00e8s bien plac\u00e9s apr\u00e8s ce premier acte.<\/p>\n<p>Ce tournoi marque aussi le retour \u00e0 la comp\u00e9tition de <strong>Jordan Spieth<\/strong>, absent des fairways depuis le FedEx St. Jude Championship d\u00e9but ao\u00fbt. Le Texan a jou\u00e9 dans le par.<\/p>\n<p>&#13;<br \/>\nLe leaderboard\u00a0<\/p>\n<p>&#13;<br \/>\n<img loading=\"lazy\" decoding=\"async\" class=\"alignnone wp-image-193328 size-large\" src=\"data:image\/svg+xml,%3Csvg%20xmlns=\" http:=\"\" alt=\"\" width=\"770\" height=\"660\" data-lazy- data-lazy- data-lazy-src=\"https:\/\/www.europesays.com\/fr\/wp-content\/uploads\/2025\/12\/capture-decran-2025-12-04-a-22.22.23-770x660.png\"\/><\/p>\n<p>Photo Jared C. Tilton \/ GETTY IMAGES NORTH AMERICA \/ Getty Images via AFP<\/p>\n","protected":false},"excerpt":{"rendered":"Partager cet article Partager la publication \u00ab\u00a0Scheffler s\u2019amuse d\u00e9j\u00e0 aux Bahamas\u00a0\u00bb La saison sur le PGA Tour est&hellip;\n","protected":false},"author":2,"featured_media":578613,"comment_status":"","ping_status":"","sticky":false,"template":"","format":"standard","meta":{"footnotes":""},"categories":[1418],"tags":[1011,27,1472,60],"class_list":{"0":"post-578612","1":"post","2":"type-post","3":"status-publish","4":"format-standard","5":"has-post-thumbnail","7":"category-golf","8":"tag-fr","9":"tag-france","10":"tag-golf","11":"tag-sports"},"share_on_mastodon":{"url":"https:\/\/pubeurope.com\/@fr\/115663952085503728","error":""},"_links":{"self":[{"href":"https:\/\/www.europesays.com\/fr\/wp-json\/wp\/v2\/posts\/578612","targetHints":{"allow":["GET"]}}],"collection":[{"href":"https:\/\/www.europesays.com\/fr\/wp-json\/wp\/v2\/posts"}],"about":[{"href":"https:\/\/www.europesays.com\/fr\/wp-json\/wp\/v2\/types\/post"}],"author":[{"embeddable":true,"href":"https:\/\/www.europesays.com\/fr\/wp-json\/wp\/v2\/users\/2"}],"replies":[{"embeddable":true,"href":"https:\/\/www.europesays.com\/fr\/wp-json\/wp\/v2\/comments?post=578612"}],"version-history":[{"count":0,"href":"https:\/\/www.europesays.com\/fr\/wp-json\/wp\/v2\/posts\/578612\/revisions"}],"wp:featuredmedia":[{"embeddable":true,"href":"https:\/\/www.europesays.com\/fr\/wp-json\/wp\/v2\/media\/578613"}],"wp:attachment":[{"href":"https:\/\/www.europesays.com\/fr\/wp-json\/wp\/v2\/media?parent=578612"}],"wp:term":[{"taxonomy":"category","embeddable":true,"href":"https:\/\/www.europesays.com\/fr\/wp-json\/wp\/v2\/categories?post=578612"},{"taxonomy":"post_tag","embeddable":true,"href":"https:\/\/www.europesays.com\/fr\/wp-json\/wp\/v2\/tags?post=578612"}],"curies":[{"name":"wp","href":"https:\/\/api.w.org\/{rel}","templated":true}]}}