{"id":578620,"date":"2025-12-04T23:49:12","date_gmt":"2025-12-04T23:49:12","guid":{"rendered":"https:\/\/www.europesays.com\/fr\/578620\/"},"modified":"2025-12-04T23:49:12","modified_gmt":"2025-12-04T23:49:12","slug":"cdf-fdj-united-femmes-un-besoin-de-quelque-chose-entre-amateurs-et-pros-actualite","status":"publish","type":"post","link":"https:\/\/www.europesays.com\/fr\/578620\/","title":{"rendered":"CDF FDJ United Femmes : \u00ab Un besoin de quelque chose \u00bb entre amateurs et pros &#8211; Actualit\u00e9"},"content":{"rendered":"<p style=\"text-align: justify;\">\u00c0 l&rsquo;occasion de l&rsquo;assembl\u00e9e g\u00e9n\u00e9rale de la Ligue, les diff\u00e9rents acteurs du cyclisme f\u00e9minin ont pu rappeler l&rsquo;importance de la Coupe de France Femmes FDJ United pour les coureuses. \u00ab\u00a0Elle accompagne la croissance du cyclisme f\u00e9minin, qui se manifeste de diff\u00e9rentes fa\u00e7ons. Merci aux organisateurs qui se battent pour \u00eatre au niveau de cette Coupe de France. Faire b\u00e9n\u00e9ficier aux athl\u00e8tes, aux \u00e9quipes, cette visibilit\u00e9 pour continuer \u00e0 \u00e9voluer au niveau o\u00f9 elles sont et progresser en passant par cette \u00e9tape\u00a0\u00bb, applaudit Michel Callot, pr\u00e9sident de la F\u00e9d\u00e9ration Fran\u00e7aise de Cyclisme qui pilote cette comp\u00e9tition. Ludovic Turpin, directeur sportif de Chamb\u00e9ry Cyclisme Comp\u00e9tition, s&rsquo;est exprim\u00e9 avec les m\u00eames termes. \u00ab\u00a0On est l\u00e0 pour former les futures pros, venir sur la Coupe de France fait partie du programme pour faire \u00e9voluer les amateurs et fournir le cyclisme professionnel. Pour nous, c&rsquo;est indispensable d&rsquo;\u00eatre l\u00e0\u00a0\u00bb.<\/p>\n<p style=\"text-align: justify;\"><strong>\u00ab DANS TOUTES LES \u00c9QUIPES O\u00d9 J&rsquo;AI PU \u00caTRE, ON NOUS DEMANDAIT D&rsquo;\u00caTRE \u00c0 L&rsquo;AVANT \u00bb<\/strong><\/p>\n<p>La Coupe de France Femmes FDJ United ne b\u00e9n\u00e9ficie pas qu&rsquo;aux pros. En fait, elle fait surtout du bien aux coureuses amateurs, qui peuvent se confronter au haut niveau. \u00ab\u00a0La Coupe de France nous permet peut-\u00eatre de pouvoir \u00e9tablir en France un tremplin entre le meilleur niveau amateur et le meilleur niveau professionnel, il y a besoin de quelque chose au milieu et elle est l\u00e0 pour \u00e7a\u00a0\u00bb, reprend Michel Callot. \u00c0 l&rsquo;\u00e9chelon national, il y a ce besoin. \u00ab\u00a0C&rsquo;est un challenge qui est important, avec une possibilit\u00e9 de promotion plus importante du cyclisme f\u00e9minin et un peu plus de facilit\u00e9s pour nos organisateurs \u00e0 pouvoir progresser dans leur m\u00e9diatisation. Il y a un exemple important cette ann\u00e9e, avec la progression de la Pointe du Raz en ProSeries\u00a0\u00bb.<\/p>\n<p>Yves Thomas, organisateur de cette derni\u00e8re, avait du beau monde sur son \u00e9preuve cette ann\u00e9e.\u00a0<a class=\"rider-link mention\" href=\"https:\/\/www.directvelo.com\/coureur\/60618\/paula-blasi-cairol\" rel=\"external noopener\" data-rider=\"60618\" target=\"_blank\">Paula Blasi<\/a>\u00a0s&rsquo;est impos\u00e9e, alors que\u00a0<a class=\"rider-link mention\" href=\"https:\/\/www.directvelo.com\/coureur\/36873\/celia-gery\" rel=\"external noopener\" data-rider=\"36873\" target=\"_blank\">C\u00e9lia Gery<\/a>\u00a0est all\u00e9e d\u00e9crocher une 4e place. \u00ab\u00a0Le niveau a augment\u00e9 sur les manches de Coupe de France, c&rsquo;est un r\u00e9v\u00e9lateur de talents. Paula Blasi est devenue Championne d&rsquo;Europe, C\u00e9lia Gery est Championne du Monde&#8230;\u00a0\u00bb.\u00a0<a class=\"rider-link mention\" href=\"https:\/\/www.directvelo.com\/coureur\/18414\/sophie-almeida\" rel=\"external noopener\" data-rider=\"18414\" target=\"_blank\">Sophie Almeida<\/a>\u00a0fait partie des coureuses amateurs qui peuvent se confronter \u00e0 ce niveau international. \u00ab\u00a0Pour la plupart des \u00e9quipes, surtout en amateur, \u00e7a reste important. Pour marquer des points et montrer le maillot sur les courses fran\u00e7aises. C&rsquo;est important pour les sponsors aussi. Dans toutes les \u00e9quipes o\u00f9 j&rsquo;ai pu \u00eatre, on nous demandait d&rsquo;\u00eatre \u00e0 l&rsquo;avant et montrer le maillot. Pour beaucoup, le but est aussi de se d\u00e9marquer pour passer chez les pros. On montre qu&rsquo;on est l\u00e0 et qu&rsquo;on a le niveau en amateur\u00a0\u00bb.<\/p>\n<p><strong>\u00ab IL FAUT \u00caTRE LOGIQUE \u00bb<\/strong><\/p>\n<p>La future soci\u00e9taire du Team Abadie-Magnan pense aux sponsors. \u00ab\u00a0Ils regardent \u00e7a aussi. Ils mettent de l&rsquo;argent, donc quand tu vas leur dire que telle fille de l&rsquo;\u00e9quipe a fait telle place avec les pros qui font le Tour, \u00e7a a un impact. \u00c7a motive aussi pour les amatrices de se dire qu&rsquo;on n&rsquo;est peut-\u00eatre pas pay\u00e9es, mais qu&rsquo;on peut faire mal \u00e0 certaines, et qu&rsquo;on n&rsquo;est pas des nulles\u00a0\u00bb, sourit-elle. Cette ann\u00e9e, <strong><a href=\"https:\/\/www.directvelo.com\/actualite\/124854\/coupe-de-france-femmes-pro-le-calendrier-2026\" target=\"_blank\" rel=\"noopener\">sept manches seront au programme<\/a><\/strong>, et il n&rsquo;en fallait pas plus. \u00ab\u00a0\u00c7a me para\u00eet raisonnable pour le moment par rapport \u00e0 l&rsquo;activit\u00e9 du cyclisme f\u00e9minin, on le voit quand on parle avec des organisateurs. Il y a parfois encore des difficult\u00e9s \u00e0 r\u00e9unir son plateau, \u00e0 pouvoir avoir un peloton suffisant. On sait que les effectifs des \u00e9quipes f\u00e9minines sont quand m\u00eame moins garnis que les effectifs masculins, donc sept rendez-vous, ce n&rsquo;est d\u00e9j\u00e0 pas si mal que \u00e7a\u00a0\u00bb, d\u00e9taille Michel Callot.<\/p>\n<p>Le pr\u00e9sident de la FFC fait une analogie avec la Coupe de France FDJ United chez les hommes. \u00ab\u00a0Il faut \u00eatre logique, le WorldTour incarne le plus haut niveau international, les \u00e9quipes qui ont ce label, leur place est d&rsquo;abord sur ce calendrier WorldTour, c&rsquo;est \u00e9vident. C&rsquo;est l\u00e0 que se joue le plus haut niveau de notre sport, c&rsquo;est vraiment la vitrine la plus \u00e9lev\u00e9e. Et ensuite, effectivement, quand il y a la possibilit\u00e9 par rapport \u00e0 des temps o\u00f9 il faut soulager un petit peu les athl\u00e8tes, des temps de reprise, les calendriers ProSeries et Classe 1 peuvent venir jouer leur r\u00f4le. Mais il faut vraiment respecter cette id\u00e9e que pour nos coureurs qui sont dans des \u00e9quipes WorldTour, notre attente est de les voir briller au plus haut niveau dans les plus grandes comp\u00e9titions internationales\u00a0\u00bb. Ce qui n&#8217;emp\u00eachera pas le challenge de r\u00e9gularit\u00e9 d&rsquo;avoir de belles vainqueures en 2026.<\/p>\n","protected":false},"excerpt":{"rendered":"\u00c0 l&rsquo;occasion de l&rsquo;assembl\u00e9e g\u00e9n\u00e9rale de la Ligue, les diff\u00e9rents acteurs du cyclisme f\u00e9minin ont pu rappeler l&rsquo;importance&hellip;\n","protected":false},"author":2,"featured_media":578621,"comment_status":"","ping_status":"","sticky":false,"template":"","format":"standard","meta":{"footnotes":""},"categories":[1411],"tags":[834,828,836,829,837,827,83,826,824,823,1154,207,814,817,815,816,822,821,832,211,839,1011,27,820,818,819,835,831,830,833,838,60,212,208,825],"class_list":{"0":"post-578620","1":"post","2":"type-post","3":"status-publish","4":"format-standard","5":"has-post-thumbnail","7":"category-cyclisme","8":"tag-attaque","9":"tag-belgique","10":"tag-braquet","11":"tag-bretagne","12":"tag-chute","13":"tag-competition","14":"tag-coupe-de-france","15":"tag-coureur","16":"tag-course-cyclisme","17":"tag-course-cycliste","18":"tag-cycling","19":"tag-cyclisme","20":"tag-direct","21":"tag-direct-velo","22":"tag-directvelo","23":"tag-directvelo-com","24":"tag-epreuve","25":"tag-epreuve-cycliste","26":"tag-federation-francaise-de-cyclisme","27":"tag-ffc","28":"tag-flandres","29":"tag-fr","30":"tag-france","31":"tag-live","32":"tag-live-course","33":"tag-live-epreuve","34":"tag-peloton","35":"tag-radio-peloton","36":"tag-radio-tour","37":"tag-ravitaillement","38":"tag-relance","39":"tag-sports","40":"tag-uci","41":"tag-velo","42":"tag-velos"},"share_on_mastodon":{"url":"https:\/\/pubeurope.com\/@fr\/115663979455467430","error":""},"_links":{"self":[{"href":"https:\/\/www.europesays.com\/fr\/wp-json\/wp\/v2\/posts\/578620","targetHints":{"allow":["GET"]}}],"collection":[{"href":"https:\/\/www.europesays.com\/fr\/wp-json\/wp\/v2\/posts"}],"about":[{"href":"https:\/\/www.europesays.com\/fr\/wp-json\/wp\/v2\/types\/post"}],"author":[{"embeddable":true,"href":"https:\/\/www.europesays.com\/fr\/wp-json\/wp\/v2\/users\/2"}],"replies":[{"embeddable":true,"href":"https:\/\/www.europesays.com\/fr\/wp-json\/wp\/v2\/comments?post=578620"}],"version-history":[{"count":0,"href":"https:\/\/www.europesays.com\/fr\/wp-json\/wp\/v2\/posts\/578620\/revisions"}],"wp:featuredmedia":[{"embeddable":true,"href":"https:\/\/www.europesays.com\/fr\/wp-json\/wp\/v2\/media\/578621"}],"wp:attachment":[{"href":"https:\/\/www.europesays.com\/fr\/wp-json\/wp\/v2\/media?parent=578620"}],"wp:term":[{"taxonomy":"category","embeddable":true,"href":"https:\/\/www.europesays.com\/fr\/wp-json\/wp\/v2\/categories?post=578620"},{"taxonomy":"post_tag","embeddable":true,"href":"https:\/\/www.europesays.com\/fr\/wp-json\/wp\/v2\/tags?post=578620"}],"curies":[{"name":"wp","href":"https:\/\/api.w.org\/{rel}","templated":true}]}}